{"id":14690,"date":"2020-10-13T00:00:00","date_gmt":"2020-10-12T22:00:00","guid":{"rendered":"https:\/\/junts.enproceso.es\/girona-acoge-un-curso-basico-de-voluntariado-de-oncologia-de-la-fecec\/"},"modified":"2023-06-12T11:51:59","modified_gmt":"2023-06-12T09:51:59","slug":"girona-acoge-un-curso-basico-de-voluntariado-de-oncologia-de-la-fecec","status":"publish","type":"post","link":"https:\/\/juntscontraelcancer.cat\/es\/girona-acoge-un-curso-basico-de-voluntariado-de-oncologia-de-la-fecec\/","title":{"rendered":"Girona acoge un curso b\u00e1sico de voluntariado de oncolog\u00eda de la FECEC"},"content":{"rendered":"<p>La\u00a0<strong>FECEC organizar\u00e1 el pr\u00f3ximo 23 y 24 de octubre\u00a0<\/strong>en horario de ma\u00f1ana un\u00a0<strong>curso b\u00e1sico de voluntariado de oncolog\u00eda en Girona<\/strong>, en el\u00a0que\u00a0se transmitir\u00e1 a los asistentes tanto los conocimientos necesarios como herramientas \u00fatiles para ejercer su colaboraci\u00f3n con enfermos de c\u00e1ncer.<\/p>\n<p>El curso, que durar\u00e1 doce horas, constar\u00e1 de tres bloques. En el primero, que se titula \u2018El c\u00e0ncer, i el malalt de c\u00e0ncer\u2019, la psicoonc\u00f3loga<strong> Sonia Fuentes<\/strong>\u00a0hablar\u00e1 sobre c\u00f3mo vivir con la patolog\u00eda y el doctor\u00a0<strong>Jordi Rubi\u00f3<\/strong>\u00a0tratar\u00e1 las caracter\u00edsticas de la\u00a0enfermedad oncol\u00f3gica.<\/p>\n<p><a href=\"https:\/\/juntscontraelcancer.cat\/wp-content\/uploads\/2023\/04\/Screenshot-2020-10-13-at-11.07.37.png\"><img loading=\"lazy\" decoding=\"async\" class=\"alignnone size-full wp-image-35634\" src=\"https:\/\/juntscontraelcancer.cat\/wp-content\/uploads\/2023\/04\/Screenshot-2020-10-13-at-11.07.37.png\" alt=\"Screenshot 2020-10-13 at 11.07.37\" width=\"1322\" height=\"934\" \/><\/a><\/p>\n<p>En el segundo bloque, el psic\u00f3logo\u00a0<strong>Alexandre Maset<\/strong>\u00a0explicar\u00e1 les\u00a0tareas del voluntario en el mundo de la oncolog\u00eda, c\u00f3mo tiene que hacer el acompa\u00f1amiento del enfermo, as\u00ed como preservar la calidad de la acci\u00f3n voluntaria.<\/p>\n<p>En el \u00faltimo bloque, la infermera\u00a0<strong>N\u00faria Cars\u00ed<\/strong>\u00a0abordar\u00e1 la relaci\u00f3n interpersonal. Esto lo har\u00e0 a trav\u00e9s de tres \u00edtems: el impacto emocional y cuidados del voluntario, la gesti\u00f3n de las emociones en acompa\u00f1amientos a enfermos de larga duraci\u00f3n y las herramientas para los voluntarios que act\u00faan con personas en fase terminal.<\/p>\n<p>Cabe destacar que el curso, organizado por la FECEC juntamente con la Federaci\u00f3n Catalana de Voluntariado Social (FCVS), est\u00e1 reconocido por el Pla de Formaci\u00f3 del Voluntariat de Catalunya. Este ser\u00e1 presencial i para obtener el t\u00edtulo se requerir\u00e1 una asistencia m\u00ednima del 80% de las horas.<\/p>\n<p>Les persones interesades pueden hacer la inscripci\u00f3n online en\u00a0este<a href=\"https:\/\/docs.google.com\/forms\/d\/e\/1FAIpQLScJB4wEfjOdSIPCwHXca_opXyiro0fcJHKNxRoxmnLCW9hiwQ\/viewform\">\u00a0link<\/a>\u00a0antes del 16 de octubre y las plazas ser\u00e1n limitadas. Para m\u00e1s informaci\u00f3n tambi\u00e9n pueden\u00a0escrbir a formaci\u00f3@voluntariat.cat o federacio@juntscontraelcancer.cat<\/p>\n<p><a href=\"https:\/\/www.juntscontraelcancer.cat\/wp-content\/uploads\/2020\/10\/Programa-Vol-Oncologic-Girona-Octubre-2020-1.pdf\">Aqu\u00ed puedes descargarte el programa.\u00a0<\/a><\/p>\n","protected":false},"excerpt":{"rendered":"<p>La\u00a0FECEC organizar\u00e1 el pr\u00f3ximo 23 y 24 de octubre\u00a0en horario de ma\u00f1ana un\u00a0curso b\u00e1sico de voluntariado de oncolog\u00eda en Girona, en el\u00a0que\u00a0se transmitir\u00e1 a los asistentes tanto los conocimientos necesarios como herramientas \u00fatiles para ejercer su colaboraci\u00f3n con enfermos de c\u00e1ncer. El curso, que durar\u00e1 doce horas, constar\u00e1 de tres bloques. En el primero, que [&#8230;]\n","protected":false},"author":1,"featured_media":14692,"comment_status":"closed","ping_status":"open","sticky":false,"template":"","format":"standard","meta":{"_acf_changed":false,"inline_featured_image":false,"footnotes":""},"categories":[84,3,86,68],"tags":[],"class_list":["post-14690","post","type-post","status-publish","format-standard","has-post-thumbnail","hentry","category-actualidad","category-actualitat","category-destacadas","category-destaquem"],"acf":[],"yoast_head":"<!-- This site is optimized with the Yoast SEO plugin v27.3 - https:\/\/yoast.com\/product\/yoast-seo-wordpress\/ -->\n<title>Girona acoge un curso b\u00e1sico de voluntariado de oncolog\u00eda de la FECEC - Junts contra el c\u00e0ncer - FECEC<\/title>\n<meta name=\"robots\" content=\"index, follow, max-snippet:-1, max-image-preview:large, max-video-preview:-1\" \/>\n<link rel=\"canonical\" href=\"https:\/\/juntscontraelcancer.cat\/es\/girona-acoge-un-curso-basico-de-voluntariado-de-oncologia-de-la-fecec\/\" \/>\n<meta property=\"og:locale\" content=\"es_ES\" \/>\n<meta property=\"og:type\" content=\"article\" \/>\n<meta property=\"og:title\" content=\"Girona acoge un curso b\u00e1sico de voluntariado de oncolog\u00eda de la FECEC - Junts contra el c\u00e0ncer - FECEC\" \/>\n<meta property=\"og:description\" content=\"La\u00a0FECEC organizar\u00e1 el pr\u00f3ximo 23 y 24 de octubre\u00a0en horario de ma\u00f1ana un\u00a0curso b\u00e1sico de voluntariado de oncolog\u00eda en Girona, en el\u00a0que\u00a0se transmitir\u00e1 a los asistentes tanto los conocimientos necesarios como herramientas \u00fatiles para ejercer su colaboraci\u00f3n con enfermos de c\u00e1ncer. El curso, que durar\u00e1 doce horas, constar\u00e1 de tres bloques. En el primero, que [...]\" \/>\n<meta property=\"og:url\" content=\"https:\/\/juntscontraelcancer.cat\/es\/girona-acoge-un-curso-basico-de-voluntariado-de-oncologia-de-la-fecec\/\" \/>\n<meta property=\"og:site_name\" content=\"Junts contra el c\u00e0ncer - FECEC\" \/>\n<meta property=\"article:publisher\" content=\"https:\/\/www.facebook.com\/fecec.federacio\/\" \/>\n<meta property=\"article:published_time\" content=\"2020-10-12T22:00:00+00:00\" \/>\n<meta property=\"article:modified_time\" content=\"2023-06-12T09:51:59+00:00\" \/>\n<meta property=\"og:image\" content=\"https:\/\/juntscontraelcancer.cat\/wp-content\/uploads\/2023\/04\/foto-voluntariat-1.jpg\" \/>\n\t<meta property=\"og:image:width\" content=\"1200\" \/>\n\t<meta property=\"og:image:height\" content=\"675\" \/>\n\t<meta property=\"og:image:type\" content=\"image\/jpeg\" \/>\n<meta name=\"author\" content=\"Pukkas\" \/>\n<meta name=\"twitter:card\" content=\"summary_large_image\" \/>\n<meta name=\"twitter:creator\" content=\"@FececFederacio\" \/>\n<meta name=\"twitter:site\" content=\"@FececFederacio\" \/>\n<meta name=\"twitter:label1\" content=\"Escrito por\" \/>\n\t<meta name=\"twitter:data1\" content=\"Pukkas\" \/>\n\t<meta name=\"twitter:label2\" content=\"Tiempo de lectura\" \/>\n\t<meta name=\"twitter:data2\" content=\"1 minuto\" \/>\n<script type=\"application\/ld+json\" class=\"yoast-schema-graph\">{\"@context\":\"https:\\\/\\\/schema.org\",\"@graph\":[{\"@type\":\"Article\",\"@id\":\"https:\\\/\\\/juntscontraelcancer.cat\\\/es\\\/girona-acoge-un-curso-basico-de-voluntariado-de-oncologia-de-la-fecec\\\/#article\",\"isPartOf\":{\"@id\":\"https:\\\/\\\/juntscontraelcancer.cat\\\/es\\\/girona-acoge-un-curso-basico-de-voluntariado-de-oncologia-de-la-fecec\\\/\"},\"author\":{\"name\":\"Pukkas\",\"@id\":\"https:\\\/\\\/juntscontraelcancer.cat\\\/es\\\/#\\\/schema\\\/person\\\/14c85cb9b3aeddea8f9087bea375813f\"},\"headline\":\"Girona acoge un curso b\u00e1sico de voluntariado de oncolog\u00eda de la FECEC\",\"datePublished\":\"2020-10-12T22:00:00+00:00\",\"dateModified\":\"2023-06-12T09:51:59+00:00\",\"mainEntityOfPage\":{\"@id\":\"https:\\\/\\\/juntscontraelcancer.cat\\\/es\\\/girona-acoge-un-curso-basico-de-voluntariado-de-oncologia-de-la-fecec\\\/\"},\"wordCount\":310,\"publisher\":{\"@id\":\"https:\\\/\\\/juntscontraelcancer.cat\\\/es\\\/#organization\"},\"image\":{\"@id\":\"https:\\\/\\\/juntscontraelcancer.cat\\\/es\\\/girona-acoge-un-curso-basico-de-voluntariado-de-oncologia-de-la-fecec\\\/#primaryimage\"},\"thumbnailUrl\":\"https:\\\/\\\/juntscontraelcancer.cat\\\/wp-content\\\/uploads\\\/2023\\\/04\\\/foto-voluntariat-1.jpg\",\"articleSection\":[\"Actualidad\",\"Actualitat\",\"Destacadas\",\"Destacats\"],\"inLanguage\":\"es\"},{\"@type\":\"WebPage\",\"@id\":\"https:\\\/\\\/juntscontraelcancer.cat\\\/es\\\/girona-acoge-un-curso-basico-de-voluntariado-de-oncologia-de-la-fecec\\\/\",\"url\":\"https:\\\/\\\/juntscontraelcancer.cat\\\/es\\\/girona-acoge-un-curso-basico-de-voluntariado-de-oncologia-de-la-fecec\\\/\",\"name\":\"Girona acoge un curso b\u00e1sico de voluntariado de oncolog\u00eda de la FECEC - Junts contra el c\u00e0ncer - FECEC\",\"isPartOf\":{\"@id\":\"https:\\\/\\\/juntscontraelcancer.cat\\\/es\\\/#website\"},\"primaryImageOfPage\":{\"@id\":\"https:\\\/\\\/juntscontraelcancer.cat\\\/es\\\/girona-acoge-un-curso-basico-de-voluntariado-de-oncologia-de-la-fecec\\\/#primaryimage\"},\"image\":{\"@id\":\"https:\\\/\\\/juntscontraelcancer.cat\\\/es\\\/girona-acoge-un-curso-basico-de-voluntariado-de-oncologia-de-la-fecec\\\/#primaryimage\"},\"thumbnailUrl\":\"https:\\\/\\\/juntscontraelcancer.cat\\\/wp-content\\\/uploads\\\/2023\\\/04\\\/foto-voluntariat-1.jpg\",\"datePublished\":\"2020-10-12T22:00:00+00:00\",\"dateModified\":\"2023-06-12T09:51:59+00:00\",\"breadcrumb\":{\"@id\":\"https:\\\/\\\/juntscontraelcancer.cat\\\/es\\\/girona-acoge-un-curso-basico-de-voluntariado-de-oncologia-de-la-fecec\\\/#breadcrumb\"},\"inLanguage\":\"es\",\"potentialAction\":[{\"@type\":\"ReadAction\",\"target\":[\"https:\\\/\\\/juntscontraelcancer.cat\\\/es\\\/girona-acoge-un-curso-basico-de-voluntariado-de-oncologia-de-la-fecec\\\/\"]}]},{\"@type\":\"ImageObject\",\"inLanguage\":\"es\",\"@id\":\"https:\\\/\\\/juntscontraelcancer.cat\\\/es\\\/girona-acoge-un-curso-basico-de-voluntariado-de-oncologia-de-la-fecec\\\/#primaryimage\",\"url\":\"https:\\\/\\\/juntscontraelcancer.cat\\\/wp-content\\\/uploads\\\/2023\\\/04\\\/foto-voluntariat-1.jpg\",\"contentUrl\":\"https:\\\/\\\/juntscontraelcancer.cat\\\/wp-content\\\/uploads\\\/2023\\\/04\\\/foto-voluntariat-1.jpg\",\"width\":1200,\"height\":675},{\"@type\":\"BreadcrumbList\",\"@id\":\"https:\\\/\\\/juntscontraelcancer.cat\\\/es\\\/girona-acoge-un-curso-basico-de-voluntariado-de-oncologia-de-la-fecec\\\/#breadcrumb\",\"itemListElement\":[{\"@type\":\"ListItem\",\"position\":1,\"name\":\"Inicio\",\"item\":\"https:\\\/\\\/juntscontraelcancer.cat\\\/es\\\/\"},{\"@type\":\"ListItem\",\"position\":2,\"name\":\"Girona acoge un curso b\u00e1sico de voluntariado de oncolog\u00eda de la FECEC\"}]},{\"@type\":\"WebSite\",\"@id\":\"https:\\\/\\\/juntscontraelcancer.cat\\\/es\\\/#website\",\"url\":\"https:\\\/\\\/juntscontraelcancer.cat\\\/es\\\/\",\"name\":\"Junts contra el c\u00e0ncer - FECEC\",\"description\":\"\",\"publisher\":{\"@id\":\"https:\\\/\\\/juntscontraelcancer.cat\\\/es\\\/#organization\"},\"potentialAction\":[{\"@type\":\"SearchAction\",\"target\":{\"@type\":\"EntryPoint\",\"urlTemplate\":\"https:\\\/\\\/juntscontraelcancer.cat\\\/es\\\/?s={search_term_string}\"},\"query-input\":{\"@type\":\"PropertyValueSpecification\",\"valueRequired\":true,\"valueName\":\"search_term_string\"}}],\"inLanguage\":\"es\"},{\"@type\":\"Organization\",\"@id\":\"https:\\\/\\\/juntscontraelcancer.cat\\\/es\\\/#organization\",\"name\":\"Junts contra el c\u00e0ncer - FECEC\",\"url\":\"https:\\\/\\\/juntscontraelcancer.cat\\\/es\\\/\",\"logo\":{\"@type\":\"ImageObject\",\"inLanguage\":\"es\",\"@id\":\"https:\\\/\\\/juntscontraelcancer.cat\\\/es\\\/#\\\/schema\\\/logo\\\/image\\\/\",\"url\":\"https:\\\/\\\/juntscontraelcancer.cat\\\/wp-content\\\/uploads\\\/2023\\\/01\\\/logo-fecec-header.png\",\"contentUrl\":\"https:\\\/\\\/juntscontraelcancer.cat\\\/wp-content\\\/uploads\\\/2023\\\/01\\\/logo-fecec-header.png\",\"width\":126,\"height\":74,\"caption\":\"Junts contra el c\u00e0ncer - FECEC\"},\"image\":{\"@id\":\"https:\\\/\\\/juntscontraelcancer.cat\\\/es\\\/#\\\/schema\\\/logo\\\/image\\\/\"},\"sameAs\":[\"https:\\\/\\\/www.facebook.com\\\/fecec.federacio\\\/\",\"https:\\\/\\\/x.com\\\/FececFederacio\",\"https:\\\/\\\/www.instagram.com\\\/fececfederacio\\\/?hl=es\",\"https:\\\/\\\/www.youtube.com\\\/channel\\\/UCgAC_6c6hmHwMQhSCQyYBdA\"]},{\"@type\":\"Person\",\"@id\":\"https:\\\/\\\/juntscontraelcancer.cat\\\/es\\\/#\\\/schema\\\/person\\\/14c85cb9b3aeddea8f9087bea375813f\",\"name\":\"Pukkas\",\"image\":{\"@type\":\"ImageObject\",\"inLanguage\":\"es\",\"@id\":\"https:\\\/\\\/secure.gravatar.com\\\/avatar\\\/7433209641beafe57dbfd32b83f1c28fb7da2f23c98b47d02c7623ce350a0e9f?s=96&d=mm&r=g\",\"url\":\"https:\\\/\\\/secure.gravatar.com\\\/avatar\\\/7433209641beafe57dbfd32b83f1c28fb7da2f23c98b47d02c7623ce350a0e9f?s=96&d=mm&r=g\",\"contentUrl\":\"https:\\\/\\\/secure.gravatar.com\\\/avatar\\\/7433209641beafe57dbfd32b83f1c28fb7da2f23c98b47d02c7623ce350a0e9f?s=96&d=mm&r=g\",\"caption\":\"Pukkas\"},\"sameAs\":[\"https:\\\/\\\/juntscontraelcancer.cat\"]}]}<\/script>\n<!-- \/ Yoast SEO plugin. -->","yoast_head_json":{"title":"Girona acoge un curso b\u00e1sico de voluntariado de oncolog\u00eda de la FECEC - Junts contra el c\u00e0ncer - FECEC","robots":{"index":"index","follow":"follow","max-snippet":"max-snippet:-1","max-image-preview":"max-image-preview:large","max-video-preview":"max-video-preview:-1"},"canonical":"https:\/\/juntscontraelcancer.cat\/es\/girona-acoge-un-curso-basico-de-voluntariado-de-oncologia-de-la-fecec\/","og_locale":"es_ES","og_type":"article","og_title":"Girona acoge un curso b\u00e1sico de voluntariado de oncolog\u00eda de la FECEC - Junts contra el c\u00e0ncer - FECEC","og_description":"La\u00a0FECEC organizar\u00e1 el pr\u00f3ximo 23 y 24 de octubre\u00a0en horario de ma\u00f1ana un\u00a0curso b\u00e1sico de voluntariado de oncolog\u00eda en Girona, en el\u00a0que\u00a0se transmitir\u00e1 a los asistentes tanto los conocimientos necesarios como herramientas \u00fatiles para ejercer su colaboraci\u00f3n con enfermos de c\u00e1ncer. El curso, que durar\u00e1 doce horas, constar\u00e1 de tres bloques. En el primero, que [...]","og_url":"https:\/\/juntscontraelcancer.cat\/es\/girona-acoge-un-curso-basico-de-voluntariado-de-oncologia-de-la-fecec\/","og_site_name":"Junts contra el c\u00e0ncer - FECEC","article_publisher":"https:\/\/www.facebook.com\/fecec.federacio\/","article_published_time":"2020-10-12T22:00:00+00:00","article_modified_time":"2023-06-12T09:51:59+00:00","og_image":[{"width":1200,"height":675,"url":"https:\/\/juntscontraelcancer.cat\/wp-content\/uploads\/2023\/04\/foto-voluntariat-1.jpg","type":"image\/jpeg"}],"author":"Pukkas","twitter_card":"summary_large_image","twitter_creator":"@FececFederacio","twitter_site":"@FececFederacio","twitter_misc":{"Escrito por":"Pukkas","Tiempo de lectura":"1 minuto"},"schema":{"@context":"https:\/\/schema.org","@graph":[{"@type":"Article","@id":"https:\/\/juntscontraelcancer.cat\/es\/girona-acoge-un-curso-basico-de-voluntariado-de-oncologia-de-la-fecec\/#article","isPartOf":{"@id":"https:\/\/juntscontraelcancer.cat\/es\/girona-acoge-un-curso-basico-de-voluntariado-de-oncologia-de-la-fecec\/"},"author":{"name":"Pukkas","@id":"https:\/\/juntscontraelcancer.cat\/es\/#\/schema\/person\/14c85cb9b3aeddea8f9087bea375813f"},"headline":"Girona acoge un curso b\u00e1sico de voluntariado de oncolog\u00eda de la FECEC","datePublished":"2020-10-12T22:00:00+00:00","dateModified":"2023-06-12T09:51:59+00:00","mainEntityOfPage":{"@id":"https:\/\/juntscontraelcancer.cat\/es\/girona-acoge-un-curso-basico-de-voluntariado-de-oncologia-de-la-fecec\/"},"wordCount":310,"publisher":{"@id":"https:\/\/juntscontraelcancer.cat\/es\/#organization"},"image":{"@id":"https:\/\/juntscontraelcancer.cat\/es\/girona-acoge-un-curso-basico-de-voluntariado-de-oncologia-de-la-fecec\/#primaryimage"},"thumbnailUrl":"https:\/\/juntscontraelcancer.cat\/wp-content\/uploads\/2023\/04\/foto-voluntariat-1.jpg","articleSection":["Actualidad","Actualitat","Destacadas","Destacats"],"inLanguage":"es"},{"@type":"WebPage","@id":"https:\/\/juntscontraelcancer.cat\/es\/girona-acoge-un-curso-basico-de-voluntariado-de-oncologia-de-la-fecec\/","url":"https:\/\/juntscontraelcancer.cat\/es\/girona-acoge-un-curso-basico-de-voluntariado-de-oncologia-de-la-fecec\/","name":"Girona acoge un curso b\u00e1sico de voluntariado de oncolog\u00eda de la FECEC - Junts contra el c\u00e0ncer - FECEC","isPartOf":{"@id":"https:\/\/juntscontraelcancer.cat\/es\/#website"},"primaryImageOfPage":{"@id":"https:\/\/juntscontraelcancer.cat\/es\/girona-acoge-un-curso-basico-de-voluntariado-de-oncologia-de-la-fecec\/#primaryimage"},"image":{"@id":"https:\/\/juntscontraelcancer.cat\/es\/girona-acoge-un-curso-basico-de-voluntariado-de-oncologia-de-la-fecec\/#primaryimage"},"thumbnailUrl":"https:\/\/juntscontraelcancer.cat\/wp-content\/uploads\/2023\/04\/foto-voluntariat-1.jpg","datePublished":"2020-10-12T22:00:00+00:00","dateModified":"2023-06-12T09:51:59+00:00","breadcrumb":{"@id":"https:\/\/juntscontraelcancer.cat\/es\/girona-acoge-un-curso-basico-de-voluntariado-de-oncologia-de-la-fecec\/#breadcrumb"},"inLanguage":"es","potentialAction":[{"@type":"ReadAction","target":["https:\/\/juntscontraelcancer.cat\/es\/girona-acoge-un-curso-basico-de-voluntariado-de-oncologia-de-la-fecec\/"]}]},{"@type":"ImageObject","inLanguage":"es","@id":"https:\/\/juntscontraelcancer.cat\/es\/girona-acoge-un-curso-basico-de-voluntariado-de-oncologia-de-la-fecec\/#primaryimage","url":"https:\/\/juntscontraelcancer.cat\/wp-content\/uploads\/2023\/04\/foto-voluntariat-1.jpg","contentUrl":"https:\/\/juntscontraelcancer.cat\/wp-content\/uploads\/2023\/04\/foto-voluntariat-1.jpg","width":1200,"height":675},{"@type":"BreadcrumbList","@id":"https:\/\/juntscontraelcancer.cat\/es\/girona-acoge-un-curso-basico-de-voluntariado-de-oncologia-de-la-fecec\/#breadcrumb","itemListElement":[{"@type":"ListItem","position":1,"name":"Inicio","item":"https:\/\/juntscontraelcancer.cat\/es\/"},{"@type":"ListItem","position":2,"name":"Girona acoge un curso b\u00e1sico de voluntariado de oncolog\u00eda de la FECEC"}]},{"@type":"WebSite","@id":"https:\/\/juntscontraelcancer.cat\/es\/#website","url":"https:\/\/juntscontraelcancer.cat\/es\/","name":"Junts contra el c\u00e0ncer - FECEC","description":"","publisher":{"@id":"https:\/\/juntscontraelcancer.cat\/es\/#organization"},"potentialAction":[{"@type":"SearchAction","target":{"@type":"EntryPoint","urlTemplate":"https:\/\/juntscontraelcancer.cat\/es\/?s={search_term_string}"},"query-input":{"@type":"PropertyValueSpecification","valueRequired":true,"valueName":"search_term_string"}}],"inLanguage":"es"},{"@type":"Organization","@id":"https:\/\/juntscontraelcancer.cat\/es\/#organization","name":"Junts contra el c\u00e0ncer - FECEC","url":"https:\/\/juntscontraelcancer.cat\/es\/","logo":{"@type":"ImageObject","inLanguage":"es","@id":"https:\/\/juntscontraelcancer.cat\/es\/#\/schema\/logo\/image\/","url":"https:\/\/juntscontraelcancer.cat\/wp-content\/uploads\/2023\/01\/logo-fecec-header.png","contentUrl":"https:\/\/juntscontraelcancer.cat\/wp-content\/uploads\/2023\/01\/logo-fecec-header.png","width":126,"height":74,"caption":"Junts contra el c\u00e0ncer - FECEC"},"image":{"@id":"https:\/\/juntscontraelcancer.cat\/es\/#\/schema\/logo\/image\/"},"sameAs":["https:\/\/www.facebook.com\/fecec.federacio\/","https:\/\/x.com\/FececFederacio","https:\/\/www.instagram.com\/fececfederacio\/?hl=es","https:\/\/www.youtube.com\/channel\/UCgAC_6c6hmHwMQhSCQyYBdA"]},{"@type":"Person","@id":"https:\/\/juntscontraelcancer.cat\/es\/#\/schema\/person\/14c85cb9b3aeddea8f9087bea375813f","name":"Pukkas","image":{"@type":"ImageObject","inLanguage":"es","@id":"https:\/\/secure.gravatar.com\/avatar\/7433209641beafe57dbfd32b83f1c28fb7da2f23c98b47d02c7623ce350a0e9f?s=96&d=mm&r=g","url":"https:\/\/secure.gravatar.com\/avatar\/7433209641beafe57dbfd32b83f1c28fb7da2f23c98b47d02c7623ce350a0e9f?s=96&d=mm&r=g","contentUrl":"https:\/\/secure.gravatar.com\/avatar\/7433209641beafe57dbfd32b83f1c28fb7da2f23c98b47d02c7623ce350a0e9f?s=96&d=mm&r=g","caption":"Pukkas"},"sameAs":["https:\/\/juntscontraelcancer.cat"]}]}},"_links":{"self":[{"href":"https:\/\/juntscontraelcancer.cat\/es\/wp-json\/wp\/v2\/posts\/14690","targetHints":{"allow":["GET"]}}],"collection":[{"href":"https:\/\/juntscontraelcancer.cat\/es\/wp-json\/wp\/v2\/posts"}],"about":[{"href":"https:\/\/juntscontraelcancer.cat\/es\/wp-json\/wp\/v2\/types\/post"}],"author":[{"embeddable":true,"href":"https:\/\/juntscontraelcancer.cat\/es\/wp-json\/wp\/v2\/users\/1"}],"replies":[{"embeddable":true,"href":"https:\/\/juntscontraelcancer.cat\/es\/wp-json\/wp\/v2\/comments?post=14690"}],"version-history":[{"count":1,"href":"https:\/\/juntscontraelcancer.cat\/es\/wp-json\/wp\/v2\/posts\/14690\/revisions"}],"predecessor-version":[{"id":14691,"href":"https:\/\/juntscontraelcancer.cat\/es\/wp-json\/wp\/v2\/posts\/14690\/revisions\/14691"}],"wp:featuredmedia":[{"embeddable":true,"href":"https:\/\/juntscontraelcancer.cat\/es\/wp-json\/wp\/v2\/media\/14692"}],"wp:attachment":[{"href":"https:\/\/juntscontraelcancer.cat\/es\/wp-json\/wp\/v2\/media?parent=14690"}],"wp:term":[{"taxonomy":"category","embeddable":true,"href":"https:\/\/juntscontraelcancer.cat\/es\/wp-json\/wp\/v2\/categories?post=14690"},{"taxonomy":"post_tag","embeddable":true,"href":"https:\/\/juntscontraelcancer.cat\/es\/wp-json\/wp\/v2\/tags?post=14690"}],"curies":[{"name":"wp","href":"https:\/\/api.w.org\/{rel}","templated":true}]}}