{"id":14687,"date":"2020-10-08T00:00:00","date_gmt":"2020-10-07T22:00:00","guid":{"rendered":"https:\/\/junts.enproceso.es\/unos-1-000-ninos-y-ninas-de-p5-se-benefician-de-la-actividad-el-hort-den-marcal\/"},"modified":"2023-06-12T11:52:00","modified_gmt":"2023-06-12T09:52:00","slug":"unos-1-000-ninos-y-ninas-de-p5-se-benefician-de-la-actividad-el-hort-den-marcal","status":"publish","type":"post","link":"https:\/\/juntscontraelcancer.cat\/es\/unos-1-000-ninos-y-ninas-de-p5-se-benefician-de-la-actividad-el-hort-den-marcal\/","title":{"rendered":"Unos 1.000 ni\u00f1os y ni\u00f1as de P5 se benefician de la actividad el &#8216;Hort d&#8217;en Mar\u00e7al&#8217;"},"content":{"rendered":"<p>L&#8217;<strong>Hort d&#8217;en Mar\u00e7al<\/strong>\u00a0es una actividad dirigida\u00a0a ni\u00f1os de P5 de las escuelas de Catalu\u00f1a y que se est\u00e1 llevando a cabo estos d\u00edas. Est\u00e1 enmarcada dentro de la <strong>IX Setmana Catalana de Prevenci\u00f3 contra el C\u00e0ncer<\/strong>\u00a0 y ha contado con el apoyo de <strong>Supermercats Caprabo,<\/strong>\u00a0que ha\u00a0donado toda la fruta para poder\u00a0realizar\u00a0los talleres, y la <strong>colaboraci\u00f3n de los voluntarios para hacer llegar este material a las aulas<\/strong>.\u00a0Unos<strong>\u00a01.000\u00a0ni\u00f1os y ni\u00f1as de Catalu\u00f1a\u00a0se han beneficiado de esta actividad.<\/strong><\/p>\n<p><a href=\"https:\/\/juntscontraelcancer.cat\/wp-content\/uploads\/2023\/04\/Fruita-Escola-VicensVives-Roses-4-2-scaled.jpg\"><img loading=\"lazy\" decoding=\"async\" class=\"alignnone size-full wp-image-35619\" src=\"https:\/\/juntscontraelcancer.cat\/wp-content\/uploads\/2023\/04\/Fruita-Escola-VicensVives-Roses-4-2-scaled.jpg\" alt=\"Fruita - Escola VicensVives Roses (4)\" width=\"4000\" height=\"3000\" \/><\/a><\/p>\n<p>Este a\u00f1o los talleres se han adatado a la situaci\u00f3n generada por la pandemia, por lo que se ha desarrollado dentro del aula. Mediante un v\u00eddeo con los personajes del espect\u00e1culo <strong>se trabajan las propiedades de la fruta y de la verdura y va acompa\u00f1ado de un taller para hacer una broqueta de fruta<\/strong> junto con material pedag\u00f3gico para trabajar en el aula.<\/p>\n<p>\u201c<strong>Menja sa i mou-te<\/strong>\u201d.\u00a0Este es\u00a0<strong>el lema de la IX Setmana Catalana de la Prevenci\u00f3 del C\u00e0ncer (SECAPC).\u00a0<\/strong>La Federaci\u00f3 Catalana d\u2019Entitats Contra el C\u00e0ncer (FECEC) ha organizado esta actividad, entre otras, con las que se persigue concienciar sobre la enfermedad oncol\u00f3gica, as\u00ed como la importancia de implementar los dos \u00b4habitos de comer saludable y realizar ejercicio f\u00edsico para tener una vida m\u00e1s saludable que ayuda a prevenir la aparici\u00f3n del c\u00e1ncer. Y m\u00e1s a\u00fan en momentos como el que vivimos.<\/p>\n<p><a href=\"https:\/\/juntscontraelcancer.cat\/wp-content\/uploads\/2023\/04\/Rap-Escola-J.VicensVives-Roses-1-scaled.jpg\"><img loading=\"lazy\" decoding=\"async\" class=\"alignnone size-full wp-image-35608\" src=\"https:\/\/juntscontraelcancer.cat\/wp-content\/uploads\/2023\/04\/Rap-Escola-J.VicensVives-Roses-1-scaled.jpg\" alt=\"Rap - Escola J.VicensVives Roses\" width=\"4000\" height=\"3000\" \/><\/a>\u00a0<a href=\"https:\/\/juntscontraelcancer.cat\/wp-content\/uploads\/2023\/04\/Rap-Escola-Escorial-Vic-1.jpeg\"><img loading=\"lazy\" decoding=\"async\" class=\"alignnone size-full wp-image-35610\" src=\"https:\/\/juntscontraelcancer.cat\/wp-content\/uploads\/2023\/04\/Rap-Escola-Escorial-Vic-1.jpeg\" alt=\"Rap - Escola Escorial Vic\" width=\"1024\" height=\"768\" \/><\/a><\/p>\n<p><a href=\"https:\/\/juntscontraelcancer.cat\/wp-content\/uploads\/2023\/04\/Fruita-Escola-VicensVives-Roses-4-1-scaled.jpg\"><img loading=\"lazy\" decoding=\"async\" class=\"alignnone size-full wp-image-35611\" src=\"https:\/\/juntscontraelcancer.cat\/wp-content\/uploads\/2023\/04\/Fruita-Escola-VicensVives-Roses-4-1-scaled.jpg\" alt=\"Fruita - Escola VicensVives Roses (4)\" width=\"4000\" height=\"3000\" \/><\/a> <a href=\"https:\/\/www.juntscontraelcancer.cat\/wp-content\/uploads\/2020\/10\/drive-download-20201008T104037Z-001.zip\">drive-download-20201008T104037Z-001<\/a> <a href=\"https:\/\/juntscontraelcancer.cat\/wp-content\/uploads\/2023\/04\/Material-Escola-J.VicensVives-Roses-2-scaled.jpg\"><img loading=\"lazy\" decoding=\"async\" class=\"alignnone size-full wp-image-35613\" src=\"https:\/\/juntscontraelcancer.cat\/wp-content\/uploads\/2023\/04\/Material-Escola-J.VicensVives-Roses-2-scaled.jpg\" alt=\"Material -Escola J.VicensVives Roses (2)\" width=\"4000\" height=\"3000\" \/><\/a><\/p>\n<p><a href=\"https:\/\/juntscontraelcancer.cat\/wp-content\/uploads\/2023\/04\/Fruita-Escola-Escorial-Vic-2.jpeg\"><img loading=\"lazy\" decoding=\"async\" class=\"alignnone wp-image-35614 size-full\" src=\"https:\/\/juntscontraelcancer.cat\/wp-content\/uploads\/2023\/04\/Fruita-Escola-Escorial-Vic-2.jpeg\" alt=\"Fruita - Escola Escorial Vic\" width=\"768\" height=\"1024\" \/><\/a><\/p>\n<p><a href=\"https:\/\/juntscontraelcancer.cat\/wp-content\/uploads\/2023\/04\/Fruita-Escola-Escorial-Vic-2-1.jpeg\"><img loading=\"lazy\" decoding=\"async\" class=\"alignnone size-full wp-image-35615\" src=\"https:\/\/juntscontraelcancer.cat\/wp-content\/uploads\/2023\/04\/Fruita-Escola-Escorial-Vic-2-1.jpeg\" alt=\"Fruita - Escola Escorial Vic (2)\" width=\"768\" height=\"1024\" \/><\/a> <a href=\"https:\/\/juntscontraelcancer.cat\/wp-content\/uploads\/2023\/04\/LLeida.jpeg\"><img loading=\"lazy\" decoding=\"async\" class=\"alignnone size-full wp-image-35616\" src=\"https:\/\/juntscontraelcancer.cat\/wp-content\/uploads\/2023\/04\/LLeida.jpeg\" alt=\"LLeida\" width=\"768\" height=\"1024\" \/><\/a><\/p>\n<p><a href=\"https:\/\/juntscontraelcancer.cat\/wp-content\/uploads\/2023\/04\/Vic_Osonacontraelcancer-1-rotated.jpeg\"><img loading=\"lazy\" decoding=\"async\" class=\"alignnone size-full wp-image-35618\" src=\"https:\/\/juntscontraelcancer.cat\/wp-content\/uploads\/2023\/04\/Vic_Osonacontraelcancer-1-rotated.jpeg\" alt=\"Vic_Osonacontraelcancer\" width=\"320\" height=\"240\" \/><\/a>.\u00a0 \u00a0\u00a0<a href=\"https:\/\/juntscontraelcancer.cat\/wp-content\/uploads\/2023\/04\/Vic1_Osonacontraelcancer-1-rotated.jpeg\"><img loading=\"lazy\" decoding=\"async\" class=\"alignnone size-full wp-image-35617\" src=\"https:\/\/juntscontraelcancer.cat\/wp-content\/uploads\/2023\/04\/Vic1_Osonacontraelcancer-1-rotated.jpeg\" alt=\"Vic1_Osonacontraelcancer\" width=\"320\" height=\"240\" \/><\/a><\/p>\n","protected":false},"excerpt":{"rendered":"<p>L&#8217;Hort d&#8217;en Mar\u00e7al\u00a0es una actividad dirigida\u00a0a ni\u00f1os de P5 de las escuelas de Catalu\u00f1a y que se est\u00e1 llevando a cabo estos d\u00edas. Est\u00e1 enmarcada dentro de la IX Setmana Catalana de Prevenci\u00f3 contra el C\u00e0ncer\u00a0 y ha contado con el apoyo de Supermercats Caprabo,\u00a0que ha\u00a0donado toda la fruta para poder\u00a0realizar\u00a0los talleres, y la colaboraci\u00f3n [&#8230;]\n","protected":false},"author":1,"featured_media":14689,"comment_status":"closed","ping_status":"open","sticky":false,"template":"","format":"standard","meta":{"_acf_changed":false,"inline_featured_image":false,"footnotes":""},"categories":[84,3,86,68],"tags":[],"class_list":["post-14687","post","type-post","status-publish","format-standard","has-post-thumbnail","hentry","category-actualidad","category-actualitat","category-destacadas","category-destaquem"],"acf":[],"yoast_head":"<!-- This site is optimized with the Yoast SEO plugin v27.3 - https:\/\/yoast.com\/product\/yoast-seo-wordpress\/ -->\n<title>Unos 1.000 ni\u00f1os y ni\u00f1as de P5 se benefician de la actividad el &#039;Hort d&#039;en Mar\u00e7al&#039; - Junts contra el c\u00e0ncer - FECEC<\/title>\n<meta name=\"robots\" content=\"index, follow, max-snippet:-1, max-image-preview:large, max-video-preview:-1\" \/>\n<link rel=\"canonical\" href=\"https:\/\/juntscontraelcancer.cat\/es\/unos-1-000-ninos-y-ninas-de-p5-se-benefician-de-la-actividad-el-hort-den-marcal\/\" \/>\n<meta property=\"og:locale\" content=\"es_ES\" \/>\n<meta property=\"og:type\" content=\"article\" \/>\n<meta property=\"og:title\" content=\"Unos 1.000 ni\u00f1os y ni\u00f1as de P5 se benefician de la actividad el &#039;Hort d&#039;en Mar\u00e7al&#039; - Junts contra el c\u00e0ncer - FECEC\" \/>\n<meta property=\"og:description\" content=\"L&#8217;Hort d&#8217;en Mar\u00e7al\u00a0es una actividad dirigida\u00a0a ni\u00f1os de P5 de las escuelas de Catalu\u00f1a y que se est\u00e1 llevando a cabo estos d\u00edas. Est\u00e1 enmarcada dentro de la IX Setmana Catalana de Prevenci\u00f3 contra el C\u00e0ncer\u00a0 y ha contado con el apoyo de Supermercats Caprabo,\u00a0que ha\u00a0donado toda la fruta para poder\u00a0realizar\u00a0los talleres, y la colaboraci\u00f3n [...]\" \/>\n<meta property=\"og:url\" content=\"https:\/\/juntscontraelcancer.cat\/es\/unos-1-000-ninos-y-ninas-de-p5-se-benefician-de-la-actividad-el-hort-den-marcal\/\" \/>\n<meta property=\"og:site_name\" content=\"Junts contra el c\u00e0ncer - FECEC\" \/>\n<meta property=\"article:publisher\" content=\"https:\/\/www.facebook.com\/fecec.federacio\/\" \/>\n<meta property=\"article:published_time\" content=\"2020-10-07T22:00:00+00:00\" \/>\n<meta property=\"article:modified_time\" content=\"2023-06-12T09:52:00+00:00\" \/>\n<meta property=\"og:image\" content=\"https:\/\/juntscontraelcancer.cat\/wp-content\/uploads\/2023\/04\/Screenshot-2020-10-08-at-12.48.34-1-1024x409.png\" \/>\n\t<meta property=\"og:image:width\" content=\"1024\" \/>\n\t<meta property=\"og:image:height\" content=\"409\" \/>\n\t<meta property=\"og:image:type\" content=\"image\/png\" \/>\n<meta name=\"author\" content=\"Pukkas\" \/>\n<meta name=\"twitter:card\" content=\"summary_large_image\" \/>\n<meta name=\"twitter:creator\" content=\"@FececFederacio\" \/>\n<meta name=\"twitter:site\" content=\"@FececFederacio\" \/>\n<meta name=\"twitter:label1\" content=\"Escrito por\" \/>\n\t<meta name=\"twitter:data1\" content=\"Pukkas\" \/>\n\t<meta name=\"twitter:label2\" content=\"Tiempo de lectura\" \/>\n\t<meta name=\"twitter:data2\" content=\"1 minuto\" \/>\n<script type=\"application\/ld+json\" class=\"yoast-schema-graph\">{\"@context\":\"https:\\\/\\\/schema.org\",\"@graph\":[{\"@type\":\"Article\",\"@id\":\"https:\\\/\\\/juntscontraelcancer.cat\\\/es\\\/unos-1-000-ninos-y-ninas-de-p5-se-benefician-de-la-actividad-el-hort-den-marcal\\\/#article\",\"isPartOf\":{\"@id\":\"https:\\\/\\\/juntscontraelcancer.cat\\\/es\\\/unos-1-000-ninos-y-ninas-de-p5-se-benefician-de-la-actividad-el-hort-den-marcal\\\/\"},\"author\":{\"name\":\"Pukkas\",\"@id\":\"https:\\\/\\\/juntscontraelcancer.cat\\\/es\\\/#\\\/schema\\\/person\\\/14c85cb9b3aeddea8f9087bea375813f\"},\"headline\":\"Unos 1.000 ni\u00f1os y ni\u00f1as de P5 se benefician de la actividad el &#8216;Hort d&#8217;en Mar\u00e7al&#8217;\",\"datePublished\":\"2020-10-07T22:00:00+00:00\",\"dateModified\":\"2023-06-12T09:52:00+00:00\",\"mainEntityOfPage\":{\"@id\":\"https:\\\/\\\/juntscontraelcancer.cat\\\/es\\\/unos-1-000-ninos-y-ninas-de-p5-se-benefician-de-la-actividad-el-hort-den-marcal\\\/\"},\"wordCount\":278,\"publisher\":{\"@id\":\"https:\\\/\\\/juntscontraelcancer.cat\\\/es\\\/#organization\"},\"image\":{\"@id\":\"https:\\\/\\\/juntscontraelcancer.cat\\\/es\\\/unos-1-000-ninos-y-ninas-de-p5-se-benefician-de-la-actividad-el-hort-den-marcal\\\/#primaryimage\"},\"thumbnailUrl\":\"https:\\\/\\\/juntscontraelcancer.cat\\\/wp-content\\\/uploads\\\/2023\\\/04\\\/Screenshot-2020-10-08-at-12.48.34-1.png\",\"articleSection\":[\"Actualidad\",\"Actualitat\",\"Destacadas\",\"Destacats\"],\"inLanguage\":\"es\"},{\"@type\":\"WebPage\",\"@id\":\"https:\\\/\\\/juntscontraelcancer.cat\\\/es\\\/unos-1-000-ninos-y-ninas-de-p5-se-benefician-de-la-actividad-el-hort-den-marcal\\\/\",\"url\":\"https:\\\/\\\/juntscontraelcancer.cat\\\/es\\\/unos-1-000-ninos-y-ninas-de-p5-se-benefician-de-la-actividad-el-hort-den-marcal\\\/\",\"name\":\"Unos 1.000 ni\u00f1os y ni\u00f1as de P5 se benefician de la actividad el 'Hort d'en Mar\u00e7al' - Junts contra el c\u00e0ncer - FECEC\",\"isPartOf\":{\"@id\":\"https:\\\/\\\/juntscontraelcancer.cat\\\/es\\\/#website\"},\"primaryImageOfPage\":{\"@id\":\"https:\\\/\\\/juntscontraelcancer.cat\\\/es\\\/unos-1-000-ninos-y-ninas-de-p5-se-benefician-de-la-actividad-el-hort-den-marcal\\\/#primaryimage\"},\"image\":{\"@id\":\"https:\\\/\\\/juntscontraelcancer.cat\\\/es\\\/unos-1-000-ninos-y-ninas-de-p5-se-benefician-de-la-actividad-el-hort-den-marcal\\\/#primaryimage\"},\"thumbnailUrl\":\"https:\\\/\\\/juntscontraelcancer.cat\\\/wp-content\\\/uploads\\\/2023\\\/04\\\/Screenshot-2020-10-08-at-12.48.34-1.png\",\"datePublished\":\"2020-10-07T22:00:00+00:00\",\"dateModified\":\"2023-06-12T09:52:00+00:00\",\"breadcrumb\":{\"@id\":\"https:\\\/\\\/juntscontraelcancer.cat\\\/es\\\/unos-1-000-ninos-y-ninas-de-p5-se-benefician-de-la-actividad-el-hort-den-marcal\\\/#breadcrumb\"},\"inLanguage\":\"es\",\"potentialAction\":[{\"@type\":\"ReadAction\",\"target\":[\"https:\\\/\\\/juntscontraelcancer.cat\\\/es\\\/unos-1-000-ninos-y-ninas-de-p5-se-benefician-de-la-actividad-el-hort-den-marcal\\\/\"]}]},{\"@type\":\"ImageObject\",\"inLanguage\":\"es\",\"@id\":\"https:\\\/\\\/juntscontraelcancer.cat\\\/es\\\/unos-1-000-ninos-y-ninas-de-p5-se-benefician-de-la-actividad-el-hort-den-marcal\\\/#primaryimage\",\"url\":\"https:\\\/\\\/juntscontraelcancer.cat\\\/wp-content\\\/uploads\\\/2023\\\/04\\\/Screenshot-2020-10-08-at-12.48.34-1.png\",\"contentUrl\":\"https:\\\/\\\/juntscontraelcancer.cat\\\/wp-content\\\/uploads\\\/2023\\\/04\\\/Screenshot-2020-10-08-at-12.48.34-1.png\",\"width\":1796,\"height\":718},{\"@type\":\"BreadcrumbList\",\"@id\":\"https:\\\/\\\/juntscontraelcancer.cat\\\/es\\\/unos-1-000-ninos-y-ninas-de-p5-se-benefician-de-la-actividad-el-hort-den-marcal\\\/#breadcrumb\",\"itemListElement\":[{\"@type\":\"ListItem\",\"position\":1,\"name\":\"Inicio\",\"item\":\"https:\\\/\\\/juntscontraelcancer.cat\\\/es\\\/\"},{\"@type\":\"ListItem\",\"position\":2,\"name\":\"Unos 1.000 ni\u00f1os y ni\u00f1as de P5 se benefician de la actividad el &#8216;Hort d&#8217;en Mar\u00e7al&#8217;\"}]},{\"@type\":\"WebSite\",\"@id\":\"https:\\\/\\\/juntscontraelcancer.cat\\\/es\\\/#website\",\"url\":\"https:\\\/\\\/juntscontraelcancer.cat\\\/es\\\/\",\"name\":\"Junts contra el c\u00e0ncer - FECEC\",\"description\":\"\",\"publisher\":{\"@id\":\"https:\\\/\\\/juntscontraelcancer.cat\\\/es\\\/#organization\"},\"potentialAction\":[{\"@type\":\"SearchAction\",\"target\":{\"@type\":\"EntryPoint\",\"urlTemplate\":\"https:\\\/\\\/juntscontraelcancer.cat\\\/es\\\/?s={search_term_string}\"},\"query-input\":{\"@type\":\"PropertyValueSpecification\",\"valueRequired\":true,\"valueName\":\"search_term_string\"}}],\"inLanguage\":\"es\"},{\"@type\":\"Organization\",\"@id\":\"https:\\\/\\\/juntscontraelcancer.cat\\\/es\\\/#organization\",\"name\":\"Junts contra el c\u00e0ncer - FECEC\",\"url\":\"https:\\\/\\\/juntscontraelcancer.cat\\\/es\\\/\",\"logo\":{\"@type\":\"ImageObject\",\"inLanguage\":\"es\",\"@id\":\"https:\\\/\\\/juntscontraelcancer.cat\\\/es\\\/#\\\/schema\\\/logo\\\/image\\\/\",\"url\":\"https:\\\/\\\/juntscontraelcancer.cat\\\/wp-content\\\/uploads\\\/2023\\\/01\\\/logo-fecec-header.png\",\"contentUrl\":\"https:\\\/\\\/juntscontraelcancer.cat\\\/wp-content\\\/uploads\\\/2023\\\/01\\\/logo-fecec-header.png\",\"width\":126,\"height\":74,\"caption\":\"Junts contra el c\u00e0ncer - FECEC\"},\"image\":{\"@id\":\"https:\\\/\\\/juntscontraelcancer.cat\\\/es\\\/#\\\/schema\\\/logo\\\/image\\\/\"},\"sameAs\":[\"https:\\\/\\\/www.facebook.com\\\/fecec.federacio\\\/\",\"https:\\\/\\\/x.com\\\/FececFederacio\",\"https:\\\/\\\/www.instagram.com\\\/fececfederacio\\\/?hl=es\",\"https:\\\/\\\/www.youtube.com\\\/channel\\\/UCgAC_6c6hmHwMQhSCQyYBdA\"]},{\"@type\":\"Person\",\"@id\":\"https:\\\/\\\/juntscontraelcancer.cat\\\/es\\\/#\\\/schema\\\/person\\\/14c85cb9b3aeddea8f9087bea375813f\",\"name\":\"Pukkas\",\"image\":{\"@type\":\"ImageObject\",\"inLanguage\":\"es\",\"@id\":\"https:\\\/\\\/secure.gravatar.com\\\/avatar\\\/7433209641beafe57dbfd32b83f1c28fb7da2f23c98b47d02c7623ce350a0e9f?s=96&d=mm&r=g\",\"url\":\"https:\\\/\\\/secure.gravatar.com\\\/avatar\\\/7433209641beafe57dbfd32b83f1c28fb7da2f23c98b47d02c7623ce350a0e9f?s=96&d=mm&r=g\",\"contentUrl\":\"https:\\\/\\\/secure.gravatar.com\\\/avatar\\\/7433209641beafe57dbfd32b83f1c28fb7da2f23c98b47d02c7623ce350a0e9f?s=96&d=mm&r=g\",\"caption\":\"Pukkas\"},\"sameAs\":[\"https:\\\/\\\/juntscontraelcancer.cat\"]}]}<\/script>\n<!-- \/ Yoast SEO plugin. -->","yoast_head_json":{"title":"Unos 1.000 ni\u00f1os y ni\u00f1as de P5 se benefician de la actividad el 'Hort d'en Mar\u00e7al' - Junts contra el c\u00e0ncer - FECEC","robots":{"index":"index","follow":"follow","max-snippet":"max-snippet:-1","max-image-preview":"max-image-preview:large","max-video-preview":"max-video-preview:-1"},"canonical":"https:\/\/juntscontraelcancer.cat\/es\/unos-1-000-ninos-y-ninas-de-p5-se-benefician-de-la-actividad-el-hort-den-marcal\/","og_locale":"es_ES","og_type":"article","og_title":"Unos 1.000 ni\u00f1os y ni\u00f1as de P5 se benefician de la actividad el 'Hort d'en Mar\u00e7al' - Junts contra el c\u00e0ncer - FECEC","og_description":"L&#8217;Hort d&#8217;en Mar\u00e7al\u00a0es una actividad dirigida\u00a0a ni\u00f1os de P5 de las escuelas de Catalu\u00f1a y que se est\u00e1 llevando a cabo estos d\u00edas. Est\u00e1 enmarcada dentro de la IX Setmana Catalana de Prevenci\u00f3 contra el C\u00e0ncer\u00a0 y ha contado con el apoyo de Supermercats Caprabo,\u00a0que ha\u00a0donado toda la fruta para poder\u00a0realizar\u00a0los talleres, y la colaboraci\u00f3n [...]","og_url":"https:\/\/juntscontraelcancer.cat\/es\/unos-1-000-ninos-y-ninas-de-p5-se-benefician-de-la-actividad-el-hort-den-marcal\/","og_site_name":"Junts contra el c\u00e0ncer - FECEC","article_publisher":"https:\/\/www.facebook.com\/fecec.federacio\/","article_published_time":"2020-10-07T22:00:00+00:00","article_modified_time":"2023-06-12T09:52:00+00:00","og_image":[{"width":1024,"height":409,"url":"https:\/\/juntscontraelcancer.cat\/wp-content\/uploads\/2023\/04\/Screenshot-2020-10-08-at-12.48.34-1-1024x409.png","type":"image\/png"}],"author":"Pukkas","twitter_card":"summary_large_image","twitter_creator":"@FececFederacio","twitter_site":"@FececFederacio","twitter_misc":{"Escrito por":"Pukkas","Tiempo de lectura":"1 minuto"},"schema":{"@context":"https:\/\/schema.org","@graph":[{"@type":"Article","@id":"https:\/\/juntscontraelcancer.cat\/es\/unos-1-000-ninos-y-ninas-de-p5-se-benefician-de-la-actividad-el-hort-den-marcal\/#article","isPartOf":{"@id":"https:\/\/juntscontraelcancer.cat\/es\/unos-1-000-ninos-y-ninas-de-p5-se-benefician-de-la-actividad-el-hort-den-marcal\/"},"author":{"name":"Pukkas","@id":"https:\/\/juntscontraelcancer.cat\/es\/#\/schema\/person\/14c85cb9b3aeddea8f9087bea375813f"},"headline":"Unos 1.000 ni\u00f1os y ni\u00f1as de P5 se benefician de la actividad el &#8216;Hort d&#8217;en Mar\u00e7al&#8217;","datePublished":"2020-10-07T22:00:00+00:00","dateModified":"2023-06-12T09:52:00+00:00","mainEntityOfPage":{"@id":"https:\/\/juntscontraelcancer.cat\/es\/unos-1-000-ninos-y-ninas-de-p5-se-benefician-de-la-actividad-el-hort-den-marcal\/"},"wordCount":278,"publisher":{"@id":"https:\/\/juntscontraelcancer.cat\/es\/#organization"},"image":{"@id":"https:\/\/juntscontraelcancer.cat\/es\/unos-1-000-ninos-y-ninas-de-p5-se-benefician-de-la-actividad-el-hort-den-marcal\/#primaryimage"},"thumbnailUrl":"https:\/\/juntscontraelcancer.cat\/wp-content\/uploads\/2023\/04\/Screenshot-2020-10-08-at-12.48.34-1.png","articleSection":["Actualidad","Actualitat","Destacadas","Destacats"],"inLanguage":"es"},{"@type":"WebPage","@id":"https:\/\/juntscontraelcancer.cat\/es\/unos-1-000-ninos-y-ninas-de-p5-se-benefician-de-la-actividad-el-hort-den-marcal\/","url":"https:\/\/juntscontraelcancer.cat\/es\/unos-1-000-ninos-y-ninas-de-p5-se-benefician-de-la-actividad-el-hort-den-marcal\/","name":"Unos 1.000 ni\u00f1os y ni\u00f1as de P5 se benefician de la actividad el 'Hort d'en Mar\u00e7al' - Junts contra el c\u00e0ncer - FECEC","isPartOf":{"@id":"https:\/\/juntscontraelcancer.cat\/es\/#website"},"primaryImageOfPage":{"@id":"https:\/\/juntscontraelcancer.cat\/es\/unos-1-000-ninos-y-ninas-de-p5-se-benefician-de-la-actividad-el-hort-den-marcal\/#primaryimage"},"image":{"@id":"https:\/\/juntscontraelcancer.cat\/es\/unos-1-000-ninos-y-ninas-de-p5-se-benefician-de-la-actividad-el-hort-den-marcal\/#primaryimage"},"thumbnailUrl":"https:\/\/juntscontraelcancer.cat\/wp-content\/uploads\/2023\/04\/Screenshot-2020-10-08-at-12.48.34-1.png","datePublished":"2020-10-07T22:00:00+00:00","dateModified":"2023-06-12T09:52:00+00:00","breadcrumb":{"@id":"https:\/\/juntscontraelcancer.cat\/es\/unos-1-000-ninos-y-ninas-de-p5-se-benefician-de-la-actividad-el-hort-den-marcal\/#breadcrumb"},"inLanguage":"es","potentialAction":[{"@type":"ReadAction","target":["https:\/\/juntscontraelcancer.cat\/es\/unos-1-000-ninos-y-ninas-de-p5-se-benefician-de-la-actividad-el-hort-den-marcal\/"]}]},{"@type":"ImageObject","inLanguage":"es","@id":"https:\/\/juntscontraelcancer.cat\/es\/unos-1-000-ninos-y-ninas-de-p5-se-benefician-de-la-actividad-el-hort-den-marcal\/#primaryimage","url":"https:\/\/juntscontraelcancer.cat\/wp-content\/uploads\/2023\/04\/Screenshot-2020-10-08-at-12.48.34-1.png","contentUrl":"https:\/\/juntscontraelcancer.cat\/wp-content\/uploads\/2023\/04\/Screenshot-2020-10-08-at-12.48.34-1.png","width":1796,"height":718},{"@type":"BreadcrumbList","@id":"https:\/\/juntscontraelcancer.cat\/es\/unos-1-000-ninos-y-ninas-de-p5-se-benefician-de-la-actividad-el-hort-den-marcal\/#breadcrumb","itemListElement":[{"@type":"ListItem","position":1,"name":"Inicio","item":"https:\/\/juntscontraelcancer.cat\/es\/"},{"@type":"ListItem","position":2,"name":"Unos 1.000 ni\u00f1os y ni\u00f1as de P5 se benefician de la actividad el &#8216;Hort d&#8217;en Mar\u00e7al&#8217;"}]},{"@type":"WebSite","@id":"https:\/\/juntscontraelcancer.cat\/es\/#website","url":"https:\/\/juntscontraelcancer.cat\/es\/","name":"Junts contra el c\u00e0ncer - FECEC","description":"","publisher":{"@id":"https:\/\/juntscontraelcancer.cat\/es\/#organization"},"potentialAction":[{"@type":"SearchAction","target":{"@type":"EntryPoint","urlTemplate":"https:\/\/juntscontraelcancer.cat\/es\/?s={search_term_string}"},"query-input":{"@type":"PropertyValueSpecification","valueRequired":true,"valueName":"search_term_string"}}],"inLanguage":"es"},{"@type":"Organization","@id":"https:\/\/juntscontraelcancer.cat\/es\/#organization","name":"Junts contra el c\u00e0ncer - FECEC","url":"https:\/\/juntscontraelcancer.cat\/es\/","logo":{"@type":"ImageObject","inLanguage":"es","@id":"https:\/\/juntscontraelcancer.cat\/es\/#\/schema\/logo\/image\/","url":"https:\/\/juntscontraelcancer.cat\/wp-content\/uploads\/2023\/01\/logo-fecec-header.png","contentUrl":"https:\/\/juntscontraelcancer.cat\/wp-content\/uploads\/2023\/01\/logo-fecec-header.png","width":126,"height":74,"caption":"Junts contra el c\u00e0ncer - FECEC"},"image":{"@id":"https:\/\/juntscontraelcancer.cat\/es\/#\/schema\/logo\/image\/"},"sameAs":["https:\/\/www.facebook.com\/fecec.federacio\/","https:\/\/x.com\/FececFederacio","https:\/\/www.instagram.com\/fececfederacio\/?hl=es","https:\/\/www.youtube.com\/channel\/UCgAC_6c6hmHwMQhSCQyYBdA"]},{"@type":"Person","@id":"https:\/\/juntscontraelcancer.cat\/es\/#\/schema\/person\/14c85cb9b3aeddea8f9087bea375813f","name":"Pukkas","image":{"@type":"ImageObject","inLanguage":"es","@id":"https:\/\/secure.gravatar.com\/avatar\/7433209641beafe57dbfd32b83f1c28fb7da2f23c98b47d02c7623ce350a0e9f?s=96&d=mm&r=g","url":"https:\/\/secure.gravatar.com\/avatar\/7433209641beafe57dbfd32b83f1c28fb7da2f23c98b47d02c7623ce350a0e9f?s=96&d=mm&r=g","contentUrl":"https:\/\/secure.gravatar.com\/avatar\/7433209641beafe57dbfd32b83f1c28fb7da2f23c98b47d02c7623ce350a0e9f?s=96&d=mm&r=g","caption":"Pukkas"},"sameAs":["https:\/\/juntscontraelcancer.cat"]}]}},"_links":{"self":[{"href":"https:\/\/juntscontraelcancer.cat\/es\/wp-json\/wp\/v2\/posts\/14687","targetHints":{"allow":["GET"]}}],"collection":[{"href":"https:\/\/juntscontraelcancer.cat\/es\/wp-json\/wp\/v2\/posts"}],"about":[{"href":"https:\/\/juntscontraelcancer.cat\/es\/wp-json\/wp\/v2\/types\/post"}],"author":[{"embeddable":true,"href":"https:\/\/juntscontraelcancer.cat\/es\/wp-json\/wp\/v2\/users\/1"}],"replies":[{"embeddable":true,"href":"https:\/\/juntscontraelcancer.cat\/es\/wp-json\/wp\/v2\/comments?post=14687"}],"version-history":[{"count":1,"href":"https:\/\/juntscontraelcancer.cat\/es\/wp-json\/wp\/v2\/posts\/14687\/revisions"}],"predecessor-version":[{"id":14688,"href":"https:\/\/juntscontraelcancer.cat\/es\/wp-json\/wp\/v2\/posts\/14687\/revisions\/14688"}],"wp:featuredmedia":[{"embeddable":true,"href":"https:\/\/juntscontraelcancer.cat\/es\/wp-json\/wp\/v2\/media\/14689"}],"wp:attachment":[{"href":"https:\/\/juntscontraelcancer.cat\/es\/wp-json\/wp\/v2\/media?parent=14687"}],"wp:term":[{"taxonomy":"category","embeddable":true,"href":"https:\/\/juntscontraelcancer.cat\/es\/wp-json\/wp\/v2\/categories?post=14687"},{"taxonomy":"post_tag","embeddable":true,"href":"https:\/\/juntscontraelcancer.cat\/es\/wp-json\/wp\/v2\/tags?post=14687"}],"curies":[{"name":"wp","href":"https:\/\/api.w.org\/{rel}","templated":true}]}}