{"id":14674,"date":"2020-09-17T00:00:00","date_gmt":"2020-09-16T22:00:00","guid":{"rendered":"https:\/\/junts.enproceso.es\/plazas-agotadas-curso-de-profundizacion-de-voluntariado-en-el-ambito-oncologico-2-y-3-octubre\/"},"modified":"2023-06-12T11:52:02","modified_gmt":"2023-06-12T09:52:02","slug":"plazas-agotadas-curso-de-profundizacion-de-voluntariado-en-el-ambito-oncologico-2-y-3-octubre","status":"publish","type":"post","link":"https:\/\/juntscontraelcancer.cat\/es\/plazas-agotadas-curso-de-profundizacion-de-voluntariado-en-el-ambito-oncologico-2-y-3-octubre\/","title":{"rendered":"PLAZAS AGOTADAS!  CURSO DE PROFUNDIZACI\u00d3N DE VOLUNTARIADO en el \u00e1mbito oncol\u00f3gico (2 y 3 Octubre)"},"content":{"rendered":"<p>La\u00a0<strong>Federaci\u00f3 Catalana d\u2019Entitats Contra el C\u00e0ncer (FECEC)<\/strong>\u00a0organiza el<strong> 2 y 3 de octubre<\/strong> un curso de profundizaci\u00f3n de <strong>voluntariado en el \u00e1mbito oncol\u00f3gico<\/strong> en <strong>Barcelona<\/strong> para personas que quieran <strong>ampliar su conocimiento<\/strong> en la actuaci\u00f3n en el campo de la oncolog\u00eda y del acompa\u00f1amiento a enfermos.<\/p>\n<p>El curso, que tiene una duraci\u00f3n de<strong> 12 horas en horario de ma\u00f1ana<\/strong>, consta de dos bloques. El primero, titulado <strong>&#8216;Habilidades comunicativas&#8217;<\/strong>, ir\u00e1 a cargo de <strong>Laura Fern\u00e1ndez<\/strong>, psicopedagoga y coordinadora de voluntariado de San Juan de Dios.<\/p>\n<p>En concreto, este versar\u00e1 sobre la relevancia de la comunicaci\u00f3n no verbal, las t\u00e9cnicas de comunicaci\u00f3n en el \u00e1mbito de las habilidades (sentido del humor, positivismo, vitalidad, &#8230;), la expresi\u00f3n de las emociones, la resoluci\u00f3n de conflictos y la escucha activa (actitudes y creaci\u00f3n del contexto), as\u00ed como la escucha activa (actitudes y creaci\u00f3n de contexto).<\/p>\n<p>En la segunda jornada se abordar\u00e1 el bloque de <strong>&#8216;La enfermedad&#8217;<\/strong> con el doctor <strong>Eduard Batiste-Alentorn<\/strong>, onc\u00f3logo. Hospital de Vic y vicepresidente de Osona contra el c\u00e1ncer y <strong>Patricia Miss\u00e9<\/strong>, psicologa y master en psicooncolog\u00eda.<br \/>\n<img loading=\"lazy\" decoding=\"async\" class=\"alignnone size-full wp-image-27132\" src=\"https:\/\/juntscontraelcancer.cat\/wp-content\/uploads\/2023\/04\/setmana-europea.jpg\" alt=\"setmana europea\" width=\"500\" height=\"666\" \/><\/p>\n<p>En este bloque se abordar\u00e1 los tratamientos oncol\u00f3gicos centrados sobre todo en los \u00faltimos avances de la enfermedad, desde una perspectiva divulgativa y comprensible que puede ayudar al voluntario a comprender mejor el contexto del propio enfermo. Adem\u00e1s, incorporar tambi\u00e9n la dimensi\u00f3n emocional y comprender c\u00f3mo se vive con c\u00e1ncer.<\/p>\n<p><a href=\"https:\/\/www.juntscontraelcancer.cat\/programa-aprofundiment-bcn-octubre-2020-1-2\/\">Ver o decargar el programa<\/a><\/p>\n<p>El curso, con un m\u00e1ximo de diez plazas, tiene un coste de 15 euros para las entidades federadas a la FECEC o en la Federaci\u00f3n Catalana de Voluntariado Social (FCVS) y de 25 euros para las asociaciones no federadas. Puede las\u00a0<a href=\"https:\/\/docs.google.com\/forms\/d\/e\/1FAIpQLScyXgmWetJLFylGC6jPurUrxJPAWLPfGtcWv0_tg5cxNJuKuA\/viewform\">inscripciones online\u00a0<\/a>o contactar al tel\u00e9fono 93 314 87 53 o al correo formacio@voluntaris.cat.<\/p>\n","protected":false},"excerpt":{"rendered":"<p>La\u00a0Federaci\u00f3 Catalana d\u2019Entitats Contra el C\u00e0ncer (FECEC)\u00a0organiza el 2 y 3 de octubre un curso de profundizaci\u00f3n de voluntariado en el \u00e1mbito oncol\u00f3gico en Barcelona para personas que quieran ampliar su conocimiento en la actuaci\u00f3n en el campo de la oncolog\u00eda y del acompa\u00f1amiento a enfermos. El curso, que tiene una duraci\u00f3n de 12 horas [&#8230;]\n","protected":false},"author":1,"featured_media":6039,"comment_status":"closed","ping_status":"open","sticky":false,"template":"","format":"standard","meta":{"_acf_changed":false,"inline_featured_image":false,"footnotes":""},"categories":[84,3,86,68],"tags":[],"class_list":["post-14674","post","type-post","status-publish","format-standard","has-post-thumbnail","hentry","category-actualidad","category-actualitat","category-destacadas","category-destaquem"],"acf":[],"yoast_head":"<!-- This site is optimized with the Yoast SEO plugin v27.3 - https:\/\/yoast.com\/product\/yoast-seo-wordpress\/ -->\n<title>PLAZAS AGOTADAS! CURSO DE PROFUNDIZACI\u00d3N DE VOLUNTARIADO en el \u00e1mbito oncol\u00f3gico (2 y 3 Octubre) - Junts contra el c\u00e0ncer - FECEC<\/title>\n<meta name=\"robots\" content=\"index, follow, max-snippet:-1, max-image-preview:large, max-video-preview:-1\" \/>\n<link rel=\"canonical\" href=\"https:\/\/juntscontraelcancer.cat\/es\/plazas-agotadas-curso-de-profundizacion-de-voluntariado-en-el-ambito-oncologico-2-y-3-octubre\/\" \/>\n<meta property=\"og:locale\" content=\"es_ES\" \/>\n<meta property=\"og:type\" content=\"article\" \/>\n<meta property=\"og:title\" content=\"PLAZAS AGOTADAS! CURSO DE PROFUNDIZACI\u00d3N DE VOLUNTARIADO en el \u00e1mbito oncol\u00f3gico (2 y 3 Octubre) - Junts contra el c\u00e0ncer - FECEC\" \/>\n<meta property=\"og:description\" content=\"La\u00a0Federaci\u00f3 Catalana d\u2019Entitats Contra el C\u00e0ncer (FECEC)\u00a0organiza el 2 y 3 de octubre un curso de profundizaci\u00f3n de voluntariado en el \u00e1mbito oncol\u00f3gico en Barcelona para personas que quieran ampliar su conocimiento en la actuaci\u00f3n en el campo de la oncolog\u00eda y del acompa\u00f1amiento a enfermos. El curso, que tiene una duraci\u00f3n de 12 horas [...]\" \/>\n<meta property=\"og:url\" content=\"https:\/\/juntscontraelcancer.cat\/es\/plazas-agotadas-curso-de-profundizacion-de-voluntariado-en-el-ambito-oncologico-2-y-3-octubre\/\" \/>\n<meta property=\"og:site_name\" content=\"Junts contra el c\u00e0ncer - FECEC\" \/>\n<meta property=\"article:publisher\" content=\"https:\/\/www.facebook.com\/fecec.federacio\/\" \/>\n<meta property=\"article:published_time\" content=\"2020-09-16T22:00:00+00:00\" \/>\n<meta property=\"article:modified_time\" content=\"2023-06-12T09:52:02+00:00\" \/>\n<meta property=\"og:image\" content=\"https:\/\/juntscontraelcancer.cat\/wp-content\/uploads\/2023\/04\/Cursos-voluntaris-para-web-250-1.jpg\" \/>\n\t<meta property=\"og:image:width\" content=\"250\" \/>\n\t<meta property=\"og:image:height\" content=\"166\" \/>\n\t<meta property=\"og:image:type\" content=\"image\/jpeg\" \/>\n<meta name=\"author\" content=\"Pukkas\" \/>\n<meta name=\"twitter:card\" content=\"summary_large_image\" \/>\n<meta name=\"twitter:creator\" content=\"@FececFederacio\" \/>\n<meta name=\"twitter:site\" content=\"@FececFederacio\" \/>\n<meta name=\"twitter:label1\" content=\"Escrito por\" \/>\n\t<meta name=\"twitter:data1\" content=\"Pukkas\" \/>\n\t<meta name=\"twitter:label2\" content=\"Tiempo de lectura\" \/>\n\t<meta name=\"twitter:data2\" content=\"2 minutos\" \/>\n<script type=\"application\/ld+json\" class=\"yoast-schema-graph\">{\"@context\":\"https:\\\/\\\/schema.org\",\"@graph\":[{\"@type\":\"Article\",\"@id\":\"https:\\\/\\\/juntscontraelcancer.cat\\\/es\\\/plazas-agotadas-curso-de-profundizacion-de-voluntariado-en-el-ambito-oncologico-2-y-3-octubre\\\/#article\",\"isPartOf\":{\"@id\":\"https:\\\/\\\/juntscontraelcancer.cat\\\/es\\\/plazas-agotadas-curso-de-profundizacion-de-voluntariado-en-el-ambito-oncologico-2-y-3-octubre\\\/\"},\"author\":{\"name\":\"Pukkas\",\"@id\":\"https:\\\/\\\/juntscontraelcancer.cat\\\/es\\\/#\\\/schema\\\/person\\\/14c85cb9b3aeddea8f9087bea375813f\"},\"headline\":\"PLAZAS AGOTADAS! CURSO DE PROFUNDIZACI\u00d3N DE VOLUNTARIADO en el \u00e1mbito oncol\u00f3gico (2 y 3 Octubre)\",\"datePublished\":\"2020-09-16T22:00:00+00:00\",\"dateModified\":\"2023-06-12T09:52:02+00:00\",\"mainEntityOfPage\":{\"@id\":\"https:\\\/\\\/juntscontraelcancer.cat\\\/es\\\/plazas-agotadas-curso-de-profundizacion-de-voluntariado-en-el-ambito-oncologico-2-y-3-octubre\\\/\"},\"wordCount\":323,\"publisher\":{\"@id\":\"https:\\\/\\\/juntscontraelcancer.cat\\\/es\\\/#organization\"},\"image\":{\"@id\":\"https:\\\/\\\/juntscontraelcancer.cat\\\/es\\\/plazas-agotadas-curso-de-profundizacion-de-voluntariado-en-el-ambito-oncologico-2-y-3-octubre\\\/#primaryimage\"},\"thumbnailUrl\":\"https:\\\/\\\/juntscontraelcancer.cat\\\/wp-content\\\/uploads\\\/2023\\\/04\\\/Cursos-voluntaris-para-web-250-1.jpg\",\"articleSection\":[\"Actualidad\",\"Actualitat\",\"Destacadas\",\"Destacats\"],\"inLanguage\":\"es\"},{\"@type\":\"WebPage\",\"@id\":\"https:\\\/\\\/juntscontraelcancer.cat\\\/es\\\/plazas-agotadas-curso-de-profundizacion-de-voluntariado-en-el-ambito-oncologico-2-y-3-octubre\\\/\",\"url\":\"https:\\\/\\\/juntscontraelcancer.cat\\\/es\\\/plazas-agotadas-curso-de-profundizacion-de-voluntariado-en-el-ambito-oncologico-2-y-3-octubre\\\/\",\"name\":\"PLAZAS AGOTADAS! CURSO DE PROFUNDIZACI\u00d3N DE VOLUNTARIADO en el \u00e1mbito oncol\u00f3gico (2 y 3 Octubre) - Junts contra el c\u00e0ncer - FECEC\",\"isPartOf\":{\"@id\":\"https:\\\/\\\/juntscontraelcancer.cat\\\/es\\\/#website\"},\"primaryImageOfPage\":{\"@id\":\"https:\\\/\\\/juntscontraelcancer.cat\\\/es\\\/plazas-agotadas-curso-de-profundizacion-de-voluntariado-en-el-ambito-oncologico-2-y-3-octubre\\\/#primaryimage\"},\"image\":{\"@id\":\"https:\\\/\\\/juntscontraelcancer.cat\\\/es\\\/plazas-agotadas-curso-de-profundizacion-de-voluntariado-en-el-ambito-oncologico-2-y-3-octubre\\\/#primaryimage\"},\"thumbnailUrl\":\"https:\\\/\\\/juntscontraelcancer.cat\\\/wp-content\\\/uploads\\\/2023\\\/04\\\/Cursos-voluntaris-para-web-250-1.jpg\",\"datePublished\":\"2020-09-16T22:00:00+00:00\",\"dateModified\":\"2023-06-12T09:52:02+00:00\",\"breadcrumb\":{\"@id\":\"https:\\\/\\\/juntscontraelcancer.cat\\\/es\\\/plazas-agotadas-curso-de-profundizacion-de-voluntariado-en-el-ambito-oncologico-2-y-3-octubre\\\/#breadcrumb\"},\"inLanguage\":\"es\",\"potentialAction\":[{\"@type\":\"ReadAction\",\"target\":[\"https:\\\/\\\/juntscontraelcancer.cat\\\/es\\\/plazas-agotadas-curso-de-profundizacion-de-voluntariado-en-el-ambito-oncologico-2-y-3-octubre\\\/\"]}]},{\"@type\":\"ImageObject\",\"inLanguage\":\"es\",\"@id\":\"https:\\\/\\\/juntscontraelcancer.cat\\\/es\\\/plazas-agotadas-curso-de-profundizacion-de-voluntariado-en-el-ambito-oncologico-2-y-3-octubre\\\/#primaryimage\",\"url\":\"https:\\\/\\\/juntscontraelcancer.cat\\\/wp-content\\\/uploads\\\/2023\\\/04\\\/Cursos-voluntaris-para-web-250-1.jpg\",\"contentUrl\":\"https:\\\/\\\/juntscontraelcancer.cat\\\/wp-content\\\/uploads\\\/2023\\\/04\\\/Cursos-voluntaris-para-web-250-1.jpg\",\"width\":250,\"height\":166},{\"@type\":\"BreadcrumbList\",\"@id\":\"https:\\\/\\\/juntscontraelcancer.cat\\\/es\\\/plazas-agotadas-curso-de-profundizacion-de-voluntariado-en-el-ambito-oncologico-2-y-3-octubre\\\/#breadcrumb\",\"itemListElement\":[{\"@type\":\"ListItem\",\"position\":1,\"name\":\"Inicio\",\"item\":\"https:\\\/\\\/juntscontraelcancer.cat\\\/es\\\/\"},{\"@type\":\"ListItem\",\"position\":2,\"name\":\"PLAZAS AGOTADAS! CURSO DE PROFUNDIZACI\u00d3N DE VOLUNTARIADO en el \u00e1mbito oncol\u00f3gico (2 y 3 Octubre)\"}]},{\"@type\":\"WebSite\",\"@id\":\"https:\\\/\\\/juntscontraelcancer.cat\\\/es\\\/#website\",\"url\":\"https:\\\/\\\/juntscontraelcancer.cat\\\/es\\\/\",\"name\":\"Junts contra el c\u00e0ncer - FECEC\",\"description\":\"\",\"publisher\":{\"@id\":\"https:\\\/\\\/juntscontraelcancer.cat\\\/es\\\/#organization\"},\"potentialAction\":[{\"@type\":\"SearchAction\",\"target\":{\"@type\":\"EntryPoint\",\"urlTemplate\":\"https:\\\/\\\/juntscontraelcancer.cat\\\/es\\\/?s={search_term_string}\"},\"query-input\":{\"@type\":\"PropertyValueSpecification\",\"valueRequired\":true,\"valueName\":\"search_term_string\"}}],\"inLanguage\":\"es\"},{\"@type\":\"Organization\",\"@id\":\"https:\\\/\\\/juntscontraelcancer.cat\\\/es\\\/#organization\",\"name\":\"Junts contra el c\u00e0ncer - FECEC\",\"url\":\"https:\\\/\\\/juntscontraelcancer.cat\\\/es\\\/\",\"logo\":{\"@type\":\"ImageObject\",\"inLanguage\":\"es\",\"@id\":\"https:\\\/\\\/juntscontraelcancer.cat\\\/es\\\/#\\\/schema\\\/logo\\\/image\\\/\",\"url\":\"https:\\\/\\\/juntscontraelcancer.cat\\\/wp-content\\\/uploads\\\/2023\\\/01\\\/logo-fecec-header.png\",\"contentUrl\":\"https:\\\/\\\/juntscontraelcancer.cat\\\/wp-content\\\/uploads\\\/2023\\\/01\\\/logo-fecec-header.png\",\"width\":126,\"height\":74,\"caption\":\"Junts contra el c\u00e0ncer - FECEC\"},\"image\":{\"@id\":\"https:\\\/\\\/juntscontraelcancer.cat\\\/es\\\/#\\\/schema\\\/logo\\\/image\\\/\"},\"sameAs\":[\"https:\\\/\\\/www.facebook.com\\\/fecec.federacio\\\/\",\"https:\\\/\\\/x.com\\\/FececFederacio\",\"https:\\\/\\\/www.instagram.com\\\/fececfederacio\\\/?hl=es\",\"https:\\\/\\\/www.youtube.com\\\/channel\\\/UCgAC_6c6hmHwMQhSCQyYBdA\"]},{\"@type\":\"Person\",\"@id\":\"https:\\\/\\\/juntscontraelcancer.cat\\\/es\\\/#\\\/schema\\\/person\\\/14c85cb9b3aeddea8f9087bea375813f\",\"name\":\"Pukkas\",\"image\":{\"@type\":\"ImageObject\",\"inLanguage\":\"es\",\"@id\":\"https:\\\/\\\/secure.gravatar.com\\\/avatar\\\/7433209641beafe57dbfd32b83f1c28fb7da2f23c98b47d02c7623ce350a0e9f?s=96&d=mm&r=g\",\"url\":\"https:\\\/\\\/secure.gravatar.com\\\/avatar\\\/7433209641beafe57dbfd32b83f1c28fb7da2f23c98b47d02c7623ce350a0e9f?s=96&d=mm&r=g\",\"contentUrl\":\"https:\\\/\\\/secure.gravatar.com\\\/avatar\\\/7433209641beafe57dbfd32b83f1c28fb7da2f23c98b47d02c7623ce350a0e9f?s=96&d=mm&r=g\",\"caption\":\"Pukkas\"},\"sameAs\":[\"https:\\\/\\\/juntscontraelcancer.cat\"]}]}<\/script>\n<!-- \/ Yoast SEO plugin. -->","yoast_head_json":{"title":"PLAZAS AGOTADAS! CURSO DE PROFUNDIZACI\u00d3N DE VOLUNTARIADO en el \u00e1mbito oncol\u00f3gico (2 y 3 Octubre) - Junts contra el c\u00e0ncer - FECEC","robots":{"index":"index","follow":"follow","max-snippet":"max-snippet:-1","max-image-preview":"max-image-preview:large","max-video-preview":"max-video-preview:-1"},"canonical":"https:\/\/juntscontraelcancer.cat\/es\/plazas-agotadas-curso-de-profundizacion-de-voluntariado-en-el-ambito-oncologico-2-y-3-octubre\/","og_locale":"es_ES","og_type":"article","og_title":"PLAZAS AGOTADAS! CURSO DE PROFUNDIZACI\u00d3N DE VOLUNTARIADO en el \u00e1mbito oncol\u00f3gico (2 y 3 Octubre) - Junts contra el c\u00e0ncer - FECEC","og_description":"La\u00a0Federaci\u00f3 Catalana d\u2019Entitats Contra el C\u00e0ncer (FECEC)\u00a0organiza el 2 y 3 de octubre un curso de profundizaci\u00f3n de voluntariado en el \u00e1mbito oncol\u00f3gico en Barcelona para personas que quieran ampliar su conocimiento en la actuaci\u00f3n en el campo de la oncolog\u00eda y del acompa\u00f1amiento a enfermos. El curso, que tiene una duraci\u00f3n de 12 horas [...]","og_url":"https:\/\/juntscontraelcancer.cat\/es\/plazas-agotadas-curso-de-profundizacion-de-voluntariado-en-el-ambito-oncologico-2-y-3-octubre\/","og_site_name":"Junts contra el c\u00e0ncer - FECEC","article_publisher":"https:\/\/www.facebook.com\/fecec.federacio\/","article_published_time":"2020-09-16T22:00:00+00:00","article_modified_time":"2023-06-12T09:52:02+00:00","og_image":[{"width":250,"height":166,"url":"https:\/\/juntscontraelcancer.cat\/wp-content\/uploads\/2023\/04\/Cursos-voluntaris-para-web-250-1.jpg","type":"image\/jpeg"}],"author":"Pukkas","twitter_card":"summary_large_image","twitter_creator":"@FececFederacio","twitter_site":"@FececFederacio","twitter_misc":{"Escrito por":"Pukkas","Tiempo de lectura":"2 minutos"},"schema":{"@context":"https:\/\/schema.org","@graph":[{"@type":"Article","@id":"https:\/\/juntscontraelcancer.cat\/es\/plazas-agotadas-curso-de-profundizacion-de-voluntariado-en-el-ambito-oncologico-2-y-3-octubre\/#article","isPartOf":{"@id":"https:\/\/juntscontraelcancer.cat\/es\/plazas-agotadas-curso-de-profundizacion-de-voluntariado-en-el-ambito-oncologico-2-y-3-octubre\/"},"author":{"name":"Pukkas","@id":"https:\/\/juntscontraelcancer.cat\/es\/#\/schema\/person\/14c85cb9b3aeddea8f9087bea375813f"},"headline":"PLAZAS AGOTADAS! CURSO DE PROFUNDIZACI\u00d3N DE VOLUNTARIADO en el \u00e1mbito oncol\u00f3gico (2 y 3 Octubre)","datePublished":"2020-09-16T22:00:00+00:00","dateModified":"2023-06-12T09:52:02+00:00","mainEntityOfPage":{"@id":"https:\/\/juntscontraelcancer.cat\/es\/plazas-agotadas-curso-de-profundizacion-de-voluntariado-en-el-ambito-oncologico-2-y-3-octubre\/"},"wordCount":323,"publisher":{"@id":"https:\/\/juntscontraelcancer.cat\/es\/#organization"},"image":{"@id":"https:\/\/juntscontraelcancer.cat\/es\/plazas-agotadas-curso-de-profundizacion-de-voluntariado-en-el-ambito-oncologico-2-y-3-octubre\/#primaryimage"},"thumbnailUrl":"https:\/\/juntscontraelcancer.cat\/wp-content\/uploads\/2023\/04\/Cursos-voluntaris-para-web-250-1.jpg","articleSection":["Actualidad","Actualitat","Destacadas","Destacats"],"inLanguage":"es"},{"@type":"WebPage","@id":"https:\/\/juntscontraelcancer.cat\/es\/plazas-agotadas-curso-de-profundizacion-de-voluntariado-en-el-ambito-oncologico-2-y-3-octubre\/","url":"https:\/\/juntscontraelcancer.cat\/es\/plazas-agotadas-curso-de-profundizacion-de-voluntariado-en-el-ambito-oncologico-2-y-3-octubre\/","name":"PLAZAS AGOTADAS! CURSO DE PROFUNDIZACI\u00d3N DE VOLUNTARIADO en el \u00e1mbito oncol\u00f3gico (2 y 3 Octubre) - Junts contra el c\u00e0ncer - FECEC","isPartOf":{"@id":"https:\/\/juntscontraelcancer.cat\/es\/#website"},"primaryImageOfPage":{"@id":"https:\/\/juntscontraelcancer.cat\/es\/plazas-agotadas-curso-de-profundizacion-de-voluntariado-en-el-ambito-oncologico-2-y-3-octubre\/#primaryimage"},"image":{"@id":"https:\/\/juntscontraelcancer.cat\/es\/plazas-agotadas-curso-de-profundizacion-de-voluntariado-en-el-ambito-oncologico-2-y-3-octubre\/#primaryimage"},"thumbnailUrl":"https:\/\/juntscontraelcancer.cat\/wp-content\/uploads\/2023\/04\/Cursos-voluntaris-para-web-250-1.jpg","datePublished":"2020-09-16T22:00:00+00:00","dateModified":"2023-06-12T09:52:02+00:00","breadcrumb":{"@id":"https:\/\/juntscontraelcancer.cat\/es\/plazas-agotadas-curso-de-profundizacion-de-voluntariado-en-el-ambito-oncologico-2-y-3-octubre\/#breadcrumb"},"inLanguage":"es","potentialAction":[{"@type":"ReadAction","target":["https:\/\/juntscontraelcancer.cat\/es\/plazas-agotadas-curso-de-profundizacion-de-voluntariado-en-el-ambito-oncologico-2-y-3-octubre\/"]}]},{"@type":"ImageObject","inLanguage":"es","@id":"https:\/\/juntscontraelcancer.cat\/es\/plazas-agotadas-curso-de-profundizacion-de-voluntariado-en-el-ambito-oncologico-2-y-3-octubre\/#primaryimage","url":"https:\/\/juntscontraelcancer.cat\/wp-content\/uploads\/2023\/04\/Cursos-voluntaris-para-web-250-1.jpg","contentUrl":"https:\/\/juntscontraelcancer.cat\/wp-content\/uploads\/2023\/04\/Cursos-voluntaris-para-web-250-1.jpg","width":250,"height":166},{"@type":"BreadcrumbList","@id":"https:\/\/juntscontraelcancer.cat\/es\/plazas-agotadas-curso-de-profundizacion-de-voluntariado-en-el-ambito-oncologico-2-y-3-octubre\/#breadcrumb","itemListElement":[{"@type":"ListItem","position":1,"name":"Inicio","item":"https:\/\/juntscontraelcancer.cat\/es\/"},{"@type":"ListItem","position":2,"name":"PLAZAS AGOTADAS! CURSO DE PROFUNDIZACI\u00d3N DE VOLUNTARIADO en el \u00e1mbito oncol\u00f3gico (2 y 3 Octubre)"}]},{"@type":"WebSite","@id":"https:\/\/juntscontraelcancer.cat\/es\/#website","url":"https:\/\/juntscontraelcancer.cat\/es\/","name":"Junts contra el c\u00e0ncer - FECEC","description":"","publisher":{"@id":"https:\/\/juntscontraelcancer.cat\/es\/#organization"},"potentialAction":[{"@type":"SearchAction","target":{"@type":"EntryPoint","urlTemplate":"https:\/\/juntscontraelcancer.cat\/es\/?s={search_term_string}"},"query-input":{"@type":"PropertyValueSpecification","valueRequired":true,"valueName":"search_term_string"}}],"inLanguage":"es"},{"@type":"Organization","@id":"https:\/\/juntscontraelcancer.cat\/es\/#organization","name":"Junts contra el c\u00e0ncer - FECEC","url":"https:\/\/juntscontraelcancer.cat\/es\/","logo":{"@type":"ImageObject","inLanguage":"es","@id":"https:\/\/juntscontraelcancer.cat\/es\/#\/schema\/logo\/image\/","url":"https:\/\/juntscontraelcancer.cat\/wp-content\/uploads\/2023\/01\/logo-fecec-header.png","contentUrl":"https:\/\/juntscontraelcancer.cat\/wp-content\/uploads\/2023\/01\/logo-fecec-header.png","width":126,"height":74,"caption":"Junts contra el c\u00e0ncer - FECEC"},"image":{"@id":"https:\/\/juntscontraelcancer.cat\/es\/#\/schema\/logo\/image\/"},"sameAs":["https:\/\/www.facebook.com\/fecec.federacio\/","https:\/\/x.com\/FececFederacio","https:\/\/www.instagram.com\/fececfederacio\/?hl=es","https:\/\/www.youtube.com\/channel\/UCgAC_6c6hmHwMQhSCQyYBdA"]},{"@type":"Person","@id":"https:\/\/juntscontraelcancer.cat\/es\/#\/schema\/person\/14c85cb9b3aeddea8f9087bea375813f","name":"Pukkas","image":{"@type":"ImageObject","inLanguage":"es","@id":"https:\/\/secure.gravatar.com\/avatar\/7433209641beafe57dbfd32b83f1c28fb7da2f23c98b47d02c7623ce350a0e9f?s=96&d=mm&r=g","url":"https:\/\/secure.gravatar.com\/avatar\/7433209641beafe57dbfd32b83f1c28fb7da2f23c98b47d02c7623ce350a0e9f?s=96&d=mm&r=g","contentUrl":"https:\/\/secure.gravatar.com\/avatar\/7433209641beafe57dbfd32b83f1c28fb7da2f23c98b47d02c7623ce350a0e9f?s=96&d=mm&r=g","caption":"Pukkas"},"sameAs":["https:\/\/juntscontraelcancer.cat"]}]}},"_links":{"self":[{"href":"https:\/\/juntscontraelcancer.cat\/es\/wp-json\/wp\/v2\/posts\/14674","targetHints":{"allow":["GET"]}}],"collection":[{"href":"https:\/\/juntscontraelcancer.cat\/es\/wp-json\/wp\/v2\/posts"}],"about":[{"href":"https:\/\/juntscontraelcancer.cat\/es\/wp-json\/wp\/v2\/types\/post"}],"author":[{"embeddable":true,"href":"https:\/\/juntscontraelcancer.cat\/es\/wp-json\/wp\/v2\/users\/1"}],"replies":[{"embeddable":true,"href":"https:\/\/juntscontraelcancer.cat\/es\/wp-json\/wp\/v2\/comments?post=14674"}],"version-history":[{"count":1,"href":"https:\/\/juntscontraelcancer.cat\/es\/wp-json\/wp\/v2\/posts\/14674\/revisions"}],"predecessor-version":[{"id":14675,"href":"https:\/\/juntscontraelcancer.cat\/es\/wp-json\/wp\/v2\/posts\/14674\/revisions\/14675"}],"wp:featuredmedia":[{"embeddable":true,"href":"https:\/\/juntscontraelcancer.cat\/es\/wp-json\/wp\/v2\/media\/6039"}],"wp:attachment":[{"href":"https:\/\/juntscontraelcancer.cat\/es\/wp-json\/wp\/v2\/media?parent=14674"}],"wp:term":[{"taxonomy":"category","embeddable":true,"href":"https:\/\/juntscontraelcancer.cat\/es\/wp-json\/wp\/v2\/categories?post=14674"},{"taxonomy":"post_tag","embeddable":true,"href":"https:\/\/juntscontraelcancer.cat\/es\/wp-json\/wp\/v2\/tags?post=14674"}],"curies":[{"name":"wp","href":"https:\/\/api.w.org\/{rel}","templated":true}]}}