{"id":14668,"date":"2020-09-06T00:00:00","date_gmt":"2020-09-05T22:00:00","guid":{"rendered":"https:\/\/junts.enproceso.es\/figueres-acoge-un-curso-basico-de-voluntaria-do-de-oncologia-de-la-fecec-del-18-al-21-de-este-mes\/"},"modified":"2023-06-12T11:52:02","modified_gmt":"2023-06-12T09:52:02","slug":"figueres-acoge-un-curso-basico-de-voluntaria-do-de-oncologia-de-la-fecec-del-18-al-21-de-este-mes","status":"publish","type":"post","link":"https:\/\/juntscontraelcancer.cat\/es\/figueres-acoge-un-curso-basico-de-voluntaria-do-de-oncologia-de-la-fecec-del-18-al-21-de-este-mes\/","title":{"rendered":"Figueres acoge un curso b\u00e1sico de voluntaria-do de oncolog\u00eda de la FECEC del 18 al 21 de este mes"},"content":{"rendered":"<div class=\"\" data-block=\"true\" data-editor=\"8dfj1\" data-offset-key=\"6ohjk-0-0\">\n<div class=\"_1mf _1mj\" data-offset-key=\"6ohjk-0-0\"><span data-offset-key=\"6ohjk-0-0\"><span data-text=\"true\">La <strong>FECEC organizar\u00e1 el pr\u00f3ximo 18, 19 y 21 de septiembre<\/strong> en horario de ma\u00f1ana un<strong> curso b\u00e1sico de voluntariado de oncolog\u00eda en Figueres<\/strong>, en el que se transmitir\u00e1 a los asistentes tanto los conocimientos necesarios como herramientas \u00fatiles para ejercer su colaboraci\u00f3n con enfermos de c\u00e1ncer.<\/span><\/span><\/div>\n<div class=\"_1mf _1mj\" data-offset-key=\"6ohjk-0-0\"><\/div>\n<div class=\"_1mf _1mj\" data-offset-key=\"6ohjk-0-0\">El curso, que durar\u00e1 doce horas, constar\u00e1 de tres bloques. En el primero, que se titula &#8216;El c\u00e1ncer, y el enfermo de c\u00e1ncer&#8217;, la psicoonc\u00f3loga <strong>Patricia Mart\u00ed<\/strong> hablar\u00e1 sobre c\u00f3mo vivir con la patolog\u00eda y el doctor <strong>Jordi Rubi\u00f3<\/strong> tratar\u00e1 las caracter\u00edsticas de la enfermedad oncol\u00f3gica.<\/div>\n<\/div>\n<div class=\"_1mf _1mj\" data-offset-key=\"6ohjk-0-0\"><\/div>\n<div class=\"_1mf _1mj\" data-offset-key=\"6ohjk-0-0\"><img loading=\"lazy\" decoding=\"async\" class=\"alignnone size-full wp-image-35465\" src=\"https:\/\/juntscontraelcancer.cat\/wp-content\/uploads\/2023\/04\/cursvoluntariat-2.png\" alt=\"cursvoluntariat\" width=\"852\" height=\"598\" \/><\/div>\n<div class=\"\" data-block=\"true\" data-editor=\"8dfj1\" data-offset-key=\"1a2rg-0-0\">\n<div class=\"_1mf _1mj\" data-offset-key=\"1a2rg-0-0\"><\/div>\n<div class=\"_1mf _1mj\" data-offset-key=\"1a2rg-0-0\"><span data-offset-key=\"1a2rg-0-0\"><span data-text=\"true\">En el segundo bloque, la enfermera <strong>N\u00faria Cars\u00ed<\/strong> abordar\u00e1 la relaci\u00f3n interpersonal. Esto lo har\u00e1 a trav\u00e9s de tres \u00edtems: el impacto emocional y cuidado del voluntario, la gesti\u00f3n de las emociones en acompa\u00f1amientos a enfermos de larga duraci\u00f3n y las herramientas para los voluntarios que act\u00faan con personas en fase terminal.<\/span><\/span><\/div>\n<\/div>\n<div class=\"\" data-block=\"true\" data-editor=\"8dfj1\" data-offset-key=\"8do75-0-0\">\n<div class=\"_1mf _1mj\" data-offset-key=\"8do75-0-0\"><\/div>\n<div class=\"_1mf _1mj\" data-offset-key=\"8do75-0-0\"><span data-offset-key=\"8do75-0-0\"><span data-text=\"true\">El \u00faltimo ir\u00e1 a cargo del psic\u00f3logo <strong>Josep Soler<\/strong> que explicar\u00e1 las tareas del voluntario en el mundo de la oncolog\u00eda, como debe hacer el acompa\u00f1amiento del enfermo, as\u00ed como preservar la calidad de la acci\u00f3n voluntaria.<\/span><\/span><\/div>\n<\/div>\n<div class=\"\" data-block=\"true\" data-editor=\"8dfj1\" data-offset-key=\"d8o9a-0-0\">\n<div class=\"_1mf _1mj\" data-offset-key=\"d8o9a-0-0\"><\/div>\n<div class=\"_1mf _1mj\" data-offset-key=\"d8o9a-0-0\"><span data-offset-key=\"d8o9a-0-0\"><span data-text=\"true\">Cabe destacar que el curso, organizado por la FECEC junto con la Federaci\u00f3n Catalana de Voluntariado Social (FCVS), est\u00e1 reconocido por el Plan de Formaci\u00f3n del Voluntariado de Catalu\u00f1a. Este ser\u00e1 presencial y para obtener el t\u00edtulo se requerir\u00e1 una asistencia m\u00ednima del 80% de las horas.<\/span><\/span><\/div>\n<\/div>\n<div class=\"\" data-block=\"true\" data-editor=\"8dfj1\" data-offset-key=\"cnhcl-0-0\">\n<div class=\"_1mf _1mj\" data-offset-key=\"cnhcl-0-0\"><\/div>\n<div class=\"_1mf _1mj\" data-offset-key=\"cnhcl-0-0\"><span data-offset-key=\"cnhcl-0-0\"><span data-text=\"true\">Las personas interesadas pueden realizar la inscripci\u00f3n online <a href=\"https:\/\/docs.google.com\/forms\/d\/e\/1FAIpQLScRT3F9b27MDiqLOeN5HBk0T-AKJLGj0u5oz2JBtzBdurM1Tw\/viewform\">en este link <\/a>antes del 15 de septiembre y las plazas ser\u00e1n limitadas. Para m\u00e1s informaci\u00f3n tambi\u00e9n pueden escribir a formaci\u00f3@voluntariat.cat o federacio@juntscontraelcancer.cat<\/span><\/span><\/div>\n<\/div>\n<div class=\"\" data-block=\"true\" data-editor=\"8dfj1\" data-offset-key=\"2ci6g-0-0\">\n<div class=\"_1mf _1mj\" data-offset-key=\"2ci6g-0-0\"><\/div>\n<div class=\"_1mf _1mj\" data-offset-key=\"2ci6g-0-0\"><a href=\"https:\/\/www.juntscontraelcancer.cat\/news\/35453\/cursvoluntariat\/\"><span data-offset-key=\"2ci6g-0-0\"><span data-text=\"true\">Aqu\u00ed puedes descargarte el programa.<\/span><\/span><\/a><\/div>\n<\/div>\n","protected":false},"excerpt":{"rendered":"<p>La FECEC organizar\u00e1 el pr\u00f3ximo 18, 19 y 21 de septiembre en horario de ma\u00f1ana un curso b\u00e1sico de voluntariado de oncolog\u00eda en Figueres, en el que se transmitir\u00e1 a los asistentes tanto los conocimientos necesarios como herramientas \u00fatiles para ejercer su colaboraci\u00f3n con enfermos de c\u00e1ncer. El curso, que durar\u00e1 doce horas, constar\u00e1 de [&#8230;]\n","protected":false},"author":1,"featured_media":14671,"comment_status":"closed","ping_status":"open","sticky":false,"template":"","format":"standard","meta":{"_acf_changed":false,"inline_featured_image":false,"footnotes":""},"categories":[84,3,86,68],"tags":[],"class_list":["post-14668","post","type-post","status-publish","format-standard","has-post-thumbnail","hentry","category-actualidad","category-actualitat","category-destacadas","category-destaquem"],"acf":[],"yoast_head":"<!-- This site is optimized with the Yoast SEO plugin v27.3 - https:\/\/yoast.com\/product\/yoast-seo-wordpress\/ -->\n<title>Figueres acoge un curso b\u00e1sico de voluntaria-do de oncolog\u00eda de la FECEC del 18 al 21 de este mes - Junts contra el c\u00e0ncer - FECEC<\/title>\n<meta name=\"robots\" content=\"index, follow, max-snippet:-1, max-image-preview:large, max-video-preview:-1\" \/>\n<link rel=\"canonical\" href=\"https:\/\/juntscontraelcancer.cat\/es\/figueres-acoge-un-curso-basico-de-voluntaria-do-de-oncologia-de-la-fecec-del-18-al-21-de-este-mes\/\" \/>\n<meta property=\"og:locale\" content=\"es_ES\" \/>\n<meta property=\"og:type\" content=\"article\" \/>\n<meta property=\"og:title\" content=\"Figueres acoge un curso b\u00e1sico de voluntaria-do de oncolog\u00eda de la FECEC del 18 al 21 de este mes - Junts contra el c\u00e0ncer - FECEC\" \/>\n<meta property=\"og:description\" content=\"La FECEC organizar\u00e1 el pr\u00f3ximo 18, 19 y 21 de septiembre en horario de ma\u00f1ana un curso b\u00e1sico de voluntariado de oncolog\u00eda en Figueres, en el que se transmitir\u00e1 a los asistentes tanto los conocimientos necesarios como herramientas \u00fatiles para ejercer su colaboraci\u00f3n con enfermos de c\u00e1ncer. El curso, que durar\u00e1 doce horas, constar\u00e1 de [...]\" \/>\n<meta property=\"og:url\" content=\"https:\/\/juntscontraelcancer.cat\/es\/figueres-acoge-un-curso-basico-de-voluntaria-do-de-oncologia-de-la-fecec-del-18-al-21-de-este-mes\/\" \/>\n<meta property=\"og:site_name\" content=\"Junts contra el c\u00e0ncer - FECEC\" \/>\n<meta property=\"article:publisher\" content=\"https:\/\/www.facebook.com\/fecec.federacio\/\" \/>\n<meta property=\"article:published_time\" content=\"2020-09-05T22:00:00+00:00\" \/>\n<meta property=\"article:modified_time\" content=\"2023-06-12T09:52:02+00:00\" \/>\n<meta property=\"og:image\" content=\"https:\/\/juntscontraelcancer.cat\/wp-content\/uploads\/2023\/04\/Bloc-2-6-5-19-2.jpg\" \/>\n\t<meta property=\"og:image:width\" content=\"1600\" \/>\n\t<meta property=\"og:image:height\" content=\"1200\" \/>\n\t<meta property=\"og:image:type\" content=\"image\/jpeg\" \/>\n<meta name=\"author\" content=\"Pukkas\" \/>\n<meta name=\"twitter:card\" content=\"summary_large_image\" \/>\n<meta name=\"twitter:creator\" content=\"@FececFederacio\" \/>\n<meta name=\"twitter:site\" content=\"@FececFederacio\" \/>\n<meta name=\"twitter:label1\" content=\"Escrito por\" \/>\n\t<meta name=\"twitter:data1\" content=\"Pukkas\" \/>\n\t<meta name=\"twitter:label2\" content=\"Tiempo de lectura\" \/>\n\t<meta name=\"twitter:data2\" content=\"1 minuto\" \/>\n<script type=\"application\/ld+json\" class=\"yoast-schema-graph\">{\"@context\":\"https:\\\/\\\/schema.org\",\"@graph\":[{\"@type\":\"Article\",\"@id\":\"https:\\\/\\\/juntscontraelcancer.cat\\\/es\\\/figueres-acoge-un-curso-basico-de-voluntaria-do-de-oncologia-de-la-fecec-del-18-al-21-de-este-mes\\\/#article\",\"isPartOf\":{\"@id\":\"https:\\\/\\\/juntscontraelcancer.cat\\\/es\\\/figueres-acoge-un-curso-basico-de-voluntaria-do-de-oncologia-de-la-fecec-del-18-al-21-de-este-mes\\\/\"},\"author\":{\"name\":\"Pukkas\",\"@id\":\"https:\\\/\\\/juntscontraelcancer.cat\\\/es\\\/#\\\/schema\\\/person\\\/14c85cb9b3aeddea8f9087bea375813f\"},\"headline\":\"Figueres acoge un curso b\u00e1sico de voluntaria-do de oncolog\u00eda de la FECEC del 18 al 21 de este mes\",\"datePublished\":\"2020-09-05T22:00:00+00:00\",\"dateModified\":\"2023-06-12T09:52:02+00:00\",\"mainEntityOfPage\":{\"@id\":\"https:\\\/\\\/juntscontraelcancer.cat\\\/es\\\/figueres-acoge-un-curso-basico-de-voluntaria-do-de-oncologia-de-la-fecec-del-18-al-21-de-este-mes\\\/\"},\"wordCount\":317,\"publisher\":{\"@id\":\"https:\\\/\\\/juntscontraelcancer.cat\\\/es\\\/#organization\"},\"image\":{\"@id\":\"https:\\\/\\\/juntscontraelcancer.cat\\\/es\\\/figueres-acoge-un-curso-basico-de-voluntaria-do-de-oncologia-de-la-fecec-del-18-al-21-de-este-mes\\\/#primaryimage\"},\"thumbnailUrl\":\"https:\\\/\\\/juntscontraelcancer.cat\\\/wp-content\\\/uploads\\\/2023\\\/04\\\/Bloc-2-6-5-19-2.jpg\",\"articleSection\":[\"Actualidad\",\"Actualitat\",\"Destacadas\",\"Destacats\"],\"inLanguage\":\"es\"},{\"@type\":\"WebPage\",\"@id\":\"https:\\\/\\\/juntscontraelcancer.cat\\\/es\\\/figueres-acoge-un-curso-basico-de-voluntaria-do-de-oncologia-de-la-fecec-del-18-al-21-de-este-mes\\\/\",\"url\":\"https:\\\/\\\/juntscontraelcancer.cat\\\/es\\\/figueres-acoge-un-curso-basico-de-voluntaria-do-de-oncologia-de-la-fecec-del-18-al-21-de-este-mes\\\/\",\"name\":\"Figueres acoge un curso b\u00e1sico de voluntaria-do de oncolog\u00eda de la FECEC del 18 al 21 de este mes - Junts contra el c\u00e0ncer - FECEC\",\"isPartOf\":{\"@id\":\"https:\\\/\\\/juntscontraelcancer.cat\\\/es\\\/#website\"},\"primaryImageOfPage\":{\"@id\":\"https:\\\/\\\/juntscontraelcancer.cat\\\/es\\\/figueres-acoge-un-curso-basico-de-voluntaria-do-de-oncologia-de-la-fecec-del-18-al-21-de-este-mes\\\/#primaryimage\"},\"image\":{\"@id\":\"https:\\\/\\\/juntscontraelcancer.cat\\\/es\\\/figueres-acoge-un-curso-basico-de-voluntaria-do-de-oncologia-de-la-fecec-del-18-al-21-de-este-mes\\\/#primaryimage\"},\"thumbnailUrl\":\"https:\\\/\\\/juntscontraelcancer.cat\\\/wp-content\\\/uploads\\\/2023\\\/04\\\/Bloc-2-6-5-19-2.jpg\",\"datePublished\":\"2020-09-05T22:00:00+00:00\",\"dateModified\":\"2023-06-12T09:52:02+00:00\",\"breadcrumb\":{\"@id\":\"https:\\\/\\\/juntscontraelcancer.cat\\\/es\\\/figueres-acoge-un-curso-basico-de-voluntaria-do-de-oncologia-de-la-fecec-del-18-al-21-de-este-mes\\\/#breadcrumb\"},\"inLanguage\":\"es\",\"potentialAction\":[{\"@type\":\"ReadAction\",\"target\":[\"https:\\\/\\\/juntscontraelcancer.cat\\\/es\\\/figueres-acoge-un-curso-basico-de-voluntaria-do-de-oncologia-de-la-fecec-del-18-al-21-de-este-mes\\\/\"]}]},{\"@type\":\"ImageObject\",\"inLanguage\":\"es\",\"@id\":\"https:\\\/\\\/juntscontraelcancer.cat\\\/es\\\/figueres-acoge-un-curso-basico-de-voluntaria-do-de-oncologia-de-la-fecec-del-18-al-21-de-este-mes\\\/#primaryimage\",\"url\":\"https:\\\/\\\/juntscontraelcancer.cat\\\/wp-content\\\/uploads\\\/2023\\\/04\\\/Bloc-2-6-5-19-2.jpg\",\"contentUrl\":\"https:\\\/\\\/juntscontraelcancer.cat\\\/wp-content\\\/uploads\\\/2023\\\/04\\\/Bloc-2-6-5-19-2.jpg\",\"width\":1600,\"height\":1200},{\"@type\":\"BreadcrumbList\",\"@id\":\"https:\\\/\\\/juntscontraelcancer.cat\\\/es\\\/figueres-acoge-un-curso-basico-de-voluntaria-do-de-oncologia-de-la-fecec-del-18-al-21-de-este-mes\\\/#breadcrumb\",\"itemListElement\":[{\"@type\":\"ListItem\",\"position\":1,\"name\":\"Inicio\",\"item\":\"https:\\\/\\\/juntscontraelcancer.cat\\\/es\\\/\"},{\"@type\":\"ListItem\",\"position\":2,\"name\":\"Figueres acoge un curso b\u00e1sico de voluntaria-do de oncolog\u00eda de la FECEC del 18 al 21 de este mes\"}]},{\"@type\":\"WebSite\",\"@id\":\"https:\\\/\\\/juntscontraelcancer.cat\\\/es\\\/#website\",\"url\":\"https:\\\/\\\/juntscontraelcancer.cat\\\/es\\\/\",\"name\":\"Junts contra el c\u00e0ncer - FECEC\",\"description\":\"\",\"publisher\":{\"@id\":\"https:\\\/\\\/juntscontraelcancer.cat\\\/es\\\/#organization\"},\"potentialAction\":[{\"@type\":\"SearchAction\",\"target\":{\"@type\":\"EntryPoint\",\"urlTemplate\":\"https:\\\/\\\/juntscontraelcancer.cat\\\/es\\\/?s={search_term_string}\"},\"query-input\":{\"@type\":\"PropertyValueSpecification\",\"valueRequired\":true,\"valueName\":\"search_term_string\"}}],\"inLanguage\":\"es\"},{\"@type\":\"Organization\",\"@id\":\"https:\\\/\\\/juntscontraelcancer.cat\\\/es\\\/#organization\",\"name\":\"Junts contra el c\u00e0ncer - FECEC\",\"url\":\"https:\\\/\\\/juntscontraelcancer.cat\\\/es\\\/\",\"logo\":{\"@type\":\"ImageObject\",\"inLanguage\":\"es\",\"@id\":\"https:\\\/\\\/juntscontraelcancer.cat\\\/es\\\/#\\\/schema\\\/logo\\\/image\\\/\",\"url\":\"https:\\\/\\\/juntscontraelcancer.cat\\\/wp-content\\\/uploads\\\/2023\\\/01\\\/logo-fecec-header.png\",\"contentUrl\":\"https:\\\/\\\/juntscontraelcancer.cat\\\/wp-content\\\/uploads\\\/2023\\\/01\\\/logo-fecec-header.png\",\"width\":126,\"height\":74,\"caption\":\"Junts contra el c\u00e0ncer - FECEC\"},\"image\":{\"@id\":\"https:\\\/\\\/juntscontraelcancer.cat\\\/es\\\/#\\\/schema\\\/logo\\\/image\\\/\"},\"sameAs\":[\"https:\\\/\\\/www.facebook.com\\\/fecec.federacio\\\/\",\"https:\\\/\\\/x.com\\\/FececFederacio\",\"https:\\\/\\\/www.instagram.com\\\/fececfederacio\\\/?hl=es\",\"https:\\\/\\\/www.youtube.com\\\/channel\\\/UCgAC_6c6hmHwMQhSCQyYBdA\"]},{\"@type\":\"Person\",\"@id\":\"https:\\\/\\\/juntscontraelcancer.cat\\\/es\\\/#\\\/schema\\\/person\\\/14c85cb9b3aeddea8f9087bea375813f\",\"name\":\"Pukkas\",\"image\":{\"@type\":\"ImageObject\",\"inLanguage\":\"es\",\"@id\":\"https:\\\/\\\/secure.gravatar.com\\\/avatar\\\/7433209641beafe57dbfd32b83f1c28fb7da2f23c98b47d02c7623ce350a0e9f?s=96&d=mm&r=g\",\"url\":\"https:\\\/\\\/secure.gravatar.com\\\/avatar\\\/7433209641beafe57dbfd32b83f1c28fb7da2f23c98b47d02c7623ce350a0e9f?s=96&d=mm&r=g\",\"contentUrl\":\"https:\\\/\\\/secure.gravatar.com\\\/avatar\\\/7433209641beafe57dbfd32b83f1c28fb7da2f23c98b47d02c7623ce350a0e9f?s=96&d=mm&r=g\",\"caption\":\"Pukkas\"},\"sameAs\":[\"https:\\\/\\\/juntscontraelcancer.cat\"]}]}<\/script>\n<!-- \/ Yoast SEO plugin. -->","yoast_head_json":{"title":"Figueres acoge un curso b\u00e1sico de voluntaria-do de oncolog\u00eda de la FECEC del 18 al 21 de este mes - Junts contra el c\u00e0ncer - FECEC","robots":{"index":"index","follow":"follow","max-snippet":"max-snippet:-1","max-image-preview":"max-image-preview:large","max-video-preview":"max-video-preview:-1"},"canonical":"https:\/\/juntscontraelcancer.cat\/es\/figueres-acoge-un-curso-basico-de-voluntaria-do-de-oncologia-de-la-fecec-del-18-al-21-de-este-mes\/","og_locale":"es_ES","og_type":"article","og_title":"Figueres acoge un curso b\u00e1sico de voluntaria-do de oncolog\u00eda de la FECEC del 18 al 21 de este mes - Junts contra el c\u00e0ncer - FECEC","og_description":"La FECEC organizar\u00e1 el pr\u00f3ximo 18, 19 y 21 de septiembre en horario de ma\u00f1ana un curso b\u00e1sico de voluntariado de oncolog\u00eda en Figueres, en el que se transmitir\u00e1 a los asistentes tanto los conocimientos necesarios como herramientas \u00fatiles para ejercer su colaboraci\u00f3n con enfermos de c\u00e1ncer. El curso, que durar\u00e1 doce horas, constar\u00e1 de [...]","og_url":"https:\/\/juntscontraelcancer.cat\/es\/figueres-acoge-un-curso-basico-de-voluntaria-do-de-oncologia-de-la-fecec-del-18-al-21-de-este-mes\/","og_site_name":"Junts contra el c\u00e0ncer - FECEC","article_publisher":"https:\/\/www.facebook.com\/fecec.federacio\/","article_published_time":"2020-09-05T22:00:00+00:00","article_modified_time":"2023-06-12T09:52:02+00:00","og_image":[{"width":1600,"height":1200,"url":"https:\/\/juntscontraelcancer.cat\/wp-content\/uploads\/2023\/04\/Bloc-2-6-5-19-2.jpg","type":"image\/jpeg"}],"author":"Pukkas","twitter_card":"summary_large_image","twitter_creator":"@FececFederacio","twitter_site":"@FececFederacio","twitter_misc":{"Escrito por":"Pukkas","Tiempo de lectura":"1 minuto"},"schema":{"@context":"https:\/\/schema.org","@graph":[{"@type":"Article","@id":"https:\/\/juntscontraelcancer.cat\/es\/figueres-acoge-un-curso-basico-de-voluntaria-do-de-oncologia-de-la-fecec-del-18-al-21-de-este-mes\/#article","isPartOf":{"@id":"https:\/\/juntscontraelcancer.cat\/es\/figueres-acoge-un-curso-basico-de-voluntaria-do-de-oncologia-de-la-fecec-del-18-al-21-de-este-mes\/"},"author":{"name":"Pukkas","@id":"https:\/\/juntscontraelcancer.cat\/es\/#\/schema\/person\/14c85cb9b3aeddea8f9087bea375813f"},"headline":"Figueres acoge un curso b\u00e1sico de voluntaria-do de oncolog\u00eda de la FECEC del 18 al 21 de este mes","datePublished":"2020-09-05T22:00:00+00:00","dateModified":"2023-06-12T09:52:02+00:00","mainEntityOfPage":{"@id":"https:\/\/juntscontraelcancer.cat\/es\/figueres-acoge-un-curso-basico-de-voluntaria-do-de-oncologia-de-la-fecec-del-18-al-21-de-este-mes\/"},"wordCount":317,"publisher":{"@id":"https:\/\/juntscontraelcancer.cat\/es\/#organization"},"image":{"@id":"https:\/\/juntscontraelcancer.cat\/es\/figueres-acoge-un-curso-basico-de-voluntaria-do-de-oncologia-de-la-fecec-del-18-al-21-de-este-mes\/#primaryimage"},"thumbnailUrl":"https:\/\/juntscontraelcancer.cat\/wp-content\/uploads\/2023\/04\/Bloc-2-6-5-19-2.jpg","articleSection":["Actualidad","Actualitat","Destacadas","Destacats"],"inLanguage":"es"},{"@type":"WebPage","@id":"https:\/\/juntscontraelcancer.cat\/es\/figueres-acoge-un-curso-basico-de-voluntaria-do-de-oncologia-de-la-fecec-del-18-al-21-de-este-mes\/","url":"https:\/\/juntscontraelcancer.cat\/es\/figueres-acoge-un-curso-basico-de-voluntaria-do-de-oncologia-de-la-fecec-del-18-al-21-de-este-mes\/","name":"Figueres acoge un curso b\u00e1sico de voluntaria-do de oncolog\u00eda de la FECEC del 18 al 21 de este mes - Junts contra el c\u00e0ncer - FECEC","isPartOf":{"@id":"https:\/\/juntscontraelcancer.cat\/es\/#website"},"primaryImageOfPage":{"@id":"https:\/\/juntscontraelcancer.cat\/es\/figueres-acoge-un-curso-basico-de-voluntaria-do-de-oncologia-de-la-fecec-del-18-al-21-de-este-mes\/#primaryimage"},"image":{"@id":"https:\/\/juntscontraelcancer.cat\/es\/figueres-acoge-un-curso-basico-de-voluntaria-do-de-oncologia-de-la-fecec-del-18-al-21-de-este-mes\/#primaryimage"},"thumbnailUrl":"https:\/\/juntscontraelcancer.cat\/wp-content\/uploads\/2023\/04\/Bloc-2-6-5-19-2.jpg","datePublished":"2020-09-05T22:00:00+00:00","dateModified":"2023-06-12T09:52:02+00:00","breadcrumb":{"@id":"https:\/\/juntscontraelcancer.cat\/es\/figueres-acoge-un-curso-basico-de-voluntaria-do-de-oncologia-de-la-fecec-del-18-al-21-de-este-mes\/#breadcrumb"},"inLanguage":"es","potentialAction":[{"@type":"ReadAction","target":["https:\/\/juntscontraelcancer.cat\/es\/figueres-acoge-un-curso-basico-de-voluntaria-do-de-oncologia-de-la-fecec-del-18-al-21-de-este-mes\/"]}]},{"@type":"ImageObject","inLanguage":"es","@id":"https:\/\/juntscontraelcancer.cat\/es\/figueres-acoge-un-curso-basico-de-voluntaria-do-de-oncologia-de-la-fecec-del-18-al-21-de-este-mes\/#primaryimage","url":"https:\/\/juntscontraelcancer.cat\/wp-content\/uploads\/2023\/04\/Bloc-2-6-5-19-2.jpg","contentUrl":"https:\/\/juntscontraelcancer.cat\/wp-content\/uploads\/2023\/04\/Bloc-2-6-5-19-2.jpg","width":1600,"height":1200},{"@type":"BreadcrumbList","@id":"https:\/\/juntscontraelcancer.cat\/es\/figueres-acoge-un-curso-basico-de-voluntaria-do-de-oncologia-de-la-fecec-del-18-al-21-de-este-mes\/#breadcrumb","itemListElement":[{"@type":"ListItem","position":1,"name":"Inicio","item":"https:\/\/juntscontraelcancer.cat\/es\/"},{"@type":"ListItem","position":2,"name":"Figueres acoge un curso b\u00e1sico de voluntaria-do de oncolog\u00eda de la FECEC del 18 al 21 de este mes"}]},{"@type":"WebSite","@id":"https:\/\/juntscontraelcancer.cat\/es\/#website","url":"https:\/\/juntscontraelcancer.cat\/es\/","name":"Junts contra el c\u00e0ncer - FECEC","description":"","publisher":{"@id":"https:\/\/juntscontraelcancer.cat\/es\/#organization"},"potentialAction":[{"@type":"SearchAction","target":{"@type":"EntryPoint","urlTemplate":"https:\/\/juntscontraelcancer.cat\/es\/?s={search_term_string}"},"query-input":{"@type":"PropertyValueSpecification","valueRequired":true,"valueName":"search_term_string"}}],"inLanguage":"es"},{"@type":"Organization","@id":"https:\/\/juntscontraelcancer.cat\/es\/#organization","name":"Junts contra el c\u00e0ncer - FECEC","url":"https:\/\/juntscontraelcancer.cat\/es\/","logo":{"@type":"ImageObject","inLanguage":"es","@id":"https:\/\/juntscontraelcancer.cat\/es\/#\/schema\/logo\/image\/","url":"https:\/\/juntscontraelcancer.cat\/wp-content\/uploads\/2023\/01\/logo-fecec-header.png","contentUrl":"https:\/\/juntscontraelcancer.cat\/wp-content\/uploads\/2023\/01\/logo-fecec-header.png","width":126,"height":74,"caption":"Junts contra el c\u00e0ncer - FECEC"},"image":{"@id":"https:\/\/juntscontraelcancer.cat\/es\/#\/schema\/logo\/image\/"},"sameAs":["https:\/\/www.facebook.com\/fecec.federacio\/","https:\/\/x.com\/FececFederacio","https:\/\/www.instagram.com\/fececfederacio\/?hl=es","https:\/\/www.youtube.com\/channel\/UCgAC_6c6hmHwMQhSCQyYBdA"]},{"@type":"Person","@id":"https:\/\/juntscontraelcancer.cat\/es\/#\/schema\/person\/14c85cb9b3aeddea8f9087bea375813f","name":"Pukkas","image":{"@type":"ImageObject","inLanguage":"es","@id":"https:\/\/secure.gravatar.com\/avatar\/7433209641beafe57dbfd32b83f1c28fb7da2f23c98b47d02c7623ce350a0e9f?s=96&d=mm&r=g","url":"https:\/\/secure.gravatar.com\/avatar\/7433209641beafe57dbfd32b83f1c28fb7da2f23c98b47d02c7623ce350a0e9f?s=96&d=mm&r=g","contentUrl":"https:\/\/secure.gravatar.com\/avatar\/7433209641beafe57dbfd32b83f1c28fb7da2f23c98b47d02c7623ce350a0e9f?s=96&d=mm&r=g","caption":"Pukkas"},"sameAs":["https:\/\/juntscontraelcancer.cat"]}]}},"_links":{"self":[{"href":"https:\/\/juntscontraelcancer.cat\/es\/wp-json\/wp\/v2\/posts\/14668","targetHints":{"allow":["GET"]}}],"collection":[{"href":"https:\/\/juntscontraelcancer.cat\/es\/wp-json\/wp\/v2\/posts"}],"about":[{"href":"https:\/\/juntscontraelcancer.cat\/es\/wp-json\/wp\/v2\/types\/post"}],"author":[{"embeddable":true,"href":"https:\/\/juntscontraelcancer.cat\/es\/wp-json\/wp\/v2\/users\/1"}],"replies":[{"embeddable":true,"href":"https:\/\/juntscontraelcancer.cat\/es\/wp-json\/wp\/v2\/comments?post=14668"}],"version-history":[{"count":1,"href":"https:\/\/juntscontraelcancer.cat\/es\/wp-json\/wp\/v2\/posts\/14668\/revisions"}],"predecessor-version":[{"id":14670,"href":"https:\/\/juntscontraelcancer.cat\/es\/wp-json\/wp\/v2\/posts\/14668\/revisions\/14670"}],"wp:featuredmedia":[{"embeddable":true,"href":"https:\/\/juntscontraelcancer.cat\/es\/wp-json\/wp\/v2\/media\/14671"}],"wp:attachment":[{"href":"https:\/\/juntscontraelcancer.cat\/es\/wp-json\/wp\/v2\/media?parent=14668"}],"wp:term":[{"taxonomy":"category","embeddable":true,"href":"https:\/\/juntscontraelcancer.cat\/es\/wp-json\/wp\/v2\/categories?post=14668"},{"taxonomy":"post_tag","embeddable":true,"href":"https:\/\/juntscontraelcancer.cat\/es\/wp-json\/wp\/v2\/tags?post=14668"}],"curies":[{"name":"wp","href":"https:\/\/api.w.org\/{rel}","templated":true}]}}