{"id":14666,"date":"2020-08-10T00:00:00","date_gmt":"2020-08-09T22:00:00","guid":{"rendered":"https:\/\/junts.enproceso.es\/recomendaciones-sobre-como-protegerse-del-sol\/"},"modified":"2023-06-12T11:52:03","modified_gmt":"2023-06-12T09:52:03","slug":"recomendaciones-sobre-como-protegerse-del-sol","status":"publish","type":"post","link":"https:\/\/juntscontraelcancer.cat\/es\/recomendaciones-sobre-como-protegerse-del-sol\/","title":{"rendered":"Recomendaciones sobre c\u00f3mo protegerse del sol"},"content":{"rendered":"<p>La protecci\u00f3n solar es muy importante. Y es que, m\u00e1s del 80% de los casos se podr\u00edan prevenir si se evitaran la exposici\u00f3n intensa al sol y las quemaduras cut\u00e1neas, especialmente durante la infancia y la adolescencia.<\/p>\n<p><img loading=\"lazy\" decoding=\"async\" class=\"wp-image-35363 size-large aligncenter\" src=\"https:\/\/juntscontraelcancer.cat\/wp-content\/uploads\/2023\/04\/fecec-sol_pub-02_twitter-1-1024x577.png\" alt=\"fecec-sol_pub-02_twitter\" width=\"625\" height=\"352\" \/><\/p>\n<p>&nbsp;<\/p>\n<p><strong>C\u00d3MO PROTEGERSE<\/strong><\/p>\n<p>Empezar a tomar el sol de manera gradual y aumentar la exposici\u00f3n de manera progresiva.<br \/>\n30 &#8216;antes de tomar el sol utilizar crema fotoprotectora con un \u00edndice 15 o superior. Renovar la aplicaci\u00f3n cada 2-3 horas y cada vez que nos ba\u00f1amos.<br \/>\nLa crema de protecci\u00f3n solar puede ser resistente al agua. Si es water-resistantfins a 40 minutos y si se waterproff hasta 80 minutos<br \/>\nEntre las doce del mediod\u00eda y las cuatro de la tarde evitar estar largos ratos al sol.<br \/>\nBuscar espacios de sombras utilizar sombreros, ropa de algod\u00f3n, protector de labios y gafas de sol que protejan de las radiaciones ultravioletas A \/ B.<br \/>\nA los ni\u00f1os ponerlos sombreros y ropa de algod\u00f3n, sobre todo cerca del agua.<br \/>\nA nadonsno exponerlos directamente a las radiaciones solares ya que su piel es m\u00e1s fina y se pueden quemar con m\u00e1s facilidad.<br \/>\nSi est\u00e1 nublado el efecto de las radiaciones solares act\u00faa igualmente. Hay que seguir las mismas medidas de protecci\u00f3n solar.<br \/>\nEn la muntanyaextremar las medidas de protecci\u00f3n ya que estamos a m\u00e1s altura y la intensidad de los rayos solares es mayor.<br \/>\nAl aire libre utilizar siempre crema fotoprotectora mientras realizamos actividades.<br \/>\nEnviar comentarios<br \/>\nHistorial<br \/>\nGuardadas<br \/>\nComunidad<\/p>\n<p><strong><a href=\"https:\/\/www.juntscontraelcancer.cat\/wp-content\/uploads\/2020\/07\/Recomacions-proteccio%CC%81-solar.pdf\">Consulta todas las recomendaciones sobre c\u00f3mo protegerse del sol\u00a0<\/a><\/strong><\/p>\n","protected":false},"excerpt":{"rendered":"<p>La protecci\u00f3n solar es muy importante. Y es que, m\u00e1s del 80% de los casos se podr\u00edan prevenir si se evitaran la exposici\u00f3n intensa al sol y las quemaduras cut\u00e1neas, especialmente durante la infancia y la adolescencia. Consulta todas las recomendaciones sobre c\u00f3mo protegerse del sol.<\/p>\n","protected":false},"author":1,"featured_media":11708,"comment_status":"closed","ping_status":"open","sticky":false,"template":"","format":"standard","meta":{"_acf_changed":false,"inline_featured_image":false,"footnotes":""},"categories":[84,3,86,68],"tags":[],"class_list":["post-14666","post","type-post","status-publish","format-standard","has-post-thumbnail","hentry","category-actualidad","category-actualitat","category-destacadas","category-destaquem"],"acf":[],"yoast_head":"<!-- This site is optimized with the Yoast SEO plugin v27.3 - https:\/\/yoast.com\/product\/yoast-seo-wordpress\/ -->\n<title>Recomendaciones sobre c\u00f3mo protegerse del sol - Junts contra el c\u00e0ncer - FECEC<\/title>\n<meta name=\"robots\" content=\"index, follow, max-snippet:-1, max-image-preview:large, max-video-preview:-1\" \/>\n<link rel=\"canonical\" href=\"https:\/\/juntscontraelcancer.cat\/es\/recomendaciones-sobre-como-protegerse-del-sol\/\" \/>\n<meta property=\"og:locale\" content=\"es_ES\" \/>\n<meta property=\"og:type\" content=\"article\" \/>\n<meta property=\"og:title\" content=\"Recomendaciones sobre c\u00f3mo protegerse del sol - Junts contra el c\u00e0ncer - FECEC\" \/>\n<meta property=\"og:description\" content=\"La protecci\u00f3n solar es muy importante. Y es que, m\u00e1s del 80% de los casos se podr\u00edan prevenir si se evitaran la exposici\u00f3n intensa al sol y las quemaduras cut\u00e1neas, especialmente durante la infancia y la adolescencia. Consulta todas las recomendaciones sobre c\u00f3mo protegerse del sol.\" \/>\n<meta property=\"og:url\" content=\"https:\/\/juntscontraelcancer.cat\/es\/recomendaciones-sobre-como-protegerse-del-sol\/\" \/>\n<meta property=\"og:site_name\" content=\"Junts contra el c\u00e0ncer - FECEC\" \/>\n<meta property=\"article:publisher\" content=\"https:\/\/www.facebook.com\/fecec.federacio\/\" \/>\n<meta property=\"article:published_time\" content=\"2020-08-09T22:00:00+00:00\" \/>\n<meta property=\"article:modified_time\" content=\"2023-06-12T09:52:03+00:00\" \/>\n<meta property=\"og:image\" content=\"https:\/\/juntscontraelcancer.cat\/wp-content\/uploads\/2023\/04\/fecec-sol_pub-02_twitter-1.png\" \/>\n\t<meta property=\"og:image:width\" content=\"1200\" \/>\n\t<meta property=\"og:image:height\" content=\"676\" \/>\n\t<meta property=\"og:image:type\" content=\"image\/png\" \/>\n<meta name=\"author\" content=\"Pukkas\" \/>\n<meta name=\"twitter:card\" content=\"summary_large_image\" \/>\n<meta name=\"twitter:creator\" content=\"@FececFederacio\" \/>\n<meta name=\"twitter:site\" content=\"@FececFederacio\" \/>\n<meta name=\"twitter:label1\" content=\"Escrito por\" \/>\n\t<meta name=\"twitter:data1\" content=\"Pukkas\" \/>\n\t<meta name=\"twitter:label2\" content=\"Tiempo de lectura\" \/>\n\t<meta name=\"twitter:data2\" content=\"1 minuto\" \/>\n<script type=\"application\/ld+json\" class=\"yoast-schema-graph\">{\"@context\":\"https:\\\/\\\/schema.org\",\"@graph\":[{\"@type\":\"Article\",\"@id\":\"https:\\\/\\\/juntscontraelcancer.cat\\\/es\\\/recomendaciones-sobre-como-protegerse-del-sol\\\/#article\",\"isPartOf\":{\"@id\":\"https:\\\/\\\/juntscontraelcancer.cat\\\/es\\\/recomendaciones-sobre-como-protegerse-del-sol\\\/\"},\"author\":{\"name\":\"Pukkas\",\"@id\":\"https:\\\/\\\/juntscontraelcancer.cat\\\/es\\\/#\\\/schema\\\/person\\\/14c85cb9b3aeddea8f9087bea375813f\"},\"headline\":\"Recomendaciones sobre c\u00f3mo protegerse del sol\",\"datePublished\":\"2020-08-09T22:00:00+00:00\",\"dateModified\":\"2023-06-12T09:52:03+00:00\",\"mainEntityOfPage\":{\"@id\":\"https:\\\/\\\/juntscontraelcancer.cat\\\/es\\\/recomendaciones-sobre-como-protegerse-del-sol\\\/\"},\"wordCount\":271,\"publisher\":{\"@id\":\"https:\\\/\\\/juntscontraelcancer.cat\\\/es\\\/#organization\"},\"image\":{\"@id\":\"https:\\\/\\\/juntscontraelcancer.cat\\\/es\\\/recomendaciones-sobre-como-protegerse-del-sol\\\/#primaryimage\"},\"thumbnailUrl\":\"https:\\\/\\\/juntscontraelcancer.cat\\\/wp-content\\\/uploads\\\/2023\\\/04\\\/fecec-sol_pub-02_twitter-1.png\",\"articleSection\":[\"Actualidad\",\"Actualitat\",\"Destacadas\",\"Destacats\"],\"inLanguage\":\"es\"},{\"@type\":\"WebPage\",\"@id\":\"https:\\\/\\\/juntscontraelcancer.cat\\\/es\\\/recomendaciones-sobre-como-protegerse-del-sol\\\/\",\"url\":\"https:\\\/\\\/juntscontraelcancer.cat\\\/es\\\/recomendaciones-sobre-como-protegerse-del-sol\\\/\",\"name\":\"Recomendaciones sobre c\u00f3mo protegerse del sol - Junts contra el c\u00e0ncer - FECEC\",\"isPartOf\":{\"@id\":\"https:\\\/\\\/juntscontraelcancer.cat\\\/es\\\/#website\"},\"primaryImageOfPage\":{\"@id\":\"https:\\\/\\\/juntscontraelcancer.cat\\\/es\\\/recomendaciones-sobre-como-protegerse-del-sol\\\/#primaryimage\"},\"image\":{\"@id\":\"https:\\\/\\\/juntscontraelcancer.cat\\\/es\\\/recomendaciones-sobre-como-protegerse-del-sol\\\/#primaryimage\"},\"thumbnailUrl\":\"https:\\\/\\\/juntscontraelcancer.cat\\\/wp-content\\\/uploads\\\/2023\\\/04\\\/fecec-sol_pub-02_twitter-1.png\",\"datePublished\":\"2020-08-09T22:00:00+00:00\",\"dateModified\":\"2023-06-12T09:52:03+00:00\",\"breadcrumb\":{\"@id\":\"https:\\\/\\\/juntscontraelcancer.cat\\\/es\\\/recomendaciones-sobre-como-protegerse-del-sol\\\/#breadcrumb\"},\"inLanguage\":\"es\",\"potentialAction\":[{\"@type\":\"ReadAction\",\"target\":[\"https:\\\/\\\/juntscontraelcancer.cat\\\/es\\\/recomendaciones-sobre-como-protegerse-del-sol\\\/\"]}]},{\"@type\":\"ImageObject\",\"inLanguage\":\"es\",\"@id\":\"https:\\\/\\\/juntscontraelcancer.cat\\\/es\\\/recomendaciones-sobre-como-protegerse-del-sol\\\/#primaryimage\",\"url\":\"https:\\\/\\\/juntscontraelcancer.cat\\\/wp-content\\\/uploads\\\/2023\\\/04\\\/fecec-sol_pub-02_twitter-1.png\",\"contentUrl\":\"https:\\\/\\\/juntscontraelcancer.cat\\\/wp-content\\\/uploads\\\/2023\\\/04\\\/fecec-sol_pub-02_twitter-1.png\",\"width\":1200,\"height\":676},{\"@type\":\"BreadcrumbList\",\"@id\":\"https:\\\/\\\/juntscontraelcancer.cat\\\/es\\\/recomendaciones-sobre-como-protegerse-del-sol\\\/#breadcrumb\",\"itemListElement\":[{\"@type\":\"ListItem\",\"position\":1,\"name\":\"Inicio\",\"item\":\"https:\\\/\\\/juntscontraelcancer.cat\\\/es\\\/\"},{\"@type\":\"ListItem\",\"position\":2,\"name\":\"Recomendaciones sobre c\u00f3mo protegerse del sol\"}]},{\"@type\":\"WebSite\",\"@id\":\"https:\\\/\\\/juntscontraelcancer.cat\\\/es\\\/#website\",\"url\":\"https:\\\/\\\/juntscontraelcancer.cat\\\/es\\\/\",\"name\":\"Junts contra el c\u00e0ncer - FECEC\",\"description\":\"\",\"publisher\":{\"@id\":\"https:\\\/\\\/juntscontraelcancer.cat\\\/es\\\/#organization\"},\"potentialAction\":[{\"@type\":\"SearchAction\",\"target\":{\"@type\":\"EntryPoint\",\"urlTemplate\":\"https:\\\/\\\/juntscontraelcancer.cat\\\/es\\\/?s={search_term_string}\"},\"query-input\":{\"@type\":\"PropertyValueSpecification\",\"valueRequired\":true,\"valueName\":\"search_term_string\"}}],\"inLanguage\":\"es\"},{\"@type\":\"Organization\",\"@id\":\"https:\\\/\\\/juntscontraelcancer.cat\\\/es\\\/#organization\",\"name\":\"Junts contra el c\u00e0ncer - FECEC\",\"url\":\"https:\\\/\\\/juntscontraelcancer.cat\\\/es\\\/\",\"logo\":{\"@type\":\"ImageObject\",\"inLanguage\":\"es\",\"@id\":\"https:\\\/\\\/juntscontraelcancer.cat\\\/es\\\/#\\\/schema\\\/logo\\\/image\\\/\",\"url\":\"https:\\\/\\\/juntscontraelcancer.cat\\\/wp-content\\\/uploads\\\/2023\\\/01\\\/logo-fecec-header.png\",\"contentUrl\":\"https:\\\/\\\/juntscontraelcancer.cat\\\/wp-content\\\/uploads\\\/2023\\\/01\\\/logo-fecec-header.png\",\"width\":126,\"height\":74,\"caption\":\"Junts contra el c\u00e0ncer - FECEC\"},\"image\":{\"@id\":\"https:\\\/\\\/juntscontraelcancer.cat\\\/es\\\/#\\\/schema\\\/logo\\\/image\\\/\"},\"sameAs\":[\"https:\\\/\\\/www.facebook.com\\\/fecec.federacio\\\/\",\"https:\\\/\\\/x.com\\\/FececFederacio\",\"https:\\\/\\\/www.instagram.com\\\/fececfederacio\\\/?hl=es\",\"https:\\\/\\\/www.youtube.com\\\/channel\\\/UCgAC_6c6hmHwMQhSCQyYBdA\"]},{\"@type\":\"Person\",\"@id\":\"https:\\\/\\\/juntscontraelcancer.cat\\\/es\\\/#\\\/schema\\\/person\\\/14c85cb9b3aeddea8f9087bea375813f\",\"name\":\"Pukkas\",\"image\":{\"@type\":\"ImageObject\",\"inLanguage\":\"es\",\"@id\":\"https:\\\/\\\/secure.gravatar.com\\\/avatar\\\/7433209641beafe57dbfd32b83f1c28fb7da2f23c98b47d02c7623ce350a0e9f?s=96&d=mm&r=g\",\"url\":\"https:\\\/\\\/secure.gravatar.com\\\/avatar\\\/7433209641beafe57dbfd32b83f1c28fb7da2f23c98b47d02c7623ce350a0e9f?s=96&d=mm&r=g\",\"contentUrl\":\"https:\\\/\\\/secure.gravatar.com\\\/avatar\\\/7433209641beafe57dbfd32b83f1c28fb7da2f23c98b47d02c7623ce350a0e9f?s=96&d=mm&r=g\",\"caption\":\"Pukkas\"},\"sameAs\":[\"https:\\\/\\\/juntscontraelcancer.cat\"]}]}<\/script>\n<!-- \/ Yoast SEO plugin. -->","yoast_head_json":{"title":"Recomendaciones sobre c\u00f3mo protegerse del sol - Junts contra el c\u00e0ncer - FECEC","robots":{"index":"index","follow":"follow","max-snippet":"max-snippet:-1","max-image-preview":"max-image-preview:large","max-video-preview":"max-video-preview:-1"},"canonical":"https:\/\/juntscontraelcancer.cat\/es\/recomendaciones-sobre-como-protegerse-del-sol\/","og_locale":"es_ES","og_type":"article","og_title":"Recomendaciones sobre c\u00f3mo protegerse del sol - Junts contra el c\u00e0ncer - FECEC","og_description":"La protecci\u00f3n solar es muy importante. Y es que, m\u00e1s del 80% de los casos se podr\u00edan prevenir si se evitaran la exposici\u00f3n intensa al sol y las quemaduras cut\u00e1neas, especialmente durante la infancia y la adolescencia. Consulta todas las recomendaciones sobre c\u00f3mo protegerse del sol.","og_url":"https:\/\/juntscontraelcancer.cat\/es\/recomendaciones-sobre-como-protegerse-del-sol\/","og_site_name":"Junts contra el c\u00e0ncer - FECEC","article_publisher":"https:\/\/www.facebook.com\/fecec.federacio\/","article_published_time":"2020-08-09T22:00:00+00:00","article_modified_time":"2023-06-12T09:52:03+00:00","og_image":[{"width":1200,"height":676,"url":"https:\/\/juntscontraelcancer.cat\/wp-content\/uploads\/2023\/04\/fecec-sol_pub-02_twitter-1.png","type":"image\/png"}],"author":"Pukkas","twitter_card":"summary_large_image","twitter_creator":"@FececFederacio","twitter_site":"@FececFederacio","twitter_misc":{"Escrito por":"Pukkas","Tiempo de lectura":"1 minuto"},"schema":{"@context":"https:\/\/schema.org","@graph":[{"@type":"Article","@id":"https:\/\/juntscontraelcancer.cat\/es\/recomendaciones-sobre-como-protegerse-del-sol\/#article","isPartOf":{"@id":"https:\/\/juntscontraelcancer.cat\/es\/recomendaciones-sobre-como-protegerse-del-sol\/"},"author":{"name":"Pukkas","@id":"https:\/\/juntscontraelcancer.cat\/es\/#\/schema\/person\/14c85cb9b3aeddea8f9087bea375813f"},"headline":"Recomendaciones sobre c\u00f3mo protegerse del sol","datePublished":"2020-08-09T22:00:00+00:00","dateModified":"2023-06-12T09:52:03+00:00","mainEntityOfPage":{"@id":"https:\/\/juntscontraelcancer.cat\/es\/recomendaciones-sobre-como-protegerse-del-sol\/"},"wordCount":271,"publisher":{"@id":"https:\/\/juntscontraelcancer.cat\/es\/#organization"},"image":{"@id":"https:\/\/juntscontraelcancer.cat\/es\/recomendaciones-sobre-como-protegerse-del-sol\/#primaryimage"},"thumbnailUrl":"https:\/\/juntscontraelcancer.cat\/wp-content\/uploads\/2023\/04\/fecec-sol_pub-02_twitter-1.png","articleSection":["Actualidad","Actualitat","Destacadas","Destacats"],"inLanguage":"es"},{"@type":"WebPage","@id":"https:\/\/juntscontraelcancer.cat\/es\/recomendaciones-sobre-como-protegerse-del-sol\/","url":"https:\/\/juntscontraelcancer.cat\/es\/recomendaciones-sobre-como-protegerse-del-sol\/","name":"Recomendaciones sobre c\u00f3mo protegerse del sol - Junts contra el c\u00e0ncer - FECEC","isPartOf":{"@id":"https:\/\/juntscontraelcancer.cat\/es\/#website"},"primaryImageOfPage":{"@id":"https:\/\/juntscontraelcancer.cat\/es\/recomendaciones-sobre-como-protegerse-del-sol\/#primaryimage"},"image":{"@id":"https:\/\/juntscontraelcancer.cat\/es\/recomendaciones-sobre-como-protegerse-del-sol\/#primaryimage"},"thumbnailUrl":"https:\/\/juntscontraelcancer.cat\/wp-content\/uploads\/2023\/04\/fecec-sol_pub-02_twitter-1.png","datePublished":"2020-08-09T22:00:00+00:00","dateModified":"2023-06-12T09:52:03+00:00","breadcrumb":{"@id":"https:\/\/juntscontraelcancer.cat\/es\/recomendaciones-sobre-como-protegerse-del-sol\/#breadcrumb"},"inLanguage":"es","potentialAction":[{"@type":"ReadAction","target":["https:\/\/juntscontraelcancer.cat\/es\/recomendaciones-sobre-como-protegerse-del-sol\/"]}]},{"@type":"ImageObject","inLanguage":"es","@id":"https:\/\/juntscontraelcancer.cat\/es\/recomendaciones-sobre-como-protegerse-del-sol\/#primaryimage","url":"https:\/\/juntscontraelcancer.cat\/wp-content\/uploads\/2023\/04\/fecec-sol_pub-02_twitter-1.png","contentUrl":"https:\/\/juntscontraelcancer.cat\/wp-content\/uploads\/2023\/04\/fecec-sol_pub-02_twitter-1.png","width":1200,"height":676},{"@type":"BreadcrumbList","@id":"https:\/\/juntscontraelcancer.cat\/es\/recomendaciones-sobre-como-protegerse-del-sol\/#breadcrumb","itemListElement":[{"@type":"ListItem","position":1,"name":"Inicio","item":"https:\/\/juntscontraelcancer.cat\/es\/"},{"@type":"ListItem","position":2,"name":"Recomendaciones sobre c\u00f3mo protegerse del sol"}]},{"@type":"WebSite","@id":"https:\/\/juntscontraelcancer.cat\/es\/#website","url":"https:\/\/juntscontraelcancer.cat\/es\/","name":"Junts contra el c\u00e0ncer - FECEC","description":"","publisher":{"@id":"https:\/\/juntscontraelcancer.cat\/es\/#organization"},"potentialAction":[{"@type":"SearchAction","target":{"@type":"EntryPoint","urlTemplate":"https:\/\/juntscontraelcancer.cat\/es\/?s={search_term_string}"},"query-input":{"@type":"PropertyValueSpecification","valueRequired":true,"valueName":"search_term_string"}}],"inLanguage":"es"},{"@type":"Organization","@id":"https:\/\/juntscontraelcancer.cat\/es\/#organization","name":"Junts contra el c\u00e0ncer - FECEC","url":"https:\/\/juntscontraelcancer.cat\/es\/","logo":{"@type":"ImageObject","inLanguage":"es","@id":"https:\/\/juntscontraelcancer.cat\/es\/#\/schema\/logo\/image\/","url":"https:\/\/juntscontraelcancer.cat\/wp-content\/uploads\/2023\/01\/logo-fecec-header.png","contentUrl":"https:\/\/juntscontraelcancer.cat\/wp-content\/uploads\/2023\/01\/logo-fecec-header.png","width":126,"height":74,"caption":"Junts contra el c\u00e0ncer - FECEC"},"image":{"@id":"https:\/\/juntscontraelcancer.cat\/es\/#\/schema\/logo\/image\/"},"sameAs":["https:\/\/www.facebook.com\/fecec.federacio\/","https:\/\/x.com\/FececFederacio","https:\/\/www.instagram.com\/fececfederacio\/?hl=es","https:\/\/www.youtube.com\/channel\/UCgAC_6c6hmHwMQhSCQyYBdA"]},{"@type":"Person","@id":"https:\/\/juntscontraelcancer.cat\/es\/#\/schema\/person\/14c85cb9b3aeddea8f9087bea375813f","name":"Pukkas","image":{"@type":"ImageObject","inLanguage":"es","@id":"https:\/\/secure.gravatar.com\/avatar\/7433209641beafe57dbfd32b83f1c28fb7da2f23c98b47d02c7623ce350a0e9f?s=96&d=mm&r=g","url":"https:\/\/secure.gravatar.com\/avatar\/7433209641beafe57dbfd32b83f1c28fb7da2f23c98b47d02c7623ce350a0e9f?s=96&d=mm&r=g","contentUrl":"https:\/\/secure.gravatar.com\/avatar\/7433209641beafe57dbfd32b83f1c28fb7da2f23c98b47d02c7623ce350a0e9f?s=96&d=mm&r=g","caption":"Pukkas"},"sameAs":["https:\/\/juntscontraelcancer.cat"]}]}},"_links":{"self":[{"href":"https:\/\/juntscontraelcancer.cat\/es\/wp-json\/wp\/v2\/posts\/14666","targetHints":{"allow":["GET"]}}],"collection":[{"href":"https:\/\/juntscontraelcancer.cat\/es\/wp-json\/wp\/v2\/posts"}],"about":[{"href":"https:\/\/juntscontraelcancer.cat\/es\/wp-json\/wp\/v2\/types\/post"}],"author":[{"embeddable":true,"href":"https:\/\/juntscontraelcancer.cat\/es\/wp-json\/wp\/v2\/users\/1"}],"replies":[{"embeddable":true,"href":"https:\/\/juntscontraelcancer.cat\/es\/wp-json\/wp\/v2\/comments?post=14666"}],"version-history":[{"count":1,"href":"https:\/\/juntscontraelcancer.cat\/es\/wp-json\/wp\/v2\/posts\/14666\/revisions"}],"predecessor-version":[{"id":14667,"href":"https:\/\/juntscontraelcancer.cat\/es\/wp-json\/wp\/v2\/posts\/14666\/revisions\/14667"}],"wp:featuredmedia":[{"embeddable":true,"href":"https:\/\/juntscontraelcancer.cat\/es\/wp-json\/wp\/v2\/media\/11708"}],"wp:attachment":[{"href":"https:\/\/juntscontraelcancer.cat\/es\/wp-json\/wp\/v2\/media?parent=14666"}],"wp:term":[{"taxonomy":"category","embeddable":true,"href":"https:\/\/juntscontraelcancer.cat\/es\/wp-json\/wp\/v2\/categories?post=14666"},{"taxonomy":"post_tag","embeddable":true,"href":"https:\/\/juntscontraelcancer.cat\/es\/wp-json\/wp\/v2\/tags?post=14666"}],"curies":[{"name":"wp","href":"https:\/\/api.w.org\/{rel}","templated":true}]}}