{"id":14657,"date":"2020-07-09T00:00:00","date_gmt":"2020-07-08T22:00:00","guid":{"rendered":"https:\/\/junts.enproceso.es\/ya-tenemos-a-disposicion-la-memoria-de-actividades-de-la-fecec-de-2019\/"},"modified":"2023-06-12T11:52:03","modified_gmt":"2023-06-12T09:52:03","slug":"ya-tenemos-a-disposicion-la-memoria-de-actividades-de-la-fecec-de-2019","status":"publish","type":"post","link":"https:\/\/juntscontraelcancer.cat\/es\/ya-tenemos-a-disposicion-la-memoria-de-actividades-de-la-fecec-de-2019\/","title":{"rendered":"Ya tenemos a disposici\u00f3n la Memoria de Actividades de la FECEC de 2019"},"content":{"rendered":"<p>La Junta y la Asamblea General de la FECEC, reunida el mes de mayo, aprob\u00f3, entre otros puntos las cuentas del a\u00f1o 2019 y la Memoria de Actividades de la Federaci\u00f3n.<\/p>\n<p><img loading=\"lazy\" decoding=\"async\" class=\"wp-image-35245 aligncenter\" src=\"https:\/\/juntscontraelcancer.cat\/wp-content\/uploads\/2023\/04\/1.-memoria-2019-cast.jpg\" alt=\"1. memoria 2019 cast\" width=\"500\" height=\"259\" \/><\/p>\n<p>En cuanto a los servicios de las entidades federadas, lo m\u00e1s destacado de 2019 ha sido el siguiente:<\/p>\n<p><strong>SERVICIOS A LAS ENTIDADES<\/strong><\/p>\n<p>Durante el a\u00f1o 2019, la FECEC ha asistido a 67 reuniones en representaci\u00f3n de las entidades federadas en m\u00e1s de 27 \u00f3rganos y \/ o entidades. La FECEC ha atendido y derivado 218 peticiones externas hacia las entidades federadas. La FECEC ha enviado 37 boletines, 30 recortes de prensa setmanal.Tamb\u00e9 ha participado en 7 jornadas de divulgaci\u00f3n y sensibilizaci\u00f3n y ha organizado 8 reuniones de los 2 grupos de trabajo. Con los servicios a las entidades, la FECEC est\u00e1 potenciando sobre todo los ODS 3 y 5.<\/p>\n<p><strong>FUENTE DE CONOCIMIENTO<\/strong><\/p>\n<p>Tambi\u00e9n ha editado el informe La FECEC en Cifras 2018, donde se detallan los diferentes servicios y actuaciones que se han realizado<\/p>\n<p>durante el a\u00f1o en el conjunto de las entidades para atender el total de 16.000 pacientes y familias.<\/p>\n<p>Con los servicios directos ofrecidos a pacientes y familiares, se trabaja el ODS 3.<\/p>\n<p><strong>PROGRAMA DE PREVENCI\u00d3N Y DIVULGACI\u00d3N<\/strong><\/p>\n<p>La FECEC ha organizado 67 actos con 61.000 participantes y un impacto a m\u00e1s de 111.000 personas.<\/p>\n<p><strong>PROGRAMA DE FOMENTO DEL VOLUNTARIADO EN EL \u00c1MBITO ONCOL\u00d3GICO<\/strong><\/p>\n<p>La FECEC ha organizado 3 cursos de formaci\u00f3n y una c\u00e1psula de formaci\u00f3n con 81 voluntarios formados, adem\u00e1s de la jornada<\/p>\n<p>XV Encuentro de Voluntariado en el \u00e1mbito oncol\u00f3gico con 186 participantes y se han organizado 4 sesiones del Grupo de Trabajo y una sesi\u00f3n de formaci\u00f3n. Se trabaja el ODS 3 y 5.<\/p>\n<p><strong>PROGRAMA DESPU\u00c9S DEL C\u00c1NCER<\/strong><\/p>\n<p>Organizaci\u00f3n de la jornada \u00abCelebra la vida despu\u00e9s del c\u00e1ncer\u00bb con m\u00e1s de 500 participantes, y un impacto en medios de comunicaci\u00f3n a 300.000 personas. Reanudar, servicio de orientaci\u00f3n laboral despu\u00e9s del c\u00e1ncer: iniciado en abril 2017. Ha dado 56<\/p>\n<p>peticiones. Consolidaci\u00f3n del espacio digital www.despresdelcancer.cat con 69.842 visitas y 88.000 p\u00e1ginas vistas.<\/p>\n<p>Presentaci\u00f3n de la investigaci\u00f3n Factores que facilitan y dificultan la reincorporaci\u00f3n al trabajo.<br \/>\nFirma convenio con la Mutua Asepeyo para promover la gesti\u00f3n del c\u00e1ncer en el \u00e1mbito laboral entre las empresas mutualistas.<br \/>\nConsolidaci\u00f3n de la prueba piloto en el Vall\u00e8s Oriental \u00ab\u00bfQu\u00e9 hacer cuando aparece el c\u00e1ncer en el trabajo\u00bb con 12 alianzas en el territorio, 5 empresas OncoCompromeses, 1 formaci\u00f3n a empresarios de la comarca y 9 intervenciones.<br \/>\nAsistencia a 4 jornadas para dar a conocer el Despu\u00e9s del C\u00e1ncer.<br \/>\nSe trabaja el ODS 3, 5 y sobre todo el 8 y 10.<\/p>\n<p><a href=\"https:\/\/www.juntscontraelcancer.cat\/wp-content\/uploads\/2020\/07\/629_MEMORIA_ESPANYOL.pdf\"><strong>En este enlace se puede descargar la memoria completa.<\/strong><\/a><\/p>\n<p>&nbsp;<\/p>\n","protected":false},"excerpt":{"rendered":"<p>La Junta y la Asamblea General de la FECEC, reunida el mes de mayo, aprob\u00f3, entre otros puntos las cuentas del a\u00f1o 2019 y la Memoria de Actividades de la Federaci\u00f3n. Desde aqu\u00ed puedes consultar y tener acceso a memoria completa.<\/p>\n","protected":false},"author":1,"featured_media":14658,"comment_status":"closed","ping_status":"open","sticky":false,"template":"","format":"standard","meta":{"_acf_changed":false,"inline_featured_image":false,"footnotes":""},"categories":[84,3,86,68],"tags":[],"class_list":["post-14657","post","type-post","status-publish","format-standard","has-post-thumbnail","hentry","category-actualidad","category-actualitat","category-destacadas","category-destaquem"],"acf":[],"yoast_head":"<!-- This site is optimized with the Yoast SEO plugin v27.3 - https:\/\/yoast.com\/product\/yoast-seo-wordpress\/ -->\n<title>Ya tenemos a disposici\u00f3n la Memoria de Actividades de la FECEC de 2019 - Junts contra el c\u00e0ncer - FECEC<\/title>\n<meta name=\"robots\" content=\"index, follow, max-snippet:-1, max-image-preview:large, max-video-preview:-1\" \/>\n<link rel=\"canonical\" href=\"https:\/\/juntscontraelcancer.cat\/es\/ya-tenemos-a-disposicion-la-memoria-de-actividades-de-la-fecec-de-2019\/\" \/>\n<meta property=\"og:locale\" content=\"es_ES\" \/>\n<meta property=\"og:type\" content=\"article\" \/>\n<meta property=\"og:title\" content=\"Ya tenemos a disposici\u00f3n la Memoria de Actividades de la FECEC de 2019 - Junts contra el c\u00e0ncer - FECEC\" \/>\n<meta property=\"og:description\" content=\"La Junta y la Asamblea General de la FECEC, reunida el mes de mayo, aprob\u00f3, entre otros puntos las cuentas del a\u00f1o 2019 y la Memoria de Actividades de la Federaci\u00f3n. Desde aqu\u00ed puedes consultar y tener acceso a memoria completa.\" \/>\n<meta property=\"og:url\" content=\"https:\/\/juntscontraelcancer.cat\/es\/ya-tenemos-a-disposicion-la-memoria-de-actividades-de-la-fecec-de-2019\/\" \/>\n<meta property=\"og:site_name\" content=\"Junts contra el c\u00e0ncer - FECEC\" \/>\n<meta property=\"article:publisher\" content=\"https:\/\/www.facebook.com\/fecec.federacio\/\" \/>\n<meta property=\"article:published_time\" content=\"2020-07-08T22:00:00+00:00\" \/>\n<meta property=\"article:modified_time\" content=\"2023-06-12T09:52:03+00:00\" \/>\n<meta property=\"og:image\" content=\"https:\/\/juntscontraelcancer.cat\/wp-content\/uploads\/2023\/04\/1.-memoria-2019-cast.jpg\" \/>\n\t<meta property=\"og:image:width\" content=\"800\" \/>\n\t<meta property=\"og:image:height\" content=\"415\" \/>\n\t<meta property=\"og:image:type\" content=\"image\/jpeg\" \/>\n<meta name=\"author\" content=\"Pukkas\" \/>\n<meta name=\"twitter:card\" content=\"summary_large_image\" \/>\n<meta name=\"twitter:creator\" content=\"@FececFederacio\" \/>\n<meta name=\"twitter:site\" content=\"@FececFederacio\" \/>\n<meta name=\"twitter:label1\" content=\"Escrito por\" \/>\n\t<meta name=\"twitter:data1\" content=\"Pukkas\" \/>\n\t<meta name=\"twitter:label2\" content=\"Tiempo de lectura\" \/>\n\t<meta name=\"twitter:data2\" content=\"2 minutos\" \/>\n<script type=\"application\/ld+json\" class=\"yoast-schema-graph\">{\"@context\":\"https:\\\/\\\/schema.org\",\"@graph\":[{\"@type\":\"Article\",\"@id\":\"https:\\\/\\\/juntscontraelcancer.cat\\\/es\\\/ya-tenemos-a-disposicion-la-memoria-de-actividades-de-la-fecec-de-2019\\\/#article\",\"isPartOf\":{\"@id\":\"https:\\\/\\\/juntscontraelcancer.cat\\\/es\\\/ya-tenemos-a-disposicion-la-memoria-de-actividades-de-la-fecec-de-2019\\\/\"},\"author\":{\"name\":\"Pukkas\",\"@id\":\"https:\\\/\\\/juntscontraelcancer.cat\\\/es\\\/#\\\/schema\\\/person\\\/14c85cb9b3aeddea8f9087bea375813f\"},\"headline\":\"Ya tenemos a disposici\u00f3n la Memoria de Actividades de la FECEC de 2019\",\"datePublished\":\"2020-07-08T22:00:00+00:00\",\"dateModified\":\"2023-06-12T09:52:03+00:00\",\"mainEntityOfPage\":{\"@id\":\"https:\\\/\\\/juntscontraelcancer.cat\\\/es\\\/ya-tenemos-a-disposicion-la-memoria-de-actividades-de-la-fecec-de-2019\\\/\"},\"wordCount\":463,\"publisher\":{\"@id\":\"https:\\\/\\\/juntscontraelcancer.cat\\\/es\\\/#organization\"},\"image\":{\"@id\":\"https:\\\/\\\/juntscontraelcancer.cat\\\/es\\\/ya-tenemos-a-disposicion-la-memoria-de-actividades-de-la-fecec-de-2019\\\/#primaryimage\"},\"thumbnailUrl\":\"https:\\\/\\\/juntscontraelcancer.cat\\\/wp-content\\\/uploads\\\/2023\\\/04\\\/1.-memoria-2019-cast.jpg\",\"articleSection\":[\"Actualidad\",\"Actualitat\",\"Destacadas\",\"Destacats\"],\"inLanguage\":\"es\"},{\"@type\":\"WebPage\",\"@id\":\"https:\\\/\\\/juntscontraelcancer.cat\\\/es\\\/ya-tenemos-a-disposicion-la-memoria-de-actividades-de-la-fecec-de-2019\\\/\",\"url\":\"https:\\\/\\\/juntscontraelcancer.cat\\\/es\\\/ya-tenemos-a-disposicion-la-memoria-de-actividades-de-la-fecec-de-2019\\\/\",\"name\":\"Ya tenemos a disposici\u00f3n la Memoria de Actividades de la FECEC de 2019 - Junts contra el c\u00e0ncer - FECEC\",\"isPartOf\":{\"@id\":\"https:\\\/\\\/juntscontraelcancer.cat\\\/es\\\/#website\"},\"primaryImageOfPage\":{\"@id\":\"https:\\\/\\\/juntscontraelcancer.cat\\\/es\\\/ya-tenemos-a-disposicion-la-memoria-de-actividades-de-la-fecec-de-2019\\\/#primaryimage\"},\"image\":{\"@id\":\"https:\\\/\\\/juntscontraelcancer.cat\\\/es\\\/ya-tenemos-a-disposicion-la-memoria-de-actividades-de-la-fecec-de-2019\\\/#primaryimage\"},\"thumbnailUrl\":\"https:\\\/\\\/juntscontraelcancer.cat\\\/wp-content\\\/uploads\\\/2023\\\/04\\\/1.-memoria-2019-cast.jpg\",\"datePublished\":\"2020-07-08T22:00:00+00:00\",\"dateModified\":\"2023-06-12T09:52:03+00:00\",\"breadcrumb\":{\"@id\":\"https:\\\/\\\/juntscontraelcancer.cat\\\/es\\\/ya-tenemos-a-disposicion-la-memoria-de-actividades-de-la-fecec-de-2019\\\/#breadcrumb\"},\"inLanguage\":\"es\",\"potentialAction\":[{\"@type\":\"ReadAction\",\"target\":[\"https:\\\/\\\/juntscontraelcancer.cat\\\/es\\\/ya-tenemos-a-disposicion-la-memoria-de-actividades-de-la-fecec-de-2019\\\/\"]}]},{\"@type\":\"ImageObject\",\"inLanguage\":\"es\",\"@id\":\"https:\\\/\\\/juntscontraelcancer.cat\\\/es\\\/ya-tenemos-a-disposicion-la-memoria-de-actividades-de-la-fecec-de-2019\\\/#primaryimage\",\"url\":\"https:\\\/\\\/juntscontraelcancer.cat\\\/wp-content\\\/uploads\\\/2023\\\/04\\\/1.-memoria-2019-cast.jpg\",\"contentUrl\":\"https:\\\/\\\/juntscontraelcancer.cat\\\/wp-content\\\/uploads\\\/2023\\\/04\\\/1.-memoria-2019-cast.jpg\",\"width\":800,\"height\":415},{\"@type\":\"BreadcrumbList\",\"@id\":\"https:\\\/\\\/juntscontraelcancer.cat\\\/es\\\/ya-tenemos-a-disposicion-la-memoria-de-actividades-de-la-fecec-de-2019\\\/#breadcrumb\",\"itemListElement\":[{\"@type\":\"ListItem\",\"position\":1,\"name\":\"Inicio\",\"item\":\"https:\\\/\\\/juntscontraelcancer.cat\\\/es\\\/\"},{\"@type\":\"ListItem\",\"position\":2,\"name\":\"Ya tenemos a disposici\u00f3n la Memoria de Actividades de la FECEC de 2019\"}]},{\"@type\":\"WebSite\",\"@id\":\"https:\\\/\\\/juntscontraelcancer.cat\\\/es\\\/#website\",\"url\":\"https:\\\/\\\/juntscontraelcancer.cat\\\/es\\\/\",\"name\":\"Junts contra el c\u00e0ncer - FECEC\",\"description\":\"\",\"publisher\":{\"@id\":\"https:\\\/\\\/juntscontraelcancer.cat\\\/es\\\/#organization\"},\"potentialAction\":[{\"@type\":\"SearchAction\",\"target\":{\"@type\":\"EntryPoint\",\"urlTemplate\":\"https:\\\/\\\/juntscontraelcancer.cat\\\/es\\\/?s={search_term_string}\"},\"query-input\":{\"@type\":\"PropertyValueSpecification\",\"valueRequired\":true,\"valueName\":\"search_term_string\"}}],\"inLanguage\":\"es\"},{\"@type\":\"Organization\",\"@id\":\"https:\\\/\\\/juntscontraelcancer.cat\\\/es\\\/#organization\",\"name\":\"Junts contra el c\u00e0ncer - FECEC\",\"url\":\"https:\\\/\\\/juntscontraelcancer.cat\\\/es\\\/\",\"logo\":{\"@type\":\"ImageObject\",\"inLanguage\":\"es\",\"@id\":\"https:\\\/\\\/juntscontraelcancer.cat\\\/es\\\/#\\\/schema\\\/logo\\\/image\\\/\",\"url\":\"https:\\\/\\\/juntscontraelcancer.cat\\\/wp-content\\\/uploads\\\/2023\\\/01\\\/logo-fecec-header.png\",\"contentUrl\":\"https:\\\/\\\/juntscontraelcancer.cat\\\/wp-content\\\/uploads\\\/2023\\\/01\\\/logo-fecec-header.png\",\"width\":126,\"height\":74,\"caption\":\"Junts contra el c\u00e0ncer - FECEC\"},\"image\":{\"@id\":\"https:\\\/\\\/juntscontraelcancer.cat\\\/es\\\/#\\\/schema\\\/logo\\\/image\\\/\"},\"sameAs\":[\"https:\\\/\\\/www.facebook.com\\\/fecec.federacio\\\/\",\"https:\\\/\\\/x.com\\\/FececFederacio\",\"https:\\\/\\\/www.instagram.com\\\/fececfederacio\\\/?hl=es\",\"https:\\\/\\\/www.youtube.com\\\/channel\\\/UCgAC_6c6hmHwMQhSCQyYBdA\"]},{\"@type\":\"Person\",\"@id\":\"https:\\\/\\\/juntscontraelcancer.cat\\\/es\\\/#\\\/schema\\\/person\\\/14c85cb9b3aeddea8f9087bea375813f\",\"name\":\"Pukkas\",\"image\":{\"@type\":\"ImageObject\",\"inLanguage\":\"es\",\"@id\":\"https:\\\/\\\/secure.gravatar.com\\\/avatar\\\/7433209641beafe57dbfd32b83f1c28fb7da2f23c98b47d02c7623ce350a0e9f?s=96&d=mm&r=g\",\"url\":\"https:\\\/\\\/secure.gravatar.com\\\/avatar\\\/7433209641beafe57dbfd32b83f1c28fb7da2f23c98b47d02c7623ce350a0e9f?s=96&d=mm&r=g\",\"contentUrl\":\"https:\\\/\\\/secure.gravatar.com\\\/avatar\\\/7433209641beafe57dbfd32b83f1c28fb7da2f23c98b47d02c7623ce350a0e9f?s=96&d=mm&r=g\",\"caption\":\"Pukkas\"},\"sameAs\":[\"https:\\\/\\\/juntscontraelcancer.cat\"]}]}<\/script>\n<!-- \/ Yoast SEO plugin. -->","yoast_head_json":{"title":"Ya tenemos a disposici\u00f3n la Memoria de Actividades de la FECEC de 2019 - Junts contra el c\u00e0ncer - FECEC","robots":{"index":"index","follow":"follow","max-snippet":"max-snippet:-1","max-image-preview":"max-image-preview:large","max-video-preview":"max-video-preview:-1"},"canonical":"https:\/\/juntscontraelcancer.cat\/es\/ya-tenemos-a-disposicion-la-memoria-de-actividades-de-la-fecec-de-2019\/","og_locale":"es_ES","og_type":"article","og_title":"Ya tenemos a disposici\u00f3n la Memoria de Actividades de la FECEC de 2019 - Junts contra el c\u00e0ncer - FECEC","og_description":"La Junta y la Asamblea General de la FECEC, reunida el mes de mayo, aprob\u00f3, entre otros puntos las cuentas del a\u00f1o 2019 y la Memoria de Actividades de la Federaci\u00f3n. Desde aqu\u00ed puedes consultar y tener acceso a memoria completa.","og_url":"https:\/\/juntscontraelcancer.cat\/es\/ya-tenemos-a-disposicion-la-memoria-de-actividades-de-la-fecec-de-2019\/","og_site_name":"Junts contra el c\u00e0ncer - FECEC","article_publisher":"https:\/\/www.facebook.com\/fecec.federacio\/","article_published_time":"2020-07-08T22:00:00+00:00","article_modified_time":"2023-06-12T09:52:03+00:00","og_image":[{"width":800,"height":415,"url":"https:\/\/juntscontraelcancer.cat\/wp-content\/uploads\/2023\/04\/1.-memoria-2019-cast.jpg","type":"image\/jpeg"}],"author":"Pukkas","twitter_card":"summary_large_image","twitter_creator":"@FececFederacio","twitter_site":"@FececFederacio","twitter_misc":{"Escrito por":"Pukkas","Tiempo de lectura":"2 minutos"},"schema":{"@context":"https:\/\/schema.org","@graph":[{"@type":"Article","@id":"https:\/\/juntscontraelcancer.cat\/es\/ya-tenemos-a-disposicion-la-memoria-de-actividades-de-la-fecec-de-2019\/#article","isPartOf":{"@id":"https:\/\/juntscontraelcancer.cat\/es\/ya-tenemos-a-disposicion-la-memoria-de-actividades-de-la-fecec-de-2019\/"},"author":{"name":"Pukkas","@id":"https:\/\/juntscontraelcancer.cat\/es\/#\/schema\/person\/14c85cb9b3aeddea8f9087bea375813f"},"headline":"Ya tenemos a disposici\u00f3n la Memoria de Actividades de la FECEC de 2019","datePublished":"2020-07-08T22:00:00+00:00","dateModified":"2023-06-12T09:52:03+00:00","mainEntityOfPage":{"@id":"https:\/\/juntscontraelcancer.cat\/es\/ya-tenemos-a-disposicion-la-memoria-de-actividades-de-la-fecec-de-2019\/"},"wordCount":463,"publisher":{"@id":"https:\/\/juntscontraelcancer.cat\/es\/#organization"},"image":{"@id":"https:\/\/juntscontraelcancer.cat\/es\/ya-tenemos-a-disposicion-la-memoria-de-actividades-de-la-fecec-de-2019\/#primaryimage"},"thumbnailUrl":"https:\/\/juntscontraelcancer.cat\/wp-content\/uploads\/2023\/04\/1.-memoria-2019-cast.jpg","articleSection":["Actualidad","Actualitat","Destacadas","Destacats"],"inLanguage":"es"},{"@type":"WebPage","@id":"https:\/\/juntscontraelcancer.cat\/es\/ya-tenemos-a-disposicion-la-memoria-de-actividades-de-la-fecec-de-2019\/","url":"https:\/\/juntscontraelcancer.cat\/es\/ya-tenemos-a-disposicion-la-memoria-de-actividades-de-la-fecec-de-2019\/","name":"Ya tenemos a disposici\u00f3n la Memoria de Actividades de la FECEC de 2019 - Junts contra el c\u00e0ncer - FECEC","isPartOf":{"@id":"https:\/\/juntscontraelcancer.cat\/es\/#website"},"primaryImageOfPage":{"@id":"https:\/\/juntscontraelcancer.cat\/es\/ya-tenemos-a-disposicion-la-memoria-de-actividades-de-la-fecec-de-2019\/#primaryimage"},"image":{"@id":"https:\/\/juntscontraelcancer.cat\/es\/ya-tenemos-a-disposicion-la-memoria-de-actividades-de-la-fecec-de-2019\/#primaryimage"},"thumbnailUrl":"https:\/\/juntscontraelcancer.cat\/wp-content\/uploads\/2023\/04\/1.-memoria-2019-cast.jpg","datePublished":"2020-07-08T22:00:00+00:00","dateModified":"2023-06-12T09:52:03+00:00","breadcrumb":{"@id":"https:\/\/juntscontraelcancer.cat\/es\/ya-tenemos-a-disposicion-la-memoria-de-actividades-de-la-fecec-de-2019\/#breadcrumb"},"inLanguage":"es","potentialAction":[{"@type":"ReadAction","target":["https:\/\/juntscontraelcancer.cat\/es\/ya-tenemos-a-disposicion-la-memoria-de-actividades-de-la-fecec-de-2019\/"]}]},{"@type":"ImageObject","inLanguage":"es","@id":"https:\/\/juntscontraelcancer.cat\/es\/ya-tenemos-a-disposicion-la-memoria-de-actividades-de-la-fecec-de-2019\/#primaryimage","url":"https:\/\/juntscontraelcancer.cat\/wp-content\/uploads\/2023\/04\/1.-memoria-2019-cast.jpg","contentUrl":"https:\/\/juntscontraelcancer.cat\/wp-content\/uploads\/2023\/04\/1.-memoria-2019-cast.jpg","width":800,"height":415},{"@type":"BreadcrumbList","@id":"https:\/\/juntscontraelcancer.cat\/es\/ya-tenemos-a-disposicion-la-memoria-de-actividades-de-la-fecec-de-2019\/#breadcrumb","itemListElement":[{"@type":"ListItem","position":1,"name":"Inicio","item":"https:\/\/juntscontraelcancer.cat\/es\/"},{"@type":"ListItem","position":2,"name":"Ya tenemos a disposici\u00f3n la Memoria de Actividades de la FECEC de 2019"}]},{"@type":"WebSite","@id":"https:\/\/juntscontraelcancer.cat\/es\/#website","url":"https:\/\/juntscontraelcancer.cat\/es\/","name":"Junts contra el c\u00e0ncer - FECEC","description":"","publisher":{"@id":"https:\/\/juntscontraelcancer.cat\/es\/#organization"},"potentialAction":[{"@type":"SearchAction","target":{"@type":"EntryPoint","urlTemplate":"https:\/\/juntscontraelcancer.cat\/es\/?s={search_term_string}"},"query-input":{"@type":"PropertyValueSpecification","valueRequired":true,"valueName":"search_term_string"}}],"inLanguage":"es"},{"@type":"Organization","@id":"https:\/\/juntscontraelcancer.cat\/es\/#organization","name":"Junts contra el c\u00e0ncer - FECEC","url":"https:\/\/juntscontraelcancer.cat\/es\/","logo":{"@type":"ImageObject","inLanguage":"es","@id":"https:\/\/juntscontraelcancer.cat\/es\/#\/schema\/logo\/image\/","url":"https:\/\/juntscontraelcancer.cat\/wp-content\/uploads\/2023\/01\/logo-fecec-header.png","contentUrl":"https:\/\/juntscontraelcancer.cat\/wp-content\/uploads\/2023\/01\/logo-fecec-header.png","width":126,"height":74,"caption":"Junts contra el c\u00e0ncer - FECEC"},"image":{"@id":"https:\/\/juntscontraelcancer.cat\/es\/#\/schema\/logo\/image\/"},"sameAs":["https:\/\/www.facebook.com\/fecec.federacio\/","https:\/\/x.com\/FececFederacio","https:\/\/www.instagram.com\/fececfederacio\/?hl=es","https:\/\/www.youtube.com\/channel\/UCgAC_6c6hmHwMQhSCQyYBdA"]},{"@type":"Person","@id":"https:\/\/juntscontraelcancer.cat\/es\/#\/schema\/person\/14c85cb9b3aeddea8f9087bea375813f","name":"Pukkas","image":{"@type":"ImageObject","inLanguage":"es","@id":"https:\/\/secure.gravatar.com\/avatar\/7433209641beafe57dbfd32b83f1c28fb7da2f23c98b47d02c7623ce350a0e9f?s=96&d=mm&r=g","url":"https:\/\/secure.gravatar.com\/avatar\/7433209641beafe57dbfd32b83f1c28fb7da2f23c98b47d02c7623ce350a0e9f?s=96&d=mm&r=g","contentUrl":"https:\/\/secure.gravatar.com\/avatar\/7433209641beafe57dbfd32b83f1c28fb7da2f23c98b47d02c7623ce350a0e9f?s=96&d=mm&r=g","caption":"Pukkas"},"sameAs":["https:\/\/juntscontraelcancer.cat"]}]}},"_links":{"self":[{"href":"https:\/\/juntscontraelcancer.cat\/es\/wp-json\/wp\/v2\/posts\/14657","targetHints":{"allow":["GET"]}}],"collection":[{"href":"https:\/\/juntscontraelcancer.cat\/es\/wp-json\/wp\/v2\/posts"}],"about":[{"href":"https:\/\/juntscontraelcancer.cat\/es\/wp-json\/wp\/v2\/types\/post"}],"author":[{"embeddable":true,"href":"https:\/\/juntscontraelcancer.cat\/es\/wp-json\/wp\/v2\/users\/1"}],"replies":[{"embeddable":true,"href":"https:\/\/juntscontraelcancer.cat\/es\/wp-json\/wp\/v2\/comments?post=14657"}],"version-history":[{"count":1,"href":"https:\/\/juntscontraelcancer.cat\/es\/wp-json\/wp\/v2\/posts\/14657\/revisions"}],"predecessor-version":[{"id":14659,"href":"https:\/\/juntscontraelcancer.cat\/es\/wp-json\/wp\/v2\/posts\/14657\/revisions\/14659"}],"wp:featuredmedia":[{"embeddable":true,"href":"https:\/\/juntscontraelcancer.cat\/es\/wp-json\/wp\/v2\/media\/14658"}],"wp:attachment":[{"href":"https:\/\/juntscontraelcancer.cat\/es\/wp-json\/wp\/v2\/media?parent=14657"}],"wp:term":[{"taxonomy":"category","embeddable":true,"href":"https:\/\/juntscontraelcancer.cat\/es\/wp-json\/wp\/v2\/categories?post=14657"},{"taxonomy":"post_tag","embeddable":true,"href":"https:\/\/juntscontraelcancer.cat\/es\/wp-json\/wp\/v2\/tags?post=14657"}],"curies":[{"name":"wp","href":"https:\/\/api.w.org\/{rel}","templated":true}]}}