{"id":14653,"date":"2020-06-18T00:00:00","date_gmt":"2020-06-17T22:00:00","guid":{"rendered":"https:\/\/junts.enproceso.es\/las-entidades-de-la-fecec-adoptan-protocolos-para-la-reapertura-de-sus-centros\/"},"modified":"2023-06-12T11:52:04","modified_gmt":"2023-06-12T09:52:04","slug":"las-entidades-de-la-fecec-adoptan-protocolos-para-la-reapertura-de-sus-centros","status":"publish","type":"post","link":"https:\/\/juntscontraelcancer.cat\/es\/las-entidades-de-la-fecec-adoptan-protocolos-para-la-reapertura-de-sus-centros\/","title":{"rendered":"Las entidades de la FECEC adoptan protocolos para la reapertura de sus centros"},"content":{"rendered":"<p>Ante la fase de desescalada provocada por la pandemia del coronavirus, las entidades adheridas a la FECEC han empezado a reabrir sus puertas con toda una serie de protocolos de seguridad que tienen el objetivo de limitar los contagios. Estos protocolos se han elaborado siguiendo las pautas y recomendaciones formuladas por las autoridades sanitarias.<\/p>\n<p><img loading=\"lazy\" decoding=\"async\" class=\"wp-image-35202 aligncenter\" src=\"https:\/\/juntscontraelcancer.cat\/wp-content\/uploads\/2023\/04\/desescalada-covid.jpg\" alt=\"desescalada covid\" width=\"500\" height=\"329\" \/><\/p>\n<p>Estas medidas de actuaci\u00f3n post-Covid-19 las adoptar\u00e1n todas las personas que f\u00edsicamente se tengan que desplazar a las entidades (usuarios, socios, familiares, trabajadores &#8230;)<\/p>\n<p><strong>Entre las medidas establecidas, cabe destacar las siguientes:<\/strong><\/p>\n<p>Las entidades aconsejan que los visitantes se presenten en sus instalaciones sin ning\u00fan acompa\u00f1ante para reducir el riesgo de contagio y difusi\u00f3n de la infecci\u00f3n, siempre y cuando sea posible.<\/p>\n<p>Asimismo, al entrar, siempre se deber\u00e1 hacer con mascarilla y mantenerla puesta durante toda el tiempo de la visita y en caso de que no la persona no disponga de mascarilla, la entidad hay facilitar\u00e1 una.<\/p>\n<p>El visitante o profesional tambi\u00e9n se deber\u00e1 lavar las manos antes de entrar con gel hidroalcoh\u00f3lico aunque se lleve guantes y una vez dentro, algunas entidades han adoptado la medida de tomar la temperatura con term\u00f3metro. Si esta es superior a 37,5\u00ba, se pedir\u00eda que la persona no entrara en el centro y lo informe a su CAP.<\/p>\n<p>Los protocolos tambi\u00e9n contemplan mantener las distancias de seguridad (1,5-2 m) dentro de los centros ya sea con los profesionales como con otras personas que lo visiten y en el caso de tener tos, estornudos, hacerlo en la cara interna del codo o con pa\u00f1uelo de papel que se tirar\u00e1 a la basura.<\/p>\n<p>Aparte, tambi\u00e9n se establece mantener los turnos en la cocina para tomar el caf\u00e9, t\u00e9 o beber agua con un m\u00e1ximo de 2 personas, siempre que se respete la distancia de seguridad de 1,5, pasar el vaso o taza o utensilio de cocina que se haya usado y lavarse las manos con agua y jab\u00f3n o soluci\u00f3n hidroalc\u00f2lica cada vez que se manipule comida, o cualquier otro elemento externo.<\/p>\n<p>Las entidades tambi\u00e9n aconsejan abstenerse de tocarse la boca, la nariz y los ojos sin haberse lavado previamente las manos y hacer un uso permanente de mascarilla quir\u00fargica mientras se est\u00e9 dentro de los recintos.<\/p>\n<p>&nbsp;<\/p>\n","protected":false},"excerpt":{"rendered":"<p>Ante la fase de desescalada, las entidades adheridas a la FECEC han empezado a reabrir sus puertas con toda una serie de protocolos de seguridad que tienen el objetivo de limitar los contagios. Estos protocolos se han elaborado siguiendo las pautas y recomendaciones formuladas por las autoridades sanitarias.<\/p>\n","protected":false},"author":1,"featured_media":11624,"comment_status":"closed","ping_status":"open","sticky":false,"template":"","format":"standard","meta":{"_acf_changed":false,"inline_featured_image":false,"footnotes":""},"categories":[84,3,86,68],"tags":[],"class_list":["post-14653","post","type-post","status-publish","format-standard","has-post-thumbnail","hentry","category-actualidad","category-actualitat","category-destacadas","category-destaquem"],"acf":[],"yoast_head":"<!-- This site is optimized with the Yoast SEO plugin v27.3 - https:\/\/yoast.com\/product\/yoast-seo-wordpress\/ -->\n<title>Las entidades de la FECEC adoptan protocolos para la reapertura de sus centros - Junts contra el c\u00e0ncer - FECEC<\/title>\n<meta name=\"robots\" content=\"index, follow, max-snippet:-1, max-image-preview:large, max-video-preview:-1\" \/>\n<link rel=\"canonical\" href=\"https:\/\/juntscontraelcancer.cat\/es\/las-entidades-de-la-fecec-adoptan-protocolos-para-la-reapertura-de-sus-centros\/\" \/>\n<meta property=\"og:locale\" content=\"es_ES\" \/>\n<meta property=\"og:type\" content=\"article\" \/>\n<meta property=\"og:title\" content=\"Las entidades de la FECEC adoptan protocolos para la reapertura de sus centros - Junts contra el c\u00e0ncer - FECEC\" \/>\n<meta property=\"og:description\" content=\"Ante la fase de desescalada, las entidades adheridas a la FECEC han empezado a reabrir sus puertas con toda una serie de protocolos de seguridad que tienen el objetivo de limitar los contagios. Estos protocolos se han elaborado siguiendo las pautas y recomendaciones formuladas por las autoridades sanitarias.\" \/>\n<meta property=\"og:url\" content=\"https:\/\/juntscontraelcancer.cat\/es\/las-entidades-de-la-fecec-adoptan-protocolos-para-la-reapertura-de-sus-centros\/\" \/>\n<meta property=\"og:site_name\" content=\"Junts contra el c\u00e0ncer - FECEC\" \/>\n<meta property=\"article:publisher\" content=\"https:\/\/www.facebook.com\/fecec.federacio\/\" \/>\n<meta property=\"article:published_time\" content=\"2020-06-17T22:00:00+00:00\" \/>\n<meta property=\"article:modified_time\" content=\"2023-06-12T09:52:04+00:00\" \/>\n<meta property=\"og:image\" content=\"https:\/\/juntscontraelcancer.cat\/wp-content\/uploads\/2023\/04\/desescalada-covid.jpg\" \/>\n\t<meta property=\"og:image:width\" content=\"1280\" \/>\n\t<meta property=\"og:image:height\" content=\"843\" \/>\n\t<meta property=\"og:image:type\" content=\"image\/jpeg\" \/>\n<meta name=\"author\" content=\"Pukkas\" \/>\n<meta name=\"twitter:card\" content=\"summary_large_image\" \/>\n<meta name=\"twitter:creator\" content=\"@FececFederacio\" \/>\n<meta name=\"twitter:site\" content=\"@FececFederacio\" \/>\n<meta name=\"twitter:label1\" content=\"Escrito por\" \/>\n\t<meta name=\"twitter:data1\" content=\"Pukkas\" \/>\n\t<meta name=\"twitter:label2\" content=\"Tiempo de lectura\" \/>\n\t<meta name=\"twitter:data2\" content=\"2 minutos\" \/>\n<script type=\"application\/ld+json\" class=\"yoast-schema-graph\">{\"@context\":\"https:\\\/\\\/schema.org\",\"@graph\":[{\"@type\":\"Article\",\"@id\":\"https:\\\/\\\/juntscontraelcancer.cat\\\/es\\\/las-entidades-de-la-fecec-adoptan-protocolos-para-la-reapertura-de-sus-centros\\\/#article\",\"isPartOf\":{\"@id\":\"https:\\\/\\\/juntscontraelcancer.cat\\\/es\\\/las-entidades-de-la-fecec-adoptan-protocolos-para-la-reapertura-de-sus-centros\\\/\"},\"author\":{\"name\":\"Pukkas\",\"@id\":\"https:\\\/\\\/juntscontraelcancer.cat\\\/es\\\/#\\\/schema\\\/person\\\/14c85cb9b3aeddea8f9087bea375813f\"},\"headline\":\"Las entidades de la FECEC adoptan protocolos para la reapertura de sus centros\",\"datePublished\":\"2020-06-17T22:00:00+00:00\",\"dateModified\":\"2023-06-12T09:52:04+00:00\",\"mainEntityOfPage\":{\"@id\":\"https:\\\/\\\/juntscontraelcancer.cat\\\/es\\\/las-entidades-de-la-fecec-adoptan-protocolos-para-la-reapertura-de-sus-centros\\\/\"},\"wordCount\":397,\"publisher\":{\"@id\":\"https:\\\/\\\/juntscontraelcancer.cat\\\/es\\\/#organization\"},\"image\":{\"@id\":\"https:\\\/\\\/juntscontraelcancer.cat\\\/es\\\/las-entidades-de-la-fecec-adoptan-protocolos-para-la-reapertura-de-sus-centros\\\/#primaryimage\"},\"thumbnailUrl\":\"https:\\\/\\\/juntscontraelcancer.cat\\\/wp-content\\\/uploads\\\/2023\\\/04\\\/desescalada-covid.jpg\",\"articleSection\":[\"Actualidad\",\"Actualitat\",\"Destacadas\",\"Destacats\"],\"inLanguage\":\"es\"},{\"@type\":\"WebPage\",\"@id\":\"https:\\\/\\\/juntscontraelcancer.cat\\\/es\\\/las-entidades-de-la-fecec-adoptan-protocolos-para-la-reapertura-de-sus-centros\\\/\",\"url\":\"https:\\\/\\\/juntscontraelcancer.cat\\\/es\\\/las-entidades-de-la-fecec-adoptan-protocolos-para-la-reapertura-de-sus-centros\\\/\",\"name\":\"Las entidades de la FECEC adoptan protocolos para la reapertura de sus centros - Junts contra el c\u00e0ncer - FECEC\",\"isPartOf\":{\"@id\":\"https:\\\/\\\/juntscontraelcancer.cat\\\/es\\\/#website\"},\"primaryImageOfPage\":{\"@id\":\"https:\\\/\\\/juntscontraelcancer.cat\\\/es\\\/las-entidades-de-la-fecec-adoptan-protocolos-para-la-reapertura-de-sus-centros\\\/#primaryimage\"},\"image\":{\"@id\":\"https:\\\/\\\/juntscontraelcancer.cat\\\/es\\\/las-entidades-de-la-fecec-adoptan-protocolos-para-la-reapertura-de-sus-centros\\\/#primaryimage\"},\"thumbnailUrl\":\"https:\\\/\\\/juntscontraelcancer.cat\\\/wp-content\\\/uploads\\\/2023\\\/04\\\/desescalada-covid.jpg\",\"datePublished\":\"2020-06-17T22:00:00+00:00\",\"dateModified\":\"2023-06-12T09:52:04+00:00\",\"breadcrumb\":{\"@id\":\"https:\\\/\\\/juntscontraelcancer.cat\\\/es\\\/las-entidades-de-la-fecec-adoptan-protocolos-para-la-reapertura-de-sus-centros\\\/#breadcrumb\"},\"inLanguage\":\"es\",\"potentialAction\":[{\"@type\":\"ReadAction\",\"target\":[\"https:\\\/\\\/juntscontraelcancer.cat\\\/es\\\/las-entidades-de-la-fecec-adoptan-protocolos-para-la-reapertura-de-sus-centros\\\/\"]}]},{\"@type\":\"ImageObject\",\"inLanguage\":\"es\",\"@id\":\"https:\\\/\\\/juntscontraelcancer.cat\\\/es\\\/las-entidades-de-la-fecec-adoptan-protocolos-para-la-reapertura-de-sus-centros\\\/#primaryimage\",\"url\":\"https:\\\/\\\/juntscontraelcancer.cat\\\/wp-content\\\/uploads\\\/2023\\\/04\\\/desescalada-covid.jpg\",\"contentUrl\":\"https:\\\/\\\/juntscontraelcancer.cat\\\/wp-content\\\/uploads\\\/2023\\\/04\\\/desescalada-covid.jpg\",\"width\":1280,\"height\":843},{\"@type\":\"BreadcrumbList\",\"@id\":\"https:\\\/\\\/juntscontraelcancer.cat\\\/es\\\/las-entidades-de-la-fecec-adoptan-protocolos-para-la-reapertura-de-sus-centros\\\/#breadcrumb\",\"itemListElement\":[{\"@type\":\"ListItem\",\"position\":1,\"name\":\"Inicio\",\"item\":\"https:\\\/\\\/juntscontraelcancer.cat\\\/es\\\/\"},{\"@type\":\"ListItem\",\"position\":2,\"name\":\"Las entidades de la FECEC adoptan protocolos para la reapertura de sus centros\"}]},{\"@type\":\"WebSite\",\"@id\":\"https:\\\/\\\/juntscontraelcancer.cat\\\/es\\\/#website\",\"url\":\"https:\\\/\\\/juntscontraelcancer.cat\\\/es\\\/\",\"name\":\"Junts contra el c\u00e0ncer - FECEC\",\"description\":\"\",\"publisher\":{\"@id\":\"https:\\\/\\\/juntscontraelcancer.cat\\\/es\\\/#organization\"},\"potentialAction\":[{\"@type\":\"SearchAction\",\"target\":{\"@type\":\"EntryPoint\",\"urlTemplate\":\"https:\\\/\\\/juntscontraelcancer.cat\\\/es\\\/?s={search_term_string}\"},\"query-input\":{\"@type\":\"PropertyValueSpecification\",\"valueRequired\":true,\"valueName\":\"search_term_string\"}}],\"inLanguage\":\"es\"},{\"@type\":\"Organization\",\"@id\":\"https:\\\/\\\/juntscontraelcancer.cat\\\/es\\\/#organization\",\"name\":\"Junts contra el c\u00e0ncer - FECEC\",\"url\":\"https:\\\/\\\/juntscontraelcancer.cat\\\/es\\\/\",\"logo\":{\"@type\":\"ImageObject\",\"inLanguage\":\"es\",\"@id\":\"https:\\\/\\\/juntscontraelcancer.cat\\\/es\\\/#\\\/schema\\\/logo\\\/image\\\/\",\"url\":\"https:\\\/\\\/juntscontraelcancer.cat\\\/wp-content\\\/uploads\\\/2023\\\/01\\\/logo-fecec-header.png\",\"contentUrl\":\"https:\\\/\\\/juntscontraelcancer.cat\\\/wp-content\\\/uploads\\\/2023\\\/01\\\/logo-fecec-header.png\",\"width\":126,\"height\":74,\"caption\":\"Junts contra el c\u00e0ncer - FECEC\"},\"image\":{\"@id\":\"https:\\\/\\\/juntscontraelcancer.cat\\\/es\\\/#\\\/schema\\\/logo\\\/image\\\/\"},\"sameAs\":[\"https:\\\/\\\/www.facebook.com\\\/fecec.federacio\\\/\",\"https:\\\/\\\/x.com\\\/FececFederacio\",\"https:\\\/\\\/www.instagram.com\\\/fececfederacio\\\/?hl=es\",\"https:\\\/\\\/www.youtube.com\\\/channel\\\/UCgAC_6c6hmHwMQhSCQyYBdA\"]},{\"@type\":\"Person\",\"@id\":\"https:\\\/\\\/juntscontraelcancer.cat\\\/es\\\/#\\\/schema\\\/person\\\/14c85cb9b3aeddea8f9087bea375813f\",\"name\":\"Pukkas\",\"image\":{\"@type\":\"ImageObject\",\"inLanguage\":\"es\",\"@id\":\"https:\\\/\\\/secure.gravatar.com\\\/avatar\\\/7433209641beafe57dbfd32b83f1c28fb7da2f23c98b47d02c7623ce350a0e9f?s=96&d=mm&r=g\",\"url\":\"https:\\\/\\\/secure.gravatar.com\\\/avatar\\\/7433209641beafe57dbfd32b83f1c28fb7da2f23c98b47d02c7623ce350a0e9f?s=96&d=mm&r=g\",\"contentUrl\":\"https:\\\/\\\/secure.gravatar.com\\\/avatar\\\/7433209641beafe57dbfd32b83f1c28fb7da2f23c98b47d02c7623ce350a0e9f?s=96&d=mm&r=g\",\"caption\":\"Pukkas\"},\"sameAs\":[\"https:\\\/\\\/juntscontraelcancer.cat\"]}]}<\/script>\n<!-- \/ Yoast SEO plugin. -->","yoast_head_json":{"title":"Las entidades de la FECEC adoptan protocolos para la reapertura de sus centros - Junts contra el c\u00e0ncer - FECEC","robots":{"index":"index","follow":"follow","max-snippet":"max-snippet:-1","max-image-preview":"max-image-preview:large","max-video-preview":"max-video-preview:-1"},"canonical":"https:\/\/juntscontraelcancer.cat\/es\/las-entidades-de-la-fecec-adoptan-protocolos-para-la-reapertura-de-sus-centros\/","og_locale":"es_ES","og_type":"article","og_title":"Las entidades de la FECEC adoptan protocolos para la reapertura de sus centros - Junts contra el c\u00e0ncer - FECEC","og_description":"Ante la fase de desescalada, las entidades adheridas a la FECEC han empezado a reabrir sus puertas con toda una serie de protocolos de seguridad que tienen el objetivo de limitar los contagios. Estos protocolos se han elaborado siguiendo las pautas y recomendaciones formuladas por las autoridades sanitarias.","og_url":"https:\/\/juntscontraelcancer.cat\/es\/las-entidades-de-la-fecec-adoptan-protocolos-para-la-reapertura-de-sus-centros\/","og_site_name":"Junts contra el c\u00e0ncer - FECEC","article_publisher":"https:\/\/www.facebook.com\/fecec.federacio\/","article_published_time":"2020-06-17T22:00:00+00:00","article_modified_time":"2023-06-12T09:52:04+00:00","og_image":[{"width":1280,"height":843,"url":"https:\/\/juntscontraelcancer.cat\/wp-content\/uploads\/2023\/04\/desescalada-covid.jpg","type":"image\/jpeg"}],"author":"Pukkas","twitter_card":"summary_large_image","twitter_creator":"@FececFederacio","twitter_site":"@FececFederacio","twitter_misc":{"Escrito por":"Pukkas","Tiempo de lectura":"2 minutos"},"schema":{"@context":"https:\/\/schema.org","@graph":[{"@type":"Article","@id":"https:\/\/juntscontraelcancer.cat\/es\/las-entidades-de-la-fecec-adoptan-protocolos-para-la-reapertura-de-sus-centros\/#article","isPartOf":{"@id":"https:\/\/juntscontraelcancer.cat\/es\/las-entidades-de-la-fecec-adoptan-protocolos-para-la-reapertura-de-sus-centros\/"},"author":{"name":"Pukkas","@id":"https:\/\/juntscontraelcancer.cat\/es\/#\/schema\/person\/14c85cb9b3aeddea8f9087bea375813f"},"headline":"Las entidades de la FECEC adoptan protocolos para la reapertura de sus centros","datePublished":"2020-06-17T22:00:00+00:00","dateModified":"2023-06-12T09:52:04+00:00","mainEntityOfPage":{"@id":"https:\/\/juntscontraelcancer.cat\/es\/las-entidades-de-la-fecec-adoptan-protocolos-para-la-reapertura-de-sus-centros\/"},"wordCount":397,"publisher":{"@id":"https:\/\/juntscontraelcancer.cat\/es\/#organization"},"image":{"@id":"https:\/\/juntscontraelcancer.cat\/es\/las-entidades-de-la-fecec-adoptan-protocolos-para-la-reapertura-de-sus-centros\/#primaryimage"},"thumbnailUrl":"https:\/\/juntscontraelcancer.cat\/wp-content\/uploads\/2023\/04\/desescalada-covid.jpg","articleSection":["Actualidad","Actualitat","Destacadas","Destacats"],"inLanguage":"es"},{"@type":"WebPage","@id":"https:\/\/juntscontraelcancer.cat\/es\/las-entidades-de-la-fecec-adoptan-protocolos-para-la-reapertura-de-sus-centros\/","url":"https:\/\/juntscontraelcancer.cat\/es\/las-entidades-de-la-fecec-adoptan-protocolos-para-la-reapertura-de-sus-centros\/","name":"Las entidades de la FECEC adoptan protocolos para la reapertura de sus centros - Junts contra el c\u00e0ncer - FECEC","isPartOf":{"@id":"https:\/\/juntscontraelcancer.cat\/es\/#website"},"primaryImageOfPage":{"@id":"https:\/\/juntscontraelcancer.cat\/es\/las-entidades-de-la-fecec-adoptan-protocolos-para-la-reapertura-de-sus-centros\/#primaryimage"},"image":{"@id":"https:\/\/juntscontraelcancer.cat\/es\/las-entidades-de-la-fecec-adoptan-protocolos-para-la-reapertura-de-sus-centros\/#primaryimage"},"thumbnailUrl":"https:\/\/juntscontraelcancer.cat\/wp-content\/uploads\/2023\/04\/desescalada-covid.jpg","datePublished":"2020-06-17T22:00:00+00:00","dateModified":"2023-06-12T09:52:04+00:00","breadcrumb":{"@id":"https:\/\/juntscontraelcancer.cat\/es\/las-entidades-de-la-fecec-adoptan-protocolos-para-la-reapertura-de-sus-centros\/#breadcrumb"},"inLanguage":"es","potentialAction":[{"@type":"ReadAction","target":["https:\/\/juntscontraelcancer.cat\/es\/las-entidades-de-la-fecec-adoptan-protocolos-para-la-reapertura-de-sus-centros\/"]}]},{"@type":"ImageObject","inLanguage":"es","@id":"https:\/\/juntscontraelcancer.cat\/es\/las-entidades-de-la-fecec-adoptan-protocolos-para-la-reapertura-de-sus-centros\/#primaryimage","url":"https:\/\/juntscontraelcancer.cat\/wp-content\/uploads\/2023\/04\/desescalada-covid.jpg","contentUrl":"https:\/\/juntscontraelcancer.cat\/wp-content\/uploads\/2023\/04\/desescalada-covid.jpg","width":1280,"height":843},{"@type":"BreadcrumbList","@id":"https:\/\/juntscontraelcancer.cat\/es\/las-entidades-de-la-fecec-adoptan-protocolos-para-la-reapertura-de-sus-centros\/#breadcrumb","itemListElement":[{"@type":"ListItem","position":1,"name":"Inicio","item":"https:\/\/juntscontraelcancer.cat\/es\/"},{"@type":"ListItem","position":2,"name":"Las entidades de la FECEC adoptan protocolos para la reapertura de sus centros"}]},{"@type":"WebSite","@id":"https:\/\/juntscontraelcancer.cat\/es\/#website","url":"https:\/\/juntscontraelcancer.cat\/es\/","name":"Junts contra el c\u00e0ncer - FECEC","description":"","publisher":{"@id":"https:\/\/juntscontraelcancer.cat\/es\/#organization"},"potentialAction":[{"@type":"SearchAction","target":{"@type":"EntryPoint","urlTemplate":"https:\/\/juntscontraelcancer.cat\/es\/?s={search_term_string}"},"query-input":{"@type":"PropertyValueSpecification","valueRequired":true,"valueName":"search_term_string"}}],"inLanguage":"es"},{"@type":"Organization","@id":"https:\/\/juntscontraelcancer.cat\/es\/#organization","name":"Junts contra el c\u00e0ncer - FECEC","url":"https:\/\/juntscontraelcancer.cat\/es\/","logo":{"@type":"ImageObject","inLanguage":"es","@id":"https:\/\/juntscontraelcancer.cat\/es\/#\/schema\/logo\/image\/","url":"https:\/\/juntscontraelcancer.cat\/wp-content\/uploads\/2023\/01\/logo-fecec-header.png","contentUrl":"https:\/\/juntscontraelcancer.cat\/wp-content\/uploads\/2023\/01\/logo-fecec-header.png","width":126,"height":74,"caption":"Junts contra el c\u00e0ncer - FECEC"},"image":{"@id":"https:\/\/juntscontraelcancer.cat\/es\/#\/schema\/logo\/image\/"},"sameAs":["https:\/\/www.facebook.com\/fecec.federacio\/","https:\/\/x.com\/FececFederacio","https:\/\/www.instagram.com\/fececfederacio\/?hl=es","https:\/\/www.youtube.com\/channel\/UCgAC_6c6hmHwMQhSCQyYBdA"]},{"@type":"Person","@id":"https:\/\/juntscontraelcancer.cat\/es\/#\/schema\/person\/14c85cb9b3aeddea8f9087bea375813f","name":"Pukkas","image":{"@type":"ImageObject","inLanguage":"es","@id":"https:\/\/secure.gravatar.com\/avatar\/7433209641beafe57dbfd32b83f1c28fb7da2f23c98b47d02c7623ce350a0e9f?s=96&d=mm&r=g","url":"https:\/\/secure.gravatar.com\/avatar\/7433209641beafe57dbfd32b83f1c28fb7da2f23c98b47d02c7623ce350a0e9f?s=96&d=mm&r=g","contentUrl":"https:\/\/secure.gravatar.com\/avatar\/7433209641beafe57dbfd32b83f1c28fb7da2f23c98b47d02c7623ce350a0e9f?s=96&d=mm&r=g","caption":"Pukkas"},"sameAs":["https:\/\/juntscontraelcancer.cat"]}]}},"_links":{"self":[{"href":"https:\/\/juntscontraelcancer.cat\/es\/wp-json\/wp\/v2\/posts\/14653","targetHints":{"allow":["GET"]}}],"collection":[{"href":"https:\/\/juntscontraelcancer.cat\/es\/wp-json\/wp\/v2\/posts"}],"about":[{"href":"https:\/\/juntscontraelcancer.cat\/es\/wp-json\/wp\/v2\/types\/post"}],"author":[{"embeddable":true,"href":"https:\/\/juntscontraelcancer.cat\/es\/wp-json\/wp\/v2\/users\/1"}],"replies":[{"embeddable":true,"href":"https:\/\/juntscontraelcancer.cat\/es\/wp-json\/wp\/v2\/comments?post=14653"}],"version-history":[{"count":1,"href":"https:\/\/juntscontraelcancer.cat\/es\/wp-json\/wp\/v2\/posts\/14653\/revisions"}],"predecessor-version":[{"id":14654,"href":"https:\/\/juntscontraelcancer.cat\/es\/wp-json\/wp\/v2\/posts\/14653\/revisions\/14654"}],"wp:featuredmedia":[{"embeddable":true,"href":"https:\/\/juntscontraelcancer.cat\/es\/wp-json\/wp\/v2\/media\/11624"}],"wp:attachment":[{"href":"https:\/\/juntscontraelcancer.cat\/es\/wp-json\/wp\/v2\/media?parent=14653"}],"wp:term":[{"taxonomy":"category","embeddable":true,"href":"https:\/\/juntscontraelcancer.cat\/es\/wp-json\/wp\/v2\/categories?post=14653"},{"taxonomy":"post_tag","embeddable":true,"href":"https:\/\/juntscontraelcancer.cat\/es\/wp-json\/wp\/v2\/tags?post=14653"}],"curies":[{"name":"wp","href":"https:\/\/api.w.org\/{rel}","templated":true}]}}