{"id":14631,"date":"2020-03-25T00:00:00","date_gmt":"2020-03-24T22:00:00","guid":{"rendered":"https:\/\/junts.enproceso.es\/recursos-para-pacientes-con-cancer-ante-la-pandemia-del-coronavirus\/"},"modified":"2023-06-12T11:52:05","modified_gmt":"2023-06-12T09:52:05","slug":"recursos-para-pacientes-con-cancer-ante-la-pandemia-del-coronavirus","status":"publish","type":"post","link":"https:\/\/juntscontraelcancer.cat\/es\/recursos-para-pacientes-con-cancer-ante-la-pandemia-del-coronavirus\/","title":{"rendered":"Recursos para pacientes con c\u00e1ncer ante la pandemia del coronavirus"},"content":{"rendered":"<p>La Sociedad Espa\u00f1ola de Oncolog\u00eda M\u00e9dica (SEOM), La Fundaci\u00f3n de Oncolog\u00eda Infantil Enriqueta Villavecchia y el Colegio de Psic\u00f3logos de Catalu\u00f1a han elaborado tres gu\u00edas para responder a dudas y en todo aquello que puedan necesitar colectivos vulnerables ante esta pandemia del coronavirus, como son las personas con c\u00e1ncer.<\/p>\n<p><img loading=\"lazy\" decoding=\"async\" class=\"size-full wp-image-34972 aligncenter\" src=\"https:\/\/juntscontraelcancer.cat\/wp-content\/uploads\/2023\/04\/coronavirus.jpg\" alt=\"coronavirus\" width=\"512\" height=\"341\" \/><\/p>\n<p>&nbsp;<\/p>\n<p>Aunque el coronavirus es una infecci\u00f3n nueva de la que no hay datos sobre su comportamiento en personas con c\u00e1ncer, s\u00ed es evidente que los diferentes tipos de tratamientos oncol\u00f3gicos pueden dar lugar a una inmunosupresi\u00f3n y, incluso, el mismo c\u00e1ncer, en muchas ocasiones puede afectar al correcto funcionamiento del sistema inmune.<\/p>\n<p>Por esta raz\u00f3n, es indispensable que pacientes y familiares est\u00e9n informados sobre las recomendaciones espec\u00edficas para evitar el contagio del Covidien-19 o c\u00f3mo actuar en caso de tener s\u00edntomas.<\/p>\n<p>La gu\u00eda de la SEOM responde a posibles cuestiones que pueden tener los pacientes con c\u00e1ncer respecto al coronavirus, tales como el hecho de saber c\u00f3mo se comporta el Covidien-19 en personas con c\u00e1ncer o recomendaciones espec\u00edficas para evitar el contagio.<\/p>\n<p><strong><a href=\"https:\/\/www.juntscontraelcancer.cat\/wp-content\/uploads\/2020\/03\/SEOM_Preguntas_frecuentes.pdf\">Desde aqu\u00f3 pod\u00e9is acceder al documento completo.\u00a0<\/a><\/strong><\/p>\n<p>Por otra parte, la Fundaci\u00f3n Enriqueta Villavecchia ha elaborado un documento con consejos para familias y pacientes oncol\u00f3gicos pedi\u00e1tricos y \/ o enfermedades cr\u00f3nicas complejas ante el coronavirus y tambi\u00e9n responde a posibles dudas que puedan tener los familiares con un ni\u00f1o que padece esta enfermedad.<\/p>\n<p><a href=\"https:\/\/www.juntscontraelcancer.cat\/wp-content\/uploads\/2020\/03\/consells-per-a-fami\u0301lies-i-pacients-coronavirus_36919.pdf\"><strong>Des d\u2019aqu\u00ed podeu consultar el document.<\/strong><\/a><\/p>\n<p>Finalmente, el Colegio de Psic\u00f3logos de Catalu\u00f1a, ha elaborado una serie de recomendaciones para la gesti\u00f3n psicol\u00f3gica durante la cuarentena dirigido a pacientes con enfermedades infecciosas.<\/p>\n<p><a href=\"https:\/\/www.juntscontraelcancer.cat\/wp-content\/uploads\/2020\/03\/Guia-de-gestio\u0301-psicolo\u0300gica-davant-quarantenes-per-malalties-infeccioses.pdf\"><strong>Consulteu la guia completa.<\/strong><\/a><\/p>\n<p>&nbsp;<\/p>\n","protected":false},"excerpt":{"rendered":"<p>La Sociedad Espa\u00f1ola de Oncolog\u00eda M\u00e9dica, La Fundaci\u00f3n de Oncolog\u00eda Infantil Enriqueta Villavecchia y el Colegio de Psic\u00f3logos de Catalu\u00f1a han elaborado tres gu\u00edas para responder a dudas y en todo aquello que puedan necesitar colectivos vulnerables ante esta pandemia del coronavirus , como son las personas con c\u00e1ncer.<\/p>\n","protected":false},"author":1,"featured_media":11412,"comment_status":"closed","ping_status":"open","sticky":false,"template":"","format":"standard","meta":{"_acf_changed":false,"inline_featured_image":false,"footnotes":""},"categories":[84,3,86,68],"tags":[],"class_list":["post-14631","post","type-post","status-publish","format-standard","has-post-thumbnail","hentry","category-actualidad","category-actualitat","category-destacadas","category-destaquem"],"acf":[],"yoast_head":"<!-- This site is optimized with the Yoast SEO plugin v27.3 - https:\/\/yoast.com\/product\/yoast-seo-wordpress\/ -->\n<title>Recursos para pacientes con c\u00e1ncer ante la pandemia del coronavirus - Junts contra el c\u00e0ncer - FECEC<\/title>\n<meta name=\"robots\" content=\"index, follow, max-snippet:-1, max-image-preview:large, max-video-preview:-1\" \/>\n<link rel=\"canonical\" href=\"https:\/\/juntscontraelcancer.cat\/es\/recursos-para-pacientes-con-cancer-ante-la-pandemia-del-coronavirus\/\" \/>\n<meta property=\"og:locale\" content=\"es_ES\" \/>\n<meta property=\"og:type\" content=\"article\" \/>\n<meta property=\"og:title\" content=\"Recursos para pacientes con c\u00e1ncer ante la pandemia del coronavirus - Junts contra el c\u00e0ncer - FECEC\" \/>\n<meta property=\"og:description\" content=\"La Sociedad Espa\u00f1ola de Oncolog\u00eda M\u00e9dica, La Fundaci\u00f3n de Oncolog\u00eda Infantil Enriqueta Villavecchia y el Colegio de Psic\u00f3logos de Catalu\u00f1a han elaborado tres gu\u00edas para responder a dudas y en todo aquello que puedan necesitar colectivos vulnerables ante esta pandemia del coronavirus , como son las personas con c\u00e1ncer.\" \/>\n<meta property=\"og:url\" content=\"https:\/\/juntscontraelcancer.cat\/es\/recursos-para-pacientes-con-cancer-ante-la-pandemia-del-coronavirus\/\" \/>\n<meta property=\"og:site_name\" content=\"Junts contra el c\u00e0ncer - FECEC\" \/>\n<meta property=\"article:publisher\" content=\"https:\/\/www.facebook.com\/fecec.federacio\/\" \/>\n<meta property=\"article:published_time\" content=\"2020-03-24T22:00:00+00:00\" \/>\n<meta property=\"article:modified_time\" content=\"2023-06-12T09:52:05+00:00\" \/>\n<meta property=\"og:image\" content=\"https:\/\/juntscontraelcancer.cat\/wp-content\/uploads\/2023\/04\/coronavirus.jpg\" \/>\n\t<meta property=\"og:image:width\" content=\"512\" \/>\n\t<meta property=\"og:image:height\" content=\"341\" \/>\n\t<meta property=\"og:image:type\" content=\"image\/jpeg\" \/>\n<meta name=\"author\" content=\"Pukkas\" \/>\n<meta name=\"twitter:card\" content=\"summary_large_image\" \/>\n<meta name=\"twitter:creator\" content=\"@FececFederacio\" \/>\n<meta name=\"twitter:site\" content=\"@FececFederacio\" \/>\n<meta name=\"twitter:label1\" content=\"Escrito por\" \/>\n\t<meta name=\"twitter:data1\" content=\"Pukkas\" \/>\n\t<meta name=\"twitter:label2\" content=\"Tiempo de lectura\" \/>\n\t<meta name=\"twitter:data2\" content=\"1 minuto\" \/>\n<script type=\"application\/ld+json\" class=\"yoast-schema-graph\">{\"@context\":\"https:\\\/\\\/schema.org\",\"@graph\":[{\"@type\":\"Article\",\"@id\":\"https:\\\/\\\/juntscontraelcancer.cat\\\/es\\\/recursos-para-pacientes-con-cancer-ante-la-pandemia-del-coronavirus\\\/#article\",\"isPartOf\":{\"@id\":\"https:\\\/\\\/juntscontraelcancer.cat\\\/es\\\/recursos-para-pacientes-con-cancer-ante-la-pandemia-del-coronavirus\\\/\"},\"author\":{\"name\":\"Pukkas\",\"@id\":\"https:\\\/\\\/juntscontraelcancer.cat\\\/es\\\/#\\\/schema\\\/person\\\/14c85cb9b3aeddea8f9087bea375813f\"},\"headline\":\"Recursos para pacientes con c\u00e1ncer ante la pandemia del coronavirus\",\"datePublished\":\"2020-03-24T22:00:00+00:00\",\"dateModified\":\"2023-06-12T09:52:05+00:00\",\"mainEntityOfPage\":{\"@id\":\"https:\\\/\\\/juntscontraelcancer.cat\\\/es\\\/recursos-para-pacientes-con-cancer-ante-la-pandemia-del-coronavirus\\\/\"},\"wordCount\":308,\"publisher\":{\"@id\":\"https:\\\/\\\/juntscontraelcancer.cat\\\/es\\\/#organization\"},\"image\":{\"@id\":\"https:\\\/\\\/juntscontraelcancer.cat\\\/es\\\/recursos-para-pacientes-con-cancer-ante-la-pandemia-del-coronavirus\\\/#primaryimage\"},\"thumbnailUrl\":\"https:\\\/\\\/juntscontraelcancer.cat\\\/wp-content\\\/uploads\\\/2023\\\/04\\\/coronavirus.jpg\",\"articleSection\":[\"Actualidad\",\"Actualitat\",\"Destacadas\",\"Destacats\"],\"inLanguage\":\"es\"},{\"@type\":\"WebPage\",\"@id\":\"https:\\\/\\\/juntscontraelcancer.cat\\\/es\\\/recursos-para-pacientes-con-cancer-ante-la-pandemia-del-coronavirus\\\/\",\"url\":\"https:\\\/\\\/juntscontraelcancer.cat\\\/es\\\/recursos-para-pacientes-con-cancer-ante-la-pandemia-del-coronavirus\\\/\",\"name\":\"Recursos para pacientes con c\u00e1ncer ante la pandemia del coronavirus - Junts contra el c\u00e0ncer - FECEC\",\"isPartOf\":{\"@id\":\"https:\\\/\\\/juntscontraelcancer.cat\\\/es\\\/#website\"},\"primaryImageOfPage\":{\"@id\":\"https:\\\/\\\/juntscontraelcancer.cat\\\/es\\\/recursos-para-pacientes-con-cancer-ante-la-pandemia-del-coronavirus\\\/#primaryimage\"},\"image\":{\"@id\":\"https:\\\/\\\/juntscontraelcancer.cat\\\/es\\\/recursos-para-pacientes-con-cancer-ante-la-pandemia-del-coronavirus\\\/#primaryimage\"},\"thumbnailUrl\":\"https:\\\/\\\/juntscontraelcancer.cat\\\/wp-content\\\/uploads\\\/2023\\\/04\\\/coronavirus.jpg\",\"datePublished\":\"2020-03-24T22:00:00+00:00\",\"dateModified\":\"2023-06-12T09:52:05+00:00\",\"breadcrumb\":{\"@id\":\"https:\\\/\\\/juntscontraelcancer.cat\\\/es\\\/recursos-para-pacientes-con-cancer-ante-la-pandemia-del-coronavirus\\\/#breadcrumb\"},\"inLanguage\":\"es\",\"potentialAction\":[{\"@type\":\"ReadAction\",\"target\":[\"https:\\\/\\\/juntscontraelcancer.cat\\\/es\\\/recursos-para-pacientes-con-cancer-ante-la-pandemia-del-coronavirus\\\/\"]}]},{\"@type\":\"ImageObject\",\"inLanguage\":\"es\",\"@id\":\"https:\\\/\\\/juntscontraelcancer.cat\\\/es\\\/recursos-para-pacientes-con-cancer-ante-la-pandemia-del-coronavirus\\\/#primaryimage\",\"url\":\"https:\\\/\\\/juntscontraelcancer.cat\\\/wp-content\\\/uploads\\\/2023\\\/04\\\/coronavirus.jpg\",\"contentUrl\":\"https:\\\/\\\/juntscontraelcancer.cat\\\/wp-content\\\/uploads\\\/2023\\\/04\\\/coronavirus.jpg\",\"width\":512,\"height\":341},{\"@type\":\"BreadcrumbList\",\"@id\":\"https:\\\/\\\/juntscontraelcancer.cat\\\/es\\\/recursos-para-pacientes-con-cancer-ante-la-pandemia-del-coronavirus\\\/#breadcrumb\",\"itemListElement\":[{\"@type\":\"ListItem\",\"position\":1,\"name\":\"Inicio\",\"item\":\"https:\\\/\\\/juntscontraelcancer.cat\\\/es\\\/\"},{\"@type\":\"ListItem\",\"position\":2,\"name\":\"Recursos para pacientes con c\u00e1ncer ante la pandemia del coronavirus\"}]},{\"@type\":\"WebSite\",\"@id\":\"https:\\\/\\\/juntscontraelcancer.cat\\\/es\\\/#website\",\"url\":\"https:\\\/\\\/juntscontraelcancer.cat\\\/es\\\/\",\"name\":\"Junts contra el c\u00e0ncer - FECEC\",\"description\":\"\",\"publisher\":{\"@id\":\"https:\\\/\\\/juntscontraelcancer.cat\\\/es\\\/#organization\"},\"potentialAction\":[{\"@type\":\"SearchAction\",\"target\":{\"@type\":\"EntryPoint\",\"urlTemplate\":\"https:\\\/\\\/juntscontraelcancer.cat\\\/es\\\/?s={search_term_string}\"},\"query-input\":{\"@type\":\"PropertyValueSpecification\",\"valueRequired\":true,\"valueName\":\"search_term_string\"}}],\"inLanguage\":\"es\"},{\"@type\":\"Organization\",\"@id\":\"https:\\\/\\\/juntscontraelcancer.cat\\\/es\\\/#organization\",\"name\":\"Junts contra el c\u00e0ncer - FECEC\",\"url\":\"https:\\\/\\\/juntscontraelcancer.cat\\\/es\\\/\",\"logo\":{\"@type\":\"ImageObject\",\"inLanguage\":\"es\",\"@id\":\"https:\\\/\\\/juntscontraelcancer.cat\\\/es\\\/#\\\/schema\\\/logo\\\/image\\\/\",\"url\":\"https:\\\/\\\/juntscontraelcancer.cat\\\/wp-content\\\/uploads\\\/2023\\\/01\\\/logo-fecec-header.png\",\"contentUrl\":\"https:\\\/\\\/juntscontraelcancer.cat\\\/wp-content\\\/uploads\\\/2023\\\/01\\\/logo-fecec-header.png\",\"width\":126,\"height\":74,\"caption\":\"Junts contra el c\u00e0ncer - FECEC\"},\"image\":{\"@id\":\"https:\\\/\\\/juntscontraelcancer.cat\\\/es\\\/#\\\/schema\\\/logo\\\/image\\\/\"},\"sameAs\":[\"https:\\\/\\\/www.facebook.com\\\/fecec.federacio\\\/\",\"https:\\\/\\\/x.com\\\/FececFederacio\",\"https:\\\/\\\/www.instagram.com\\\/fececfederacio\\\/?hl=es\",\"https:\\\/\\\/www.youtube.com\\\/channel\\\/UCgAC_6c6hmHwMQhSCQyYBdA\"]},{\"@type\":\"Person\",\"@id\":\"https:\\\/\\\/juntscontraelcancer.cat\\\/es\\\/#\\\/schema\\\/person\\\/14c85cb9b3aeddea8f9087bea375813f\",\"name\":\"Pukkas\",\"image\":{\"@type\":\"ImageObject\",\"inLanguage\":\"es\",\"@id\":\"https:\\\/\\\/secure.gravatar.com\\\/avatar\\\/7433209641beafe57dbfd32b83f1c28fb7da2f23c98b47d02c7623ce350a0e9f?s=96&d=mm&r=g\",\"url\":\"https:\\\/\\\/secure.gravatar.com\\\/avatar\\\/7433209641beafe57dbfd32b83f1c28fb7da2f23c98b47d02c7623ce350a0e9f?s=96&d=mm&r=g\",\"contentUrl\":\"https:\\\/\\\/secure.gravatar.com\\\/avatar\\\/7433209641beafe57dbfd32b83f1c28fb7da2f23c98b47d02c7623ce350a0e9f?s=96&d=mm&r=g\",\"caption\":\"Pukkas\"},\"sameAs\":[\"https:\\\/\\\/juntscontraelcancer.cat\"]}]}<\/script>\n<!-- \/ Yoast SEO plugin. -->","yoast_head_json":{"title":"Recursos para pacientes con c\u00e1ncer ante la pandemia del coronavirus - Junts contra el c\u00e0ncer - FECEC","robots":{"index":"index","follow":"follow","max-snippet":"max-snippet:-1","max-image-preview":"max-image-preview:large","max-video-preview":"max-video-preview:-1"},"canonical":"https:\/\/juntscontraelcancer.cat\/es\/recursos-para-pacientes-con-cancer-ante-la-pandemia-del-coronavirus\/","og_locale":"es_ES","og_type":"article","og_title":"Recursos para pacientes con c\u00e1ncer ante la pandemia del coronavirus - Junts contra el c\u00e0ncer - FECEC","og_description":"La Sociedad Espa\u00f1ola de Oncolog\u00eda M\u00e9dica, La Fundaci\u00f3n de Oncolog\u00eda Infantil Enriqueta Villavecchia y el Colegio de Psic\u00f3logos de Catalu\u00f1a han elaborado tres gu\u00edas para responder a dudas y en todo aquello que puedan necesitar colectivos vulnerables ante esta pandemia del coronavirus , como son las personas con c\u00e1ncer.","og_url":"https:\/\/juntscontraelcancer.cat\/es\/recursos-para-pacientes-con-cancer-ante-la-pandemia-del-coronavirus\/","og_site_name":"Junts contra el c\u00e0ncer - FECEC","article_publisher":"https:\/\/www.facebook.com\/fecec.federacio\/","article_published_time":"2020-03-24T22:00:00+00:00","article_modified_time":"2023-06-12T09:52:05+00:00","og_image":[{"width":512,"height":341,"url":"https:\/\/juntscontraelcancer.cat\/wp-content\/uploads\/2023\/04\/coronavirus.jpg","type":"image\/jpeg"}],"author":"Pukkas","twitter_card":"summary_large_image","twitter_creator":"@FececFederacio","twitter_site":"@FececFederacio","twitter_misc":{"Escrito por":"Pukkas","Tiempo de lectura":"1 minuto"},"schema":{"@context":"https:\/\/schema.org","@graph":[{"@type":"Article","@id":"https:\/\/juntscontraelcancer.cat\/es\/recursos-para-pacientes-con-cancer-ante-la-pandemia-del-coronavirus\/#article","isPartOf":{"@id":"https:\/\/juntscontraelcancer.cat\/es\/recursos-para-pacientes-con-cancer-ante-la-pandemia-del-coronavirus\/"},"author":{"name":"Pukkas","@id":"https:\/\/juntscontraelcancer.cat\/es\/#\/schema\/person\/14c85cb9b3aeddea8f9087bea375813f"},"headline":"Recursos para pacientes con c\u00e1ncer ante la pandemia del coronavirus","datePublished":"2020-03-24T22:00:00+00:00","dateModified":"2023-06-12T09:52:05+00:00","mainEntityOfPage":{"@id":"https:\/\/juntscontraelcancer.cat\/es\/recursos-para-pacientes-con-cancer-ante-la-pandemia-del-coronavirus\/"},"wordCount":308,"publisher":{"@id":"https:\/\/juntscontraelcancer.cat\/es\/#organization"},"image":{"@id":"https:\/\/juntscontraelcancer.cat\/es\/recursos-para-pacientes-con-cancer-ante-la-pandemia-del-coronavirus\/#primaryimage"},"thumbnailUrl":"https:\/\/juntscontraelcancer.cat\/wp-content\/uploads\/2023\/04\/coronavirus.jpg","articleSection":["Actualidad","Actualitat","Destacadas","Destacats"],"inLanguage":"es"},{"@type":"WebPage","@id":"https:\/\/juntscontraelcancer.cat\/es\/recursos-para-pacientes-con-cancer-ante-la-pandemia-del-coronavirus\/","url":"https:\/\/juntscontraelcancer.cat\/es\/recursos-para-pacientes-con-cancer-ante-la-pandemia-del-coronavirus\/","name":"Recursos para pacientes con c\u00e1ncer ante la pandemia del coronavirus - Junts contra el c\u00e0ncer - FECEC","isPartOf":{"@id":"https:\/\/juntscontraelcancer.cat\/es\/#website"},"primaryImageOfPage":{"@id":"https:\/\/juntscontraelcancer.cat\/es\/recursos-para-pacientes-con-cancer-ante-la-pandemia-del-coronavirus\/#primaryimage"},"image":{"@id":"https:\/\/juntscontraelcancer.cat\/es\/recursos-para-pacientes-con-cancer-ante-la-pandemia-del-coronavirus\/#primaryimage"},"thumbnailUrl":"https:\/\/juntscontraelcancer.cat\/wp-content\/uploads\/2023\/04\/coronavirus.jpg","datePublished":"2020-03-24T22:00:00+00:00","dateModified":"2023-06-12T09:52:05+00:00","breadcrumb":{"@id":"https:\/\/juntscontraelcancer.cat\/es\/recursos-para-pacientes-con-cancer-ante-la-pandemia-del-coronavirus\/#breadcrumb"},"inLanguage":"es","potentialAction":[{"@type":"ReadAction","target":["https:\/\/juntscontraelcancer.cat\/es\/recursos-para-pacientes-con-cancer-ante-la-pandemia-del-coronavirus\/"]}]},{"@type":"ImageObject","inLanguage":"es","@id":"https:\/\/juntscontraelcancer.cat\/es\/recursos-para-pacientes-con-cancer-ante-la-pandemia-del-coronavirus\/#primaryimage","url":"https:\/\/juntscontraelcancer.cat\/wp-content\/uploads\/2023\/04\/coronavirus.jpg","contentUrl":"https:\/\/juntscontraelcancer.cat\/wp-content\/uploads\/2023\/04\/coronavirus.jpg","width":512,"height":341},{"@type":"BreadcrumbList","@id":"https:\/\/juntscontraelcancer.cat\/es\/recursos-para-pacientes-con-cancer-ante-la-pandemia-del-coronavirus\/#breadcrumb","itemListElement":[{"@type":"ListItem","position":1,"name":"Inicio","item":"https:\/\/juntscontraelcancer.cat\/es\/"},{"@type":"ListItem","position":2,"name":"Recursos para pacientes con c\u00e1ncer ante la pandemia del coronavirus"}]},{"@type":"WebSite","@id":"https:\/\/juntscontraelcancer.cat\/es\/#website","url":"https:\/\/juntscontraelcancer.cat\/es\/","name":"Junts contra el c\u00e0ncer - FECEC","description":"","publisher":{"@id":"https:\/\/juntscontraelcancer.cat\/es\/#organization"},"potentialAction":[{"@type":"SearchAction","target":{"@type":"EntryPoint","urlTemplate":"https:\/\/juntscontraelcancer.cat\/es\/?s={search_term_string}"},"query-input":{"@type":"PropertyValueSpecification","valueRequired":true,"valueName":"search_term_string"}}],"inLanguage":"es"},{"@type":"Organization","@id":"https:\/\/juntscontraelcancer.cat\/es\/#organization","name":"Junts contra el c\u00e0ncer - FECEC","url":"https:\/\/juntscontraelcancer.cat\/es\/","logo":{"@type":"ImageObject","inLanguage":"es","@id":"https:\/\/juntscontraelcancer.cat\/es\/#\/schema\/logo\/image\/","url":"https:\/\/juntscontraelcancer.cat\/wp-content\/uploads\/2023\/01\/logo-fecec-header.png","contentUrl":"https:\/\/juntscontraelcancer.cat\/wp-content\/uploads\/2023\/01\/logo-fecec-header.png","width":126,"height":74,"caption":"Junts contra el c\u00e0ncer - FECEC"},"image":{"@id":"https:\/\/juntscontraelcancer.cat\/es\/#\/schema\/logo\/image\/"},"sameAs":["https:\/\/www.facebook.com\/fecec.federacio\/","https:\/\/x.com\/FececFederacio","https:\/\/www.instagram.com\/fececfederacio\/?hl=es","https:\/\/www.youtube.com\/channel\/UCgAC_6c6hmHwMQhSCQyYBdA"]},{"@type":"Person","@id":"https:\/\/juntscontraelcancer.cat\/es\/#\/schema\/person\/14c85cb9b3aeddea8f9087bea375813f","name":"Pukkas","image":{"@type":"ImageObject","inLanguage":"es","@id":"https:\/\/secure.gravatar.com\/avatar\/7433209641beafe57dbfd32b83f1c28fb7da2f23c98b47d02c7623ce350a0e9f?s=96&d=mm&r=g","url":"https:\/\/secure.gravatar.com\/avatar\/7433209641beafe57dbfd32b83f1c28fb7da2f23c98b47d02c7623ce350a0e9f?s=96&d=mm&r=g","contentUrl":"https:\/\/secure.gravatar.com\/avatar\/7433209641beafe57dbfd32b83f1c28fb7da2f23c98b47d02c7623ce350a0e9f?s=96&d=mm&r=g","caption":"Pukkas"},"sameAs":["https:\/\/juntscontraelcancer.cat"]}]}},"_links":{"self":[{"href":"https:\/\/juntscontraelcancer.cat\/es\/wp-json\/wp\/v2\/posts\/14631","targetHints":{"allow":["GET"]}}],"collection":[{"href":"https:\/\/juntscontraelcancer.cat\/es\/wp-json\/wp\/v2\/posts"}],"about":[{"href":"https:\/\/juntscontraelcancer.cat\/es\/wp-json\/wp\/v2\/types\/post"}],"author":[{"embeddable":true,"href":"https:\/\/juntscontraelcancer.cat\/es\/wp-json\/wp\/v2\/users\/1"}],"replies":[{"embeddable":true,"href":"https:\/\/juntscontraelcancer.cat\/es\/wp-json\/wp\/v2\/comments?post=14631"}],"version-history":[{"count":1,"href":"https:\/\/juntscontraelcancer.cat\/es\/wp-json\/wp\/v2\/posts\/14631\/revisions"}],"predecessor-version":[{"id":14632,"href":"https:\/\/juntscontraelcancer.cat\/es\/wp-json\/wp\/v2\/posts\/14631\/revisions\/14632"}],"wp:featuredmedia":[{"embeddable":true,"href":"https:\/\/juntscontraelcancer.cat\/es\/wp-json\/wp\/v2\/media\/11412"}],"wp:attachment":[{"href":"https:\/\/juntscontraelcancer.cat\/es\/wp-json\/wp\/v2\/media?parent=14631"}],"wp:term":[{"taxonomy":"category","embeddable":true,"href":"https:\/\/juntscontraelcancer.cat\/es\/wp-json\/wp\/v2\/categories?post=14631"},{"taxonomy":"post_tag","embeddable":true,"href":"https:\/\/juntscontraelcancer.cat\/es\/wp-json\/wp\/v2\/tags?post=14631"}],"curies":[{"name":"wp","href":"https:\/\/api.w.org\/{rel}","templated":true}]}}