{"id":14629,"date":"2020-03-12T00:00:00","date_gmt":"2020-03-11T22:00:00","guid":{"rendered":"https:\/\/junts.enproceso.es\/la-fecec-recomienda-seguir-las-indicaciones-de-las-autoridades-sanitarias-ante-el-brote-del-coronavirus\/"},"modified":"2023-06-12T11:52:06","modified_gmt":"2023-06-12T09:52:06","slug":"la-fecec-recomienda-seguir-las-indicaciones-de-las-autoridades-sanitarias-ante-el-brote-del-coronavirus","status":"publish","type":"post","link":"https:\/\/juntscontraelcancer.cat\/es\/la-fecec-recomienda-seguir-las-indicaciones-de-las-autoridades-sanitarias-ante-el-brote-del-coronavirus\/","title":{"rendered":"LA FECEC recomienda seguir las indicaciones de las Autoridades Sanitarias ante el brote del coronavirus"},"content":{"rendered":"<p>Siguiendo las indicaciones del Departamento de Salud de la Generalidad de Catalu\u00f1a, las entidades adheridas a la FECEC han decidido cancelar muchas de las actividades que ten\u00edan previstas hasta un nuevo aviso para contener el contagio y proteger as\u00ed los colectivos m\u00e1s vulnerables, como el de las personas con c\u00e1ncer. Esta situaci\u00f3n puede variar en funci\u00f3n de las indicaciones que vayan surgiendo los pr\u00f3ximos d\u00edas.<\/p>\n<p><img loading=\"lazy\" decoding=\"async\" class=\"alignnone size-full wp-image-34954\" src=\"https:\/\/juntscontraelcancer.cat\/wp-content\/uploads\/2023\/04\/image.jpeg\" alt=\"image\" width=\"600\" height=\"300\" \/><\/p>\n<p><strong>Contener el coronavirus<\/strong><\/p>\n<p>Los s\u00edntomas m\u00e1s comunes incluyen fiebre, dificultad para respirar, tos o malestar general. El 80% de los casos son leves, el 15% son graves y el 2%, cr\u00edticos. Las entidades de la FECEC est\u00e1n siguiendo los procedimientos oficiales de prevenci\u00f3n establecidos, como el de cerrar o limitar el aforo de los espacios donde se realizan actividades.<\/p>\n<p>Asimismo, desde la FECEC se quiere apelar al seguimiento de las medidas de prevenci\u00f3n establecidas, que son las que ya se aplican en el caso de la gripe habitual que se da en nuestro entorno:<\/p>\n<p>Lavarse las manos con frecuencia con un desinfectante de manos a base de alcohol o con agua y jab\u00f3n.<br \/>\nLas personas con infecci\u00f3n respiratoria aguda de \u00e1reas potencialmente afectadas deben adoptar medidas de higiene respiratoria: al toser o estornudar, cubrir la boca y la nariz con el codo flexionado o con pa\u00f1uelo, que deber\u00e1 ser rechazado r\u00e1pidamente.<br \/>\nMantener el menos un metro de distancia con aquellas personas que tosen, estornuden o tengan fiebre.<\/p>\n<p><strong>Recursos institucionales e informaci\u00f3n sobre el coronavirus SARS-CoV-2<\/strong><\/p>\n<ul>\n<li style=\"font-weight: 400;\"><a href=\"http:\/\/canalsalut.gencat.cat\/web\/.content\/_A-Z\/C\/coronavirus-2019-ncov\/material-divulgatiu\/cartell-ciutadania-us-de-mascaretes-A4.pdf\"><span style=\"font-weight: 400;\">Infografia sobre el uso de mascarillas\u00a0<\/span><\/a><\/li>\n<li style=\"font-weight: 400;\"><a href=\"http:\/\/canalsalut.gencat.cat\/ca\/salut-a-z\/c\/coronavirus-2019-ncov\/\"><span style=\"font-weight: 400;\">CatSalut &#8211; Generalitat de Catalunya<\/span><\/a><\/li>\n<li style=\"font-weight: 400;\"><a href=\"https:\/\/www.mscbs.gob.es\/profesionales\/saludPublica\/ccayes\/alertasActual\/nCov-China\/ciudadania.htm\"><span style=\"font-weight: 400;\">Ministerio de Sanidad, Consumo y Bienestar Social<\/span><\/a><\/li>\n<li style=\"font-weight: 400;\"><a href=\"https:\/\/www.who.int\/es\/emergencies\/diseases\/novel-coronavirus-2019\"><span style=\"font-weight: 400;\">Organitzaci\u00f3 Mundial de la Salut (OMS)<\/span><\/a><\/li>\n<\/ul>\n<p>&nbsp;<\/p>\n","protected":false},"excerpt":{"rendered":"<p>Las entidades adheridas a la FECEC han decidido cancelar muchas de las actividades que ten\u00edan previstas hasta un nuevo aviso para contener el contagio y proteger as\u00ed los colectivos m\u00e1s vulnerables, como el de las personas con c\u00e1ncer.<\/p>\n","protected":false},"author":1,"featured_media":11394,"comment_status":"closed","ping_status":"open","sticky":false,"template":"","format":"standard","meta":{"_acf_changed":false,"inline_featured_image":false,"footnotes":""},"categories":[84,3,86,68],"tags":[],"class_list":["post-14629","post","type-post","status-publish","format-standard","has-post-thumbnail","hentry","category-actualidad","category-actualitat","category-destacadas","category-destaquem"],"acf":[],"yoast_head":"<!-- This site is optimized with the Yoast SEO plugin v27.3 - https:\/\/yoast.com\/product\/yoast-seo-wordpress\/ -->\n<title>LA FECEC recomienda seguir las indicaciones de las Autoridades Sanitarias ante el brote del coronavirus - Junts contra el c\u00e0ncer - FECEC<\/title>\n<meta name=\"robots\" content=\"index, follow, max-snippet:-1, max-image-preview:large, max-video-preview:-1\" \/>\n<link rel=\"canonical\" href=\"https:\/\/juntscontraelcancer.cat\/es\/la-fecec-recomienda-seguir-las-indicaciones-de-las-autoridades-sanitarias-ante-el-brote-del-coronavirus\/\" \/>\n<meta property=\"og:locale\" content=\"es_ES\" \/>\n<meta property=\"og:type\" content=\"article\" \/>\n<meta property=\"og:title\" content=\"LA FECEC recomienda seguir las indicaciones de las Autoridades Sanitarias ante el brote del coronavirus - Junts contra el c\u00e0ncer - FECEC\" \/>\n<meta property=\"og:description\" content=\"Las entidades adheridas a la FECEC han decidido cancelar muchas de las actividades que ten\u00edan previstas hasta un nuevo aviso para contener el contagio y proteger as\u00ed los colectivos m\u00e1s vulnerables, como el de las personas con c\u00e1ncer.\" \/>\n<meta property=\"og:url\" content=\"https:\/\/juntscontraelcancer.cat\/es\/la-fecec-recomienda-seguir-las-indicaciones-de-las-autoridades-sanitarias-ante-el-brote-del-coronavirus\/\" \/>\n<meta property=\"og:site_name\" content=\"Junts contra el c\u00e0ncer - FECEC\" \/>\n<meta property=\"article:publisher\" content=\"https:\/\/www.facebook.com\/fecec.federacio\/\" \/>\n<meta property=\"article:published_time\" content=\"2020-03-11T22:00:00+00:00\" \/>\n<meta property=\"article:modified_time\" content=\"2023-06-12T09:52:06+00:00\" \/>\n<meta property=\"og:image\" content=\"https:\/\/juntscontraelcancer.cat\/wp-content\/uploads\/2023\/04\/image.jpeg\" \/>\n\t<meta property=\"og:image:width\" content=\"600\" \/>\n\t<meta property=\"og:image:height\" content=\"300\" \/>\n\t<meta property=\"og:image:type\" content=\"image\/jpeg\" \/>\n<meta name=\"author\" content=\"Pukkas\" \/>\n<meta name=\"twitter:card\" content=\"summary_large_image\" \/>\n<meta name=\"twitter:creator\" content=\"@FececFederacio\" \/>\n<meta name=\"twitter:site\" content=\"@FececFederacio\" \/>\n<meta name=\"twitter:label1\" content=\"Escrito por\" \/>\n\t<meta name=\"twitter:data1\" content=\"Pukkas\" \/>\n\t<meta name=\"twitter:label2\" content=\"Tiempo de lectura\" \/>\n\t<meta name=\"twitter:data2\" content=\"1 minuto\" \/>\n<script type=\"application\/ld+json\" class=\"yoast-schema-graph\">{\"@context\":\"https:\\\/\\\/schema.org\",\"@graph\":[{\"@type\":\"Article\",\"@id\":\"https:\\\/\\\/juntscontraelcancer.cat\\\/es\\\/la-fecec-recomienda-seguir-las-indicaciones-de-las-autoridades-sanitarias-ante-el-brote-del-coronavirus\\\/#article\",\"isPartOf\":{\"@id\":\"https:\\\/\\\/juntscontraelcancer.cat\\\/es\\\/la-fecec-recomienda-seguir-las-indicaciones-de-las-autoridades-sanitarias-ante-el-brote-del-coronavirus\\\/\"},\"author\":{\"name\":\"Pukkas\",\"@id\":\"https:\\\/\\\/juntscontraelcancer.cat\\\/es\\\/#\\\/schema\\\/person\\\/14c85cb9b3aeddea8f9087bea375813f\"},\"headline\":\"LA FECEC recomienda seguir las indicaciones de las Autoridades Sanitarias ante el brote del coronavirus\",\"datePublished\":\"2020-03-11T22:00:00+00:00\",\"dateModified\":\"2023-06-12T09:52:06+00:00\",\"mainEntityOfPage\":{\"@id\":\"https:\\\/\\\/juntscontraelcancer.cat\\\/es\\\/la-fecec-recomienda-seguir-las-indicaciones-de-las-autoridades-sanitarias-ante-el-brote-del-coronavirus\\\/\"},\"wordCount\":296,\"publisher\":{\"@id\":\"https:\\\/\\\/juntscontraelcancer.cat\\\/es\\\/#organization\"},\"image\":{\"@id\":\"https:\\\/\\\/juntscontraelcancer.cat\\\/es\\\/la-fecec-recomienda-seguir-las-indicaciones-de-las-autoridades-sanitarias-ante-el-brote-del-coronavirus\\\/#primaryimage\"},\"thumbnailUrl\":\"https:\\\/\\\/juntscontraelcancer.cat\\\/wp-content\\\/uploads\\\/2023\\\/04\\\/image.jpeg\",\"articleSection\":[\"Actualidad\",\"Actualitat\",\"Destacadas\",\"Destacats\"],\"inLanguage\":\"es\"},{\"@type\":\"WebPage\",\"@id\":\"https:\\\/\\\/juntscontraelcancer.cat\\\/es\\\/la-fecec-recomienda-seguir-las-indicaciones-de-las-autoridades-sanitarias-ante-el-brote-del-coronavirus\\\/\",\"url\":\"https:\\\/\\\/juntscontraelcancer.cat\\\/es\\\/la-fecec-recomienda-seguir-las-indicaciones-de-las-autoridades-sanitarias-ante-el-brote-del-coronavirus\\\/\",\"name\":\"LA FECEC recomienda seguir las indicaciones de las Autoridades Sanitarias ante el brote del coronavirus - Junts contra el c\u00e0ncer - FECEC\",\"isPartOf\":{\"@id\":\"https:\\\/\\\/juntscontraelcancer.cat\\\/es\\\/#website\"},\"primaryImageOfPage\":{\"@id\":\"https:\\\/\\\/juntscontraelcancer.cat\\\/es\\\/la-fecec-recomienda-seguir-las-indicaciones-de-las-autoridades-sanitarias-ante-el-brote-del-coronavirus\\\/#primaryimage\"},\"image\":{\"@id\":\"https:\\\/\\\/juntscontraelcancer.cat\\\/es\\\/la-fecec-recomienda-seguir-las-indicaciones-de-las-autoridades-sanitarias-ante-el-brote-del-coronavirus\\\/#primaryimage\"},\"thumbnailUrl\":\"https:\\\/\\\/juntscontraelcancer.cat\\\/wp-content\\\/uploads\\\/2023\\\/04\\\/image.jpeg\",\"datePublished\":\"2020-03-11T22:00:00+00:00\",\"dateModified\":\"2023-06-12T09:52:06+00:00\",\"breadcrumb\":{\"@id\":\"https:\\\/\\\/juntscontraelcancer.cat\\\/es\\\/la-fecec-recomienda-seguir-las-indicaciones-de-las-autoridades-sanitarias-ante-el-brote-del-coronavirus\\\/#breadcrumb\"},\"inLanguage\":\"es\",\"potentialAction\":[{\"@type\":\"ReadAction\",\"target\":[\"https:\\\/\\\/juntscontraelcancer.cat\\\/es\\\/la-fecec-recomienda-seguir-las-indicaciones-de-las-autoridades-sanitarias-ante-el-brote-del-coronavirus\\\/\"]}]},{\"@type\":\"ImageObject\",\"inLanguage\":\"es\",\"@id\":\"https:\\\/\\\/juntscontraelcancer.cat\\\/es\\\/la-fecec-recomienda-seguir-las-indicaciones-de-las-autoridades-sanitarias-ante-el-brote-del-coronavirus\\\/#primaryimage\",\"url\":\"https:\\\/\\\/juntscontraelcancer.cat\\\/wp-content\\\/uploads\\\/2023\\\/04\\\/image.jpeg\",\"contentUrl\":\"https:\\\/\\\/juntscontraelcancer.cat\\\/wp-content\\\/uploads\\\/2023\\\/04\\\/image.jpeg\",\"width\":600,\"height\":300},{\"@type\":\"BreadcrumbList\",\"@id\":\"https:\\\/\\\/juntscontraelcancer.cat\\\/es\\\/la-fecec-recomienda-seguir-las-indicaciones-de-las-autoridades-sanitarias-ante-el-brote-del-coronavirus\\\/#breadcrumb\",\"itemListElement\":[{\"@type\":\"ListItem\",\"position\":1,\"name\":\"Inicio\",\"item\":\"https:\\\/\\\/juntscontraelcancer.cat\\\/es\\\/\"},{\"@type\":\"ListItem\",\"position\":2,\"name\":\"LA FECEC recomienda seguir las indicaciones de las Autoridades Sanitarias ante el brote del coronavirus\"}]},{\"@type\":\"WebSite\",\"@id\":\"https:\\\/\\\/juntscontraelcancer.cat\\\/es\\\/#website\",\"url\":\"https:\\\/\\\/juntscontraelcancer.cat\\\/es\\\/\",\"name\":\"Junts contra el c\u00e0ncer - FECEC\",\"description\":\"\",\"publisher\":{\"@id\":\"https:\\\/\\\/juntscontraelcancer.cat\\\/es\\\/#organization\"},\"potentialAction\":[{\"@type\":\"SearchAction\",\"target\":{\"@type\":\"EntryPoint\",\"urlTemplate\":\"https:\\\/\\\/juntscontraelcancer.cat\\\/es\\\/?s={search_term_string}\"},\"query-input\":{\"@type\":\"PropertyValueSpecification\",\"valueRequired\":true,\"valueName\":\"search_term_string\"}}],\"inLanguage\":\"es\"},{\"@type\":\"Organization\",\"@id\":\"https:\\\/\\\/juntscontraelcancer.cat\\\/es\\\/#organization\",\"name\":\"Junts contra el c\u00e0ncer - FECEC\",\"url\":\"https:\\\/\\\/juntscontraelcancer.cat\\\/es\\\/\",\"logo\":{\"@type\":\"ImageObject\",\"inLanguage\":\"es\",\"@id\":\"https:\\\/\\\/juntscontraelcancer.cat\\\/es\\\/#\\\/schema\\\/logo\\\/image\\\/\",\"url\":\"https:\\\/\\\/juntscontraelcancer.cat\\\/wp-content\\\/uploads\\\/2023\\\/01\\\/logo-fecec-header.png\",\"contentUrl\":\"https:\\\/\\\/juntscontraelcancer.cat\\\/wp-content\\\/uploads\\\/2023\\\/01\\\/logo-fecec-header.png\",\"width\":126,\"height\":74,\"caption\":\"Junts contra el c\u00e0ncer - FECEC\"},\"image\":{\"@id\":\"https:\\\/\\\/juntscontraelcancer.cat\\\/es\\\/#\\\/schema\\\/logo\\\/image\\\/\"},\"sameAs\":[\"https:\\\/\\\/www.facebook.com\\\/fecec.federacio\\\/\",\"https:\\\/\\\/x.com\\\/FececFederacio\",\"https:\\\/\\\/www.instagram.com\\\/fececfederacio\\\/?hl=es\",\"https:\\\/\\\/www.youtube.com\\\/channel\\\/UCgAC_6c6hmHwMQhSCQyYBdA\"]},{\"@type\":\"Person\",\"@id\":\"https:\\\/\\\/juntscontraelcancer.cat\\\/es\\\/#\\\/schema\\\/person\\\/14c85cb9b3aeddea8f9087bea375813f\",\"name\":\"Pukkas\",\"image\":{\"@type\":\"ImageObject\",\"inLanguage\":\"es\",\"@id\":\"https:\\\/\\\/secure.gravatar.com\\\/avatar\\\/7433209641beafe57dbfd32b83f1c28fb7da2f23c98b47d02c7623ce350a0e9f?s=96&d=mm&r=g\",\"url\":\"https:\\\/\\\/secure.gravatar.com\\\/avatar\\\/7433209641beafe57dbfd32b83f1c28fb7da2f23c98b47d02c7623ce350a0e9f?s=96&d=mm&r=g\",\"contentUrl\":\"https:\\\/\\\/secure.gravatar.com\\\/avatar\\\/7433209641beafe57dbfd32b83f1c28fb7da2f23c98b47d02c7623ce350a0e9f?s=96&d=mm&r=g\",\"caption\":\"Pukkas\"},\"sameAs\":[\"https:\\\/\\\/juntscontraelcancer.cat\"]}]}<\/script>\n<!-- \/ Yoast SEO plugin. -->","yoast_head_json":{"title":"LA FECEC recomienda seguir las indicaciones de las Autoridades Sanitarias ante el brote del coronavirus - Junts contra el c\u00e0ncer - FECEC","robots":{"index":"index","follow":"follow","max-snippet":"max-snippet:-1","max-image-preview":"max-image-preview:large","max-video-preview":"max-video-preview:-1"},"canonical":"https:\/\/juntscontraelcancer.cat\/es\/la-fecec-recomienda-seguir-las-indicaciones-de-las-autoridades-sanitarias-ante-el-brote-del-coronavirus\/","og_locale":"es_ES","og_type":"article","og_title":"LA FECEC recomienda seguir las indicaciones de las Autoridades Sanitarias ante el brote del coronavirus - Junts contra el c\u00e0ncer - FECEC","og_description":"Las entidades adheridas a la FECEC han decidido cancelar muchas de las actividades que ten\u00edan previstas hasta un nuevo aviso para contener el contagio y proteger as\u00ed los colectivos m\u00e1s vulnerables, como el de las personas con c\u00e1ncer.","og_url":"https:\/\/juntscontraelcancer.cat\/es\/la-fecec-recomienda-seguir-las-indicaciones-de-las-autoridades-sanitarias-ante-el-brote-del-coronavirus\/","og_site_name":"Junts contra el c\u00e0ncer - FECEC","article_publisher":"https:\/\/www.facebook.com\/fecec.federacio\/","article_published_time":"2020-03-11T22:00:00+00:00","article_modified_time":"2023-06-12T09:52:06+00:00","og_image":[{"width":600,"height":300,"url":"https:\/\/juntscontraelcancer.cat\/wp-content\/uploads\/2023\/04\/image.jpeg","type":"image\/jpeg"}],"author":"Pukkas","twitter_card":"summary_large_image","twitter_creator":"@FececFederacio","twitter_site":"@FececFederacio","twitter_misc":{"Escrito por":"Pukkas","Tiempo de lectura":"1 minuto"},"schema":{"@context":"https:\/\/schema.org","@graph":[{"@type":"Article","@id":"https:\/\/juntscontraelcancer.cat\/es\/la-fecec-recomienda-seguir-las-indicaciones-de-las-autoridades-sanitarias-ante-el-brote-del-coronavirus\/#article","isPartOf":{"@id":"https:\/\/juntscontraelcancer.cat\/es\/la-fecec-recomienda-seguir-las-indicaciones-de-las-autoridades-sanitarias-ante-el-brote-del-coronavirus\/"},"author":{"name":"Pukkas","@id":"https:\/\/juntscontraelcancer.cat\/es\/#\/schema\/person\/14c85cb9b3aeddea8f9087bea375813f"},"headline":"LA FECEC recomienda seguir las indicaciones de las Autoridades Sanitarias ante el brote del coronavirus","datePublished":"2020-03-11T22:00:00+00:00","dateModified":"2023-06-12T09:52:06+00:00","mainEntityOfPage":{"@id":"https:\/\/juntscontraelcancer.cat\/es\/la-fecec-recomienda-seguir-las-indicaciones-de-las-autoridades-sanitarias-ante-el-brote-del-coronavirus\/"},"wordCount":296,"publisher":{"@id":"https:\/\/juntscontraelcancer.cat\/es\/#organization"},"image":{"@id":"https:\/\/juntscontraelcancer.cat\/es\/la-fecec-recomienda-seguir-las-indicaciones-de-las-autoridades-sanitarias-ante-el-brote-del-coronavirus\/#primaryimage"},"thumbnailUrl":"https:\/\/juntscontraelcancer.cat\/wp-content\/uploads\/2023\/04\/image.jpeg","articleSection":["Actualidad","Actualitat","Destacadas","Destacats"],"inLanguage":"es"},{"@type":"WebPage","@id":"https:\/\/juntscontraelcancer.cat\/es\/la-fecec-recomienda-seguir-las-indicaciones-de-las-autoridades-sanitarias-ante-el-brote-del-coronavirus\/","url":"https:\/\/juntscontraelcancer.cat\/es\/la-fecec-recomienda-seguir-las-indicaciones-de-las-autoridades-sanitarias-ante-el-brote-del-coronavirus\/","name":"LA FECEC recomienda seguir las indicaciones de las Autoridades Sanitarias ante el brote del coronavirus - Junts contra el c\u00e0ncer - FECEC","isPartOf":{"@id":"https:\/\/juntscontraelcancer.cat\/es\/#website"},"primaryImageOfPage":{"@id":"https:\/\/juntscontraelcancer.cat\/es\/la-fecec-recomienda-seguir-las-indicaciones-de-las-autoridades-sanitarias-ante-el-brote-del-coronavirus\/#primaryimage"},"image":{"@id":"https:\/\/juntscontraelcancer.cat\/es\/la-fecec-recomienda-seguir-las-indicaciones-de-las-autoridades-sanitarias-ante-el-brote-del-coronavirus\/#primaryimage"},"thumbnailUrl":"https:\/\/juntscontraelcancer.cat\/wp-content\/uploads\/2023\/04\/image.jpeg","datePublished":"2020-03-11T22:00:00+00:00","dateModified":"2023-06-12T09:52:06+00:00","breadcrumb":{"@id":"https:\/\/juntscontraelcancer.cat\/es\/la-fecec-recomienda-seguir-las-indicaciones-de-las-autoridades-sanitarias-ante-el-brote-del-coronavirus\/#breadcrumb"},"inLanguage":"es","potentialAction":[{"@type":"ReadAction","target":["https:\/\/juntscontraelcancer.cat\/es\/la-fecec-recomienda-seguir-las-indicaciones-de-las-autoridades-sanitarias-ante-el-brote-del-coronavirus\/"]}]},{"@type":"ImageObject","inLanguage":"es","@id":"https:\/\/juntscontraelcancer.cat\/es\/la-fecec-recomienda-seguir-las-indicaciones-de-las-autoridades-sanitarias-ante-el-brote-del-coronavirus\/#primaryimage","url":"https:\/\/juntscontraelcancer.cat\/wp-content\/uploads\/2023\/04\/image.jpeg","contentUrl":"https:\/\/juntscontraelcancer.cat\/wp-content\/uploads\/2023\/04\/image.jpeg","width":600,"height":300},{"@type":"BreadcrumbList","@id":"https:\/\/juntscontraelcancer.cat\/es\/la-fecec-recomienda-seguir-las-indicaciones-de-las-autoridades-sanitarias-ante-el-brote-del-coronavirus\/#breadcrumb","itemListElement":[{"@type":"ListItem","position":1,"name":"Inicio","item":"https:\/\/juntscontraelcancer.cat\/es\/"},{"@type":"ListItem","position":2,"name":"LA FECEC recomienda seguir las indicaciones de las Autoridades Sanitarias ante el brote del coronavirus"}]},{"@type":"WebSite","@id":"https:\/\/juntscontraelcancer.cat\/es\/#website","url":"https:\/\/juntscontraelcancer.cat\/es\/","name":"Junts contra el c\u00e0ncer - FECEC","description":"","publisher":{"@id":"https:\/\/juntscontraelcancer.cat\/es\/#organization"},"potentialAction":[{"@type":"SearchAction","target":{"@type":"EntryPoint","urlTemplate":"https:\/\/juntscontraelcancer.cat\/es\/?s={search_term_string}"},"query-input":{"@type":"PropertyValueSpecification","valueRequired":true,"valueName":"search_term_string"}}],"inLanguage":"es"},{"@type":"Organization","@id":"https:\/\/juntscontraelcancer.cat\/es\/#organization","name":"Junts contra el c\u00e0ncer - FECEC","url":"https:\/\/juntscontraelcancer.cat\/es\/","logo":{"@type":"ImageObject","inLanguage":"es","@id":"https:\/\/juntscontraelcancer.cat\/es\/#\/schema\/logo\/image\/","url":"https:\/\/juntscontraelcancer.cat\/wp-content\/uploads\/2023\/01\/logo-fecec-header.png","contentUrl":"https:\/\/juntscontraelcancer.cat\/wp-content\/uploads\/2023\/01\/logo-fecec-header.png","width":126,"height":74,"caption":"Junts contra el c\u00e0ncer - FECEC"},"image":{"@id":"https:\/\/juntscontraelcancer.cat\/es\/#\/schema\/logo\/image\/"},"sameAs":["https:\/\/www.facebook.com\/fecec.federacio\/","https:\/\/x.com\/FececFederacio","https:\/\/www.instagram.com\/fececfederacio\/?hl=es","https:\/\/www.youtube.com\/channel\/UCgAC_6c6hmHwMQhSCQyYBdA"]},{"@type":"Person","@id":"https:\/\/juntscontraelcancer.cat\/es\/#\/schema\/person\/14c85cb9b3aeddea8f9087bea375813f","name":"Pukkas","image":{"@type":"ImageObject","inLanguage":"es","@id":"https:\/\/secure.gravatar.com\/avatar\/7433209641beafe57dbfd32b83f1c28fb7da2f23c98b47d02c7623ce350a0e9f?s=96&d=mm&r=g","url":"https:\/\/secure.gravatar.com\/avatar\/7433209641beafe57dbfd32b83f1c28fb7da2f23c98b47d02c7623ce350a0e9f?s=96&d=mm&r=g","contentUrl":"https:\/\/secure.gravatar.com\/avatar\/7433209641beafe57dbfd32b83f1c28fb7da2f23c98b47d02c7623ce350a0e9f?s=96&d=mm&r=g","caption":"Pukkas"},"sameAs":["https:\/\/juntscontraelcancer.cat"]}]}},"_links":{"self":[{"href":"https:\/\/juntscontraelcancer.cat\/es\/wp-json\/wp\/v2\/posts\/14629","targetHints":{"allow":["GET"]}}],"collection":[{"href":"https:\/\/juntscontraelcancer.cat\/es\/wp-json\/wp\/v2\/posts"}],"about":[{"href":"https:\/\/juntscontraelcancer.cat\/es\/wp-json\/wp\/v2\/types\/post"}],"author":[{"embeddable":true,"href":"https:\/\/juntscontraelcancer.cat\/es\/wp-json\/wp\/v2\/users\/1"}],"replies":[{"embeddable":true,"href":"https:\/\/juntscontraelcancer.cat\/es\/wp-json\/wp\/v2\/comments?post=14629"}],"version-history":[{"count":1,"href":"https:\/\/juntscontraelcancer.cat\/es\/wp-json\/wp\/v2\/posts\/14629\/revisions"}],"predecessor-version":[{"id":14630,"href":"https:\/\/juntscontraelcancer.cat\/es\/wp-json\/wp\/v2\/posts\/14629\/revisions\/14630"}],"wp:featuredmedia":[{"embeddable":true,"href":"https:\/\/juntscontraelcancer.cat\/es\/wp-json\/wp\/v2\/media\/11394"}],"wp:attachment":[{"href":"https:\/\/juntscontraelcancer.cat\/es\/wp-json\/wp\/v2\/media?parent=14629"}],"wp:term":[{"taxonomy":"category","embeddable":true,"href":"https:\/\/juntscontraelcancer.cat\/es\/wp-json\/wp\/v2\/categories?post=14629"},{"taxonomy":"post_tag","embeddable":true,"href":"https:\/\/juntscontraelcancer.cat\/es\/wp-json\/wp\/v2\/tags?post=14629"}],"curies":[{"name":"wp","href":"https:\/\/api.w.org\/{rel}","templated":true}]}}