{"id":14595,"date":"2019-11-28T00:00:00","date_gmt":"2019-11-27T22:00:00","guid":{"rendered":"https:\/\/junts.enproceso.es\/la-fecec-participa-en-las-jornadas-de-trabajo-de-apoyo-a-pacientes-que-organiza-la-european-cancer-leagues\/"},"modified":"2023-06-12T11:52:09","modified_gmt":"2023-06-12T09:52:09","slug":"la-fecec-participa-en-las-jornadas-de-trabajo-de-apoyo-a-pacientes-que-organiza-la-european-cancer-leagues","status":"publish","type":"post","link":"https:\/\/juntscontraelcancer.cat\/es\/la-fecec-participa-en-las-jornadas-de-trabajo-de-apoyo-a-pacientes-que-organiza-la-european-cancer-leagues\/","title":{"rendered":"La FECEC participa en las jornadas de trabajo de apoyo a pacientes que organiza la European Cancer Leagues"},"content":{"rendered":"<p>La FECEC ha participado un a\u00f1o m\u00e1s en las jornadas de trabajo de apoyo a pacientes que organiza dos veces al a\u00f1o la European Cancer Leagues &#8216;(ECL). Estas jornadas tuvieron lugar el 26 y 27 de noviembre en Luxemburgo.<\/p>\n<p><img loading=\"lazy\" decoding=\"async\" class=\"size-full wp-image-34601 aligncenter\" src=\"https:\/\/juntscontraelcancer.cat\/wp-content\/uploads\/2023\/04\/european-cancer-leagues.jpg\" alt=\"european cancer leagues\" width=\"650\" height=\"366\" \/><\/p>\n<p>&nbsp;<\/p>\n<p>Este a\u00f1o, el grupo de trabajo &#8216;Patient Support Working Group&#8217; (PSWG) ha abordado principalmente dos tem\u00e1ticas:<\/p>\n<ul>\n<li>C\u00e1ncer en el trabajo: como colaborar con el mundo empresarial y pol\u00edtico para apoyar a las personas con c\u00e1ncer en el entorno laboral;<\/li>\n<li>Sexualidad e intimidad: se ofrecieron unas gu\u00edas para tratar estos temas asociados a tab\u00faes entre pacientes y profesional.<\/li>\n<\/ul>\n<p>Otro punto que se trat\u00f3 en estas sesiones es la actualizaci\u00f3n del Atlas europeo para tratar los programas de rehabilitaci\u00f3n de pacientes que se desarrollan en los diferentes pa\u00edses.<\/p>\n<p>Durante las jornadas tambi\u00e9n se dio la bienvenida a tres nuevas incorporaciones a la ECL: la French League Against Cancer, la Asociaci\u00f3n Espa\u00f1ola contra el C\u00e1ncer y la O&#8217;Fonds Letonia<\/p>\n<p>Aparte de la reuni\u00f3n del grupo de trabajo &#8216;Patient Support Working Group&#8217; (PSWG) la ECL tambi\u00e9n celebr\u00f3 su conferencia anual.<\/p>\n<p>Desde 2007, el Grupo de trabajo de apoyo a pacientes ECL (PSWG) conecta expertos en atenci\u00f3n contra el c\u00e1ncer que trabajan conjuntamente en temas como el acceso a los seguros y servicios financieros, el retorno al trabajo, la asistencia al cuidador, la rehabilitaci\u00f3n del c\u00e1ncer y los cuidados paliativos.<\/p>\n<p>Los miembros del PSWG comparten buenas pr\u00e1cticas, desarrollan directrices y otras fuentes de informaci\u00f3n para sensibilizar y mejorar la calidad de la asistencia y buscan potenciar la voz del paciente en la toma de pol\u00edticas nacionales y europeas.<\/p>\n<p>La FECEC es miembro de la ECL desde 2014 con el objetivo de ofrecer mejores informaciones y servicios a las entidades federadas que benefician directamente a los pacientes y familiares afectados de c\u00e1ncer. Cabe recordar que la ECL proporciona un marco com\u00fan europeo para la lucha contra el c\u00e1ncer.<\/p>\n","protected":false},"excerpt":{"rendered":"<p>Desde 2007, el PSWG conecta expertos en atenci\u00f3n contra el c\u00e1ncer que trabajan conjuntamente en temas como el acceso a los seguros y servicios financieros, el retorno al trabajo, la asistencia al cuidador, la rehabilitaci\u00f3n del c\u00e1ncer y los cuidados paliativos.<\/p>\n","protected":false},"author":1,"featured_media":11166,"comment_status":"closed","ping_status":"open","sticky":false,"template":"","format":"standard","meta":{"_acf_changed":false,"inline_featured_image":false,"footnotes":""},"categories":[84,3,86,68],"tags":[],"class_list":["post-14595","post","type-post","status-publish","format-standard","has-post-thumbnail","hentry","category-actualidad","category-actualitat","category-destacadas","category-destaquem"],"acf":[],"yoast_head":"<!-- This site is optimized with the Yoast SEO plugin v27.3 - https:\/\/yoast.com\/product\/yoast-seo-wordpress\/ -->\n<title>La FECEC participa en las jornadas de trabajo de apoyo a pacientes que organiza la European Cancer Leagues - Junts contra el c\u00e0ncer - FECEC<\/title>\n<meta name=\"robots\" content=\"index, follow, max-snippet:-1, max-image-preview:large, max-video-preview:-1\" \/>\n<link rel=\"canonical\" href=\"https:\/\/juntscontraelcancer.cat\/es\/la-fecec-participa-en-las-jornadas-de-trabajo-de-apoyo-a-pacientes-que-organiza-la-european-cancer-leagues\/\" \/>\n<meta property=\"og:locale\" content=\"es_ES\" \/>\n<meta property=\"og:type\" content=\"article\" \/>\n<meta property=\"og:title\" content=\"La FECEC participa en las jornadas de trabajo de apoyo a pacientes que organiza la European Cancer Leagues - Junts contra el c\u00e0ncer - FECEC\" \/>\n<meta property=\"og:description\" content=\"Desde 2007, el PSWG conecta expertos en atenci\u00f3n contra el c\u00e1ncer que trabajan conjuntamente en temas como el acceso a los seguros y servicios financieros, el retorno al trabajo, la asistencia al cuidador, la rehabilitaci\u00f3n del c\u00e1ncer y los cuidados paliativos.\" \/>\n<meta property=\"og:url\" content=\"https:\/\/juntscontraelcancer.cat\/es\/la-fecec-participa-en-las-jornadas-de-trabajo-de-apoyo-a-pacientes-que-organiza-la-european-cancer-leagues\/\" \/>\n<meta property=\"og:site_name\" content=\"Junts contra el c\u00e0ncer - FECEC\" \/>\n<meta property=\"article:publisher\" content=\"https:\/\/www.facebook.com\/fecec.federacio\/\" \/>\n<meta property=\"article:published_time\" content=\"2019-11-27T22:00:00+00:00\" \/>\n<meta property=\"article:modified_time\" content=\"2023-06-12T09:52:09+00:00\" \/>\n<meta property=\"og:image\" content=\"https:\/\/juntscontraelcancer.cat\/wp-content\/uploads\/2023\/04\/european-cancer-leagues-1.jpg\" \/>\n\t<meta property=\"og:image:width\" content=\"650\" \/>\n\t<meta property=\"og:image:height\" content=\"366\" \/>\n\t<meta property=\"og:image:type\" content=\"image\/jpeg\" \/>\n<meta name=\"author\" content=\"Pukkas\" \/>\n<meta name=\"twitter:card\" content=\"summary_large_image\" \/>\n<meta name=\"twitter:creator\" content=\"@FececFederacio\" \/>\n<meta name=\"twitter:site\" content=\"@FececFederacio\" \/>\n<meta name=\"twitter:label1\" content=\"Escrito por\" \/>\n\t<meta name=\"twitter:data1\" content=\"Pukkas\" \/>\n\t<meta name=\"twitter:label2\" content=\"Tiempo de lectura\" \/>\n\t<meta name=\"twitter:data2\" content=\"2 minutos\" \/>\n<script type=\"application\/ld+json\" class=\"yoast-schema-graph\">{\"@context\":\"https:\\\/\\\/schema.org\",\"@graph\":[{\"@type\":\"Article\",\"@id\":\"https:\\\/\\\/juntscontraelcancer.cat\\\/es\\\/la-fecec-participa-en-las-jornadas-de-trabajo-de-apoyo-a-pacientes-que-organiza-la-european-cancer-leagues\\\/#article\",\"isPartOf\":{\"@id\":\"https:\\\/\\\/juntscontraelcancer.cat\\\/es\\\/la-fecec-participa-en-las-jornadas-de-trabajo-de-apoyo-a-pacientes-que-organiza-la-european-cancer-leagues\\\/\"},\"author\":{\"name\":\"Pukkas\",\"@id\":\"https:\\\/\\\/juntscontraelcancer.cat\\\/es\\\/#\\\/schema\\\/person\\\/14c85cb9b3aeddea8f9087bea375813f\"},\"headline\":\"La FECEC participa en las jornadas de trabajo de apoyo a pacientes que organiza la European Cancer Leagues\",\"datePublished\":\"2019-11-27T22:00:00+00:00\",\"dateModified\":\"2023-06-12T09:52:09+00:00\",\"mainEntityOfPage\":{\"@id\":\"https:\\\/\\\/juntscontraelcancer.cat\\\/es\\\/la-fecec-participa-en-las-jornadas-de-trabajo-de-apoyo-a-pacientes-que-organiza-la-european-cancer-leagues\\\/\"},\"wordCount\":356,\"publisher\":{\"@id\":\"https:\\\/\\\/juntscontraelcancer.cat\\\/es\\\/#organization\"},\"image\":{\"@id\":\"https:\\\/\\\/juntscontraelcancer.cat\\\/es\\\/la-fecec-participa-en-las-jornadas-de-trabajo-de-apoyo-a-pacientes-que-organiza-la-european-cancer-leagues\\\/#primaryimage\"},\"thumbnailUrl\":\"https:\\\/\\\/juntscontraelcancer.cat\\\/wp-content\\\/uploads\\\/2023\\\/04\\\/european-cancer-leagues-1.jpg\",\"articleSection\":[\"Actualidad\",\"Actualitat\",\"Destacadas\",\"Destacats\"],\"inLanguage\":\"es\"},{\"@type\":\"WebPage\",\"@id\":\"https:\\\/\\\/juntscontraelcancer.cat\\\/es\\\/la-fecec-participa-en-las-jornadas-de-trabajo-de-apoyo-a-pacientes-que-organiza-la-european-cancer-leagues\\\/\",\"url\":\"https:\\\/\\\/juntscontraelcancer.cat\\\/es\\\/la-fecec-participa-en-las-jornadas-de-trabajo-de-apoyo-a-pacientes-que-organiza-la-european-cancer-leagues\\\/\",\"name\":\"La FECEC participa en las jornadas de trabajo de apoyo a pacientes que organiza la European Cancer Leagues - Junts contra el c\u00e0ncer - FECEC\",\"isPartOf\":{\"@id\":\"https:\\\/\\\/juntscontraelcancer.cat\\\/es\\\/#website\"},\"primaryImageOfPage\":{\"@id\":\"https:\\\/\\\/juntscontraelcancer.cat\\\/es\\\/la-fecec-participa-en-las-jornadas-de-trabajo-de-apoyo-a-pacientes-que-organiza-la-european-cancer-leagues\\\/#primaryimage\"},\"image\":{\"@id\":\"https:\\\/\\\/juntscontraelcancer.cat\\\/es\\\/la-fecec-participa-en-las-jornadas-de-trabajo-de-apoyo-a-pacientes-que-organiza-la-european-cancer-leagues\\\/#primaryimage\"},\"thumbnailUrl\":\"https:\\\/\\\/juntscontraelcancer.cat\\\/wp-content\\\/uploads\\\/2023\\\/04\\\/european-cancer-leagues-1.jpg\",\"datePublished\":\"2019-11-27T22:00:00+00:00\",\"dateModified\":\"2023-06-12T09:52:09+00:00\",\"breadcrumb\":{\"@id\":\"https:\\\/\\\/juntscontraelcancer.cat\\\/es\\\/la-fecec-participa-en-las-jornadas-de-trabajo-de-apoyo-a-pacientes-que-organiza-la-european-cancer-leagues\\\/#breadcrumb\"},\"inLanguage\":\"es\",\"potentialAction\":[{\"@type\":\"ReadAction\",\"target\":[\"https:\\\/\\\/juntscontraelcancer.cat\\\/es\\\/la-fecec-participa-en-las-jornadas-de-trabajo-de-apoyo-a-pacientes-que-organiza-la-european-cancer-leagues\\\/\"]}]},{\"@type\":\"ImageObject\",\"inLanguage\":\"es\",\"@id\":\"https:\\\/\\\/juntscontraelcancer.cat\\\/es\\\/la-fecec-participa-en-las-jornadas-de-trabajo-de-apoyo-a-pacientes-que-organiza-la-european-cancer-leagues\\\/#primaryimage\",\"url\":\"https:\\\/\\\/juntscontraelcancer.cat\\\/wp-content\\\/uploads\\\/2023\\\/04\\\/european-cancer-leagues-1.jpg\",\"contentUrl\":\"https:\\\/\\\/juntscontraelcancer.cat\\\/wp-content\\\/uploads\\\/2023\\\/04\\\/european-cancer-leagues-1.jpg\",\"width\":650,\"height\":366},{\"@type\":\"BreadcrumbList\",\"@id\":\"https:\\\/\\\/juntscontraelcancer.cat\\\/es\\\/la-fecec-participa-en-las-jornadas-de-trabajo-de-apoyo-a-pacientes-que-organiza-la-european-cancer-leagues\\\/#breadcrumb\",\"itemListElement\":[{\"@type\":\"ListItem\",\"position\":1,\"name\":\"Inicio\",\"item\":\"https:\\\/\\\/juntscontraelcancer.cat\\\/es\\\/\"},{\"@type\":\"ListItem\",\"position\":2,\"name\":\"La FECEC participa en las jornadas de trabajo de apoyo a pacientes que organiza la European Cancer Leagues\"}]},{\"@type\":\"WebSite\",\"@id\":\"https:\\\/\\\/juntscontraelcancer.cat\\\/es\\\/#website\",\"url\":\"https:\\\/\\\/juntscontraelcancer.cat\\\/es\\\/\",\"name\":\"Junts contra el c\u00e0ncer - FECEC\",\"description\":\"\",\"publisher\":{\"@id\":\"https:\\\/\\\/juntscontraelcancer.cat\\\/es\\\/#organization\"},\"potentialAction\":[{\"@type\":\"SearchAction\",\"target\":{\"@type\":\"EntryPoint\",\"urlTemplate\":\"https:\\\/\\\/juntscontraelcancer.cat\\\/es\\\/?s={search_term_string}\"},\"query-input\":{\"@type\":\"PropertyValueSpecification\",\"valueRequired\":true,\"valueName\":\"search_term_string\"}}],\"inLanguage\":\"es\"},{\"@type\":\"Organization\",\"@id\":\"https:\\\/\\\/juntscontraelcancer.cat\\\/es\\\/#organization\",\"name\":\"Junts contra el c\u00e0ncer - FECEC\",\"url\":\"https:\\\/\\\/juntscontraelcancer.cat\\\/es\\\/\",\"logo\":{\"@type\":\"ImageObject\",\"inLanguage\":\"es\",\"@id\":\"https:\\\/\\\/juntscontraelcancer.cat\\\/es\\\/#\\\/schema\\\/logo\\\/image\\\/\",\"url\":\"https:\\\/\\\/juntscontraelcancer.cat\\\/wp-content\\\/uploads\\\/2023\\\/01\\\/logo-fecec-header.png\",\"contentUrl\":\"https:\\\/\\\/juntscontraelcancer.cat\\\/wp-content\\\/uploads\\\/2023\\\/01\\\/logo-fecec-header.png\",\"width\":126,\"height\":74,\"caption\":\"Junts contra el c\u00e0ncer - FECEC\"},\"image\":{\"@id\":\"https:\\\/\\\/juntscontraelcancer.cat\\\/es\\\/#\\\/schema\\\/logo\\\/image\\\/\"},\"sameAs\":[\"https:\\\/\\\/www.facebook.com\\\/fecec.federacio\\\/\",\"https:\\\/\\\/x.com\\\/FececFederacio\",\"https:\\\/\\\/www.instagram.com\\\/fececfederacio\\\/?hl=es\",\"https:\\\/\\\/www.youtube.com\\\/channel\\\/UCgAC_6c6hmHwMQhSCQyYBdA\"]},{\"@type\":\"Person\",\"@id\":\"https:\\\/\\\/juntscontraelcancer.cat\\\/es\\\/#\\\/schema\\\/person\\\/14c85cb9b3aeddea8f9087bea375813f\",\"name\":\"Pukkas\",\"image\":{\"@type\":\"ImageObject\",\"inLanguage\":\"es\",\"@id\":\"https:\\\/\\\/secure.gravatar.com\\\/avatar\\\/7433209641beafe57dbfd32b83f1c28fb7da2f23c98b47d02c7623ce350a0e9f?s=96&d=mm&r=g\",\"url\":\"https:\\\/\\\/secure.gravatar.com\\\/avatar\\\/7433209641beafe57dbfd32b83f1c28fb7da2f23c98b47d02c7623ce350a0e9f?s=96&d=mm&r=g\",\"contentUrl\":\"https:\\\/\\\/secure.gravatar.com\\\/avatar\\\/7433209641beafe57dbfd32b83f1c28fb7da2f23c98b47d02c7623ce350a0e9f?s=96&d=mm&r=g\",\"caption\":\"Pukkas\"},\"sameAs\":[\"https:\\\/\\\/juntscontraelcancer.cat\"]}]}<\/script>\n<!-- \/ Yoast SEO plugin. -->","yoast_head_json":{"title":"La FECEC participa en las jornadas de trabajo de apoyo a pacientes que organiza la European Cancer Leagues - Junts contra el c\u00e0ncer - FECEC","robots":{"index":"index","follow":"follow","max-snippet":"max-snippet:-1","max-image-preview":"max-image-preview:large","max-video-preview":"max-video-preview:-1"},"canonical":"https:\/\/juntscontraelcancer.cat\/es\/la-fecec-participa-en-las-jornadas-de-trabajo-de-apoyo-a-pacientes-que-organiza-la-european-cancer-leagues\/","og_locale":"es_ES","og_type":"article","og_title":"La FECEC participa en las jornadas de trabajo de apoyo a pacientes que organiza la European Cancer Leagues - Junts contra el c\u00e0ncer - FECEC","og_description":"Desde 2007, el PSWG conecta expertos en atenci\u00f3n contra el c\u00e1ncer que trabajan conjuntamente en temas como el acceso a los seguros y servicios financieros, el retorno al trabajo, la asistencia al cuidador, la rehabilitaci\u00f3n del c\u00e1ncer y los cuidados paliativos.","og_url":"https:\/\/juntscontraelcancer.cat\/es\/la-fecec-participa-en-las-jornadas-de-trabajo-de-apoyo-a-pacientes-que-organiza-la-european-cancer-leagues\/","og_site_name":"Junts contra el c\u00e0ncer - FECEC","article_publisher":"https:\/\/www.facebook.com\/fecec.federacio\/","article_published_time":"2019-11-27T22:00:00+00:00","article_modified_time":"2023-06-12T09:52:09+00:00","og_image":[{"width":650,"height":366,"url":"https:\/\/juntscontraelcancer.cat\/wp-content\/uploads\/2023\/04\/european-cancer-leagues-1.jpg","type":"image\/jpeg"}],"author":"Pukkas","twitter_card":"summary_large_image","twitter_creator":"@FececFederacio","twitter_site":"@FececFederacio","twitter_misc":{"Escrito por":"Pukkas","Tiempo de lectura":"2 minutos"},"schema":{"@context":"https:\/\/schema.org","@graph":[{"@type":"Article","@id":"https:\/\/juntscontraelcancer.cat\/es\/la-fecec-participa-en-las-jornadas-de-trabajo-de-apoyo-a-pacientes-que-organiza-la-european-cancer-leagues\/#article","isPartOf":{"@id":"https:\/\/juntscontraelcancer.cat\/es\/la-fecec-participa-en-las-jornadas-de-trabajo-de-apoyo-a-pacientes-que-organiza-la-european-cancer-leagues\/"},"author":{"name":"Pukkas","@id":"https:\/\/juntscontraelcancer.cat\/es\/#\/schema\/person\/14c85cb9b3aeddea8f9087bea375813f"},"headline":"La FECEC participa en las jornadas de trabajo de apoyo a pacientes que organiza la European Cancer Leagues","datePublished":"2019-11-27T22:00:00+00:00","dateModified":"2023-06-12T09:52:09+00:00","mainEntityOfPage":{"@id":"https:\/\/juntscontraelcancer.cat\/es\/la-fecec-participa-en-las-jornadas-de-trabajo-de-apoyo-a-pacientes-que-organiza-la-european-cancer-leagues\/"},"wordCount":356,"publisher":{"@id":"https:\/\/juntscontraelcancer.cat\/es\/#organization"},"image":{"@id":"https:\/\/juntscontraelcancer.cat\/es\/la-fecec-participa-en-las-jornadas-de-trabajo-de-apoyo-a-pacientes-que-organiza-la-european-cancer-leagues\/#primaryimage"},"thumbnailUrl":"https:\/\/juntscontraelcancer.cat\/wp-content\/uploads\/2023\/04\/european-cancer-leagues-1.jpg","articleSection":["Actualidad","Actualitat","Destacadas","Destacats"],"inLanguage":"es"},{"@type":"WebPage","@id":"https:\/\/juntscontraelcancer.cat\/es\/la-fecec-participa-en-las-jornadas-de-trabajo-de-apoyo-a-pacientes-que-organiza-la-european-cancer-leagues\/","url":"https:\/\/juntscontraelcancer.cat\/es\/la-fecec-participa-en-las-jornadas-de-trabajo-de-apoyo-a-pacientes-que-organiza-la-european-cancer-leagues\/","name":"La FECEC participa en las jornadas de trabajo de apoyo a pacientes que organiza la European Cancer Leagues - Junts contra el c\u00e0ncer - FECEC","isPartOf":{"@id":"https:\/\/juntscontraelcancer.cat\/es\/#website"},"primaryImageOfPage":{"@id":"https:\/\/juntscontraelcancer.cat\/es\/la-fecec-participa-en-las-jornadas-de-trabajo-de-apoyo-a-pacientes-que-organiza-la-european-cancer-leagues\/#primaryimage"},"image":{"@id":"https:\/\/juntscontraelcancer.cat\/es\/la-fecec-participa-en-las-jornadas-de-trabajo-de-apoyo-a-pacientes-que-organiza-la-european-cancer-leagues\/#primaryimage"},"thumbnailUrl":"https:\/\/juntscontraelcancer.cat\/wp-content\/uploads\/2023\/04\/european-cancer-leagues-1.jpg","datePublished":"2019-11-27T22:00:00+00:00","dateModified":"2023-06-12T09:52:09+00:00","breadcrumb":{"@id":"https:\/\/juntscontraelcancer.cat\/es\/la-fecec-participa-en-las-jornadas-de-trabajo-de-apoyo-a-pacientes-que-organiza-la-european-cancer-leagues\/#breadcrumb"},"inLanguage":"es","potentialAction":[{"@type":"ReadAction","target":["https:\/\/juntscontraelcancer.cat\/es\/la-fecec-participa-en-las-jornadas-de-trabajo-de-apoyo-a-pacientes-que-organiza-la-european-cancer-leagues\/"]}]},{"@type":"ImageObject","inLanguage":"es","@id":"https:\/\/juntscontraelcancer.cat\/es\/la-fecec-participa-en-las-jornadas-de-trabajo-de-apoyo-a-pacientes-que-organiza-la-european-cancer-leagues\/#primaryimage","url":"https:\/\/juntscontraelcancer.cat\/wp-content\/uploads\/2023\/04\/european-cancer-leagues-1.jpg","contentUrl":"https:\/\/juntscontraelcancer.cat\/wp-content\/uploads\/2023\/04\/european-cancer-leagues-1.jpg","width":650,"height":366},{"@type":"BreadcrumbList","@id":"https:\/\/juntscontraelcancer.cat\/es\/la-fecec-participa-en-las-jornadas-de-trabajo-de-apoyo-a-pacientes-que-organiza-la-european-cancer-leagues\/#breadcrumb","itemListElement":[{"@type":"ListItem","position":1,"name":"Inicio","item":"https:\/\/juntscontraelcancer.cat\/es\/"},{"@type":"ListItem","position":2,"name":"La FECEC participa en las jornadas de trabajo de apoyo a pacientes que organiza la European Cancer Leagues"}]},{"@type":"WebSite","@id":"https:\/\/juntscontraelcancer.cat\/es\/#website","url":"https:\/\/juntscontraelcancer.cat\/es\/","name":"Junts contra el c\u00e0ncer - FECEC","description":"","publisher":{"@id":"https:\/\/juntscontraelcancer.cat\/es\/#organization"},"potentialAction":[{"@type":"SearchAction","target":{"@type":"EntryPoint","urlTemplate":"https:\/\/juntscontraelcancer.cat\/es\/?s={search_term_string}"},"query-input":{"@type":"PropertyValueSpecification","valueRequired":true,"valueName":"search_term_string"}}],"inLanguage":"es"},{"@type":"Organization","@id":"https:\/\/juntscontraelcancer.cat\/es\/#organization","name":"Junts contra el c\u00e0ncer - FECEC","url":"https:\/\/juntscontraelcancer.cat\/es\/","logo":{"@type":"ImageObject","inLanguage":"es","@id":"https:\/\/juntscontraelcancer.cat\/es\/#\/schema\/logo\/image\/","url":"https:\/\/juntscontraelcancer.cat\/wp-content\/uploads\/2023\/01\/logo-fecec-header.png","contentUrl":"https:\/\/juntscontraelcancer.cat\/wp-content\/uploads\/2023\/01\/logo-fecec-header.png","width":126,"height":74,"caption":"Junts contra el c\u00e0ncer - FECEC"},"image":{"@id":"https:\/\/juntscontraelcancer.cat\/es\/#\/schema\/logo\/image\/"},"sameAs":["https:\/\/www.facebook.com\/fecec.federacio\/","https:\/\/x.com\/FececFederacio","https:\/\/www.instagram.com\/fececfederacio\/?hl=es","https:\/\/www.youtube.com\/channel\/UCgAC_6c6hmHwMQhSCQyYBdA"]},{"@type":"Person","@id":"https:\/\/juntscontraelcancer.cat\/es\/#\/schema\/person\/14c85cb9b3aeddea8f9087bea375813f","name":"Pukkas","image":{"@type":"ImageObject","inLanguage":"es","@id":"https:\/\/secure.gravatar.com\/avatar\/7433209641beafe57dbfd32b83f1c28fb7da2f23c98b47d02c7623ce350a0e9f?s=96&d=mm&r=g","url":"https:\/\/secure.gravatar.com\/avatar\/7433209641beafe57dbfd32b83f1c28fb7da2f23c98b47d02c7623ce350a0e9f?s=96&d=mm&r=g","contentUrl":"https:\/\/secure.gravatar.com\/avatar\/7433209641beafe57dbfd32b83f1c28fb7da2f23c98b47d02c7623ce350a0e9f?s=96&d=mm&r=g","caption":"Pukkas"},"sameAs":["https:\/\/juntscontraelcancer.cat"]}]}},"_links":{"self":[{"href":"https:\/\/juntscontraelcancer.cat\/es\/wp-json\/wp\/v2\/posts\/14595","targetHints":{"allow":["GET"]}}],"collection":[{"href":"https:\/\/juntscontraelcancer.cat\/es\/wp-json\/wp\/v2\/posts"}],"about":[{"href":"https:\/\/juntscontraelcancer.cat\/es\/wp-json\/wp\/v2\/types\/post"}],"author":[{"embeddable":true,"href":"https:\/\/juntscontraelcancer.cat\/es\/wp-json\/wp\/v2\/users\/1"}],"replies":[{"embeddable":true,"href":"https:\/\/juntscontraelcancer.cat\/es\/wp-json\/wp\/v2\/comments?post=14595"}],"version-history":[{"count":1,"href":"https:\/\/juntscontraelcancer.cat\/es\/wp-json\/wp\/v2\/posts\/14595\/revisions"}],"predecessor-version":[{"id":14596,"href":"https:\/\/juntscontraelcancer.cat\/es\/wp-json\/wp\/v2\/posts\/14595\/revisions\/14596"}],"wp:featuredmedia":[{"embeddable":true,"href":"https:\/\/juntscontraelcancer.cat\/es\/wp-json\/wp\/v2\/media\/11166"}],"wp:attachment":[{"href":"https:\/\/juntscontraelcancer.cat\/es\/wp-json\/wp\/v2\/media?parent=14595"}],"wp:term":[{"taxonomy":"category","embeddable":true,"href":"https:\/\/juntscontraelcancer.cat\/es\/wp-json\/wp\/v2\/categories?post=14595"},{"taxonomy":"post_tag","embeddable":true,"href":"https:\/\/juntscontraelcancer.cat\/es\/wp-json\/wp\/v2\/tags?post=14595"}],"curies":[{"name":"wp","href":"https:\/\/api.w.org\/{rel}","templated":true}]}}