{"id":14590,"date":"2019-11-19T00:00:00","date_gmt":"2019-11-18T22:00:00","guid":{"rendered":"https:\/\/junts.enproceso.es\/gracias-a-todos-los-voluntarios-por-haber-participado-en-el-xv-encuentro-de-voluntariado-en-el-ambito-oncologico\/"},"modified":"2023-06-12T11:52:09","modified_gmt":"2023-06-12T09:52:09","slug":"gracias-a-todos-los-voluntarios-por-haber-participado-en-el-xv-encuentro-de-voluntariado-en-el-ambito-oncologico","status":"publish","type":"post","link":"https:\/\/juntscontraelcancer.cat\/es\/gracias-a-todos-los-voluntarios-por-haber-participado-en-el-xv-encuentro-de-voluntariado-en-el-ambito-oncologico\/","title":{"rendered":"Gracias a todos los voluntarios por haber participado en el XV Encuentro de Voluntariado en el \u00e1mbito Oncol\u00f3gico!"},"content":{"rendered":"<p>El Encuentro de Voluntariado en el \u00e1mbito Oncol\u00f3gico que cada a\u00f1o organizamos desde la Federaci\u00f3n Catalana de Entidades contra el c\u00e1ncer, FECEC, celebr\u00f3 el pasado 16 de noviembre sus 15 a\u00f1os.<\/p>\n<p><img loading=\"lazy\" decoding=\"async\" class=\"wp-image-34561 aligncenter\" src=\"https:\/\/juntscontraelcancer.cat\/wp-content\/uploads\/2023\/04\/IMG_20191116_114404-scaled.jpg\" alt=\"IMG_20191116_114404\" width=\"600\" height=\"338\" \/><\/p>\n<p>&nbsp;<\/p>\n<p>En esta edici\u00f3n tan especial, la jornada llevaba por t\u00edtulo \u00abVoluntariado, una manera de entender la vida\u00bb porque entendemos que el voluntario tiene una actitud ante la vida que va m\u00e1s all\u00e1 de la duraci\u00f3n de su voluntariado, y creemos que hab\u00eda que poner el foco en esta caracter\u00edstica.<\/p>\n<p>El acto estuvo conducido por Ignacio Gaya, periodista de los Servicios Informativos de Televisi\u00f3n de Catalu\u00f1a. A las 10 de la ma\u00f1ana tuvieron lugar los discursos de bienvenida a cargo del Dr. Ram\u00f3n Mar\u00eda Miralles, Presidente de la FECEC y representantes de la Consejer\u00eda del departamento de Trabajo, asunto sociales y familias, la Diputaci\u00f3n Barcelona y el Ayuntamiento de Barcelona.<\/p>\n<p>A lo largo de la jornada hubo varias charlas y coloquios. Una de ellas fue la titulada \u00abLa felicidad de dar y de darse &#8216;a cargo del Dr. Jose Lu\u00eds Bimbela, Doctor en Psicolog\u00eda, Profesor, Investigador y Consultor en la Escuela Andaluza de Salud P\u00fablica.<\/p>\n<p>Posteriormente, tuvieron lugar dos talleres simult\u00e1neos titulados &#8216;El Sonido y el Silencio como herramientas de bienestar&#8217; y &#8216;Escucha desde la profundidad&#8217;.<\/p>\n<p>El primero fue a cargo de Edgar Tarr\u00e9s, especializado en creaci\u00f3n de experiencias y el segundo estuvo impartido por la Dra. Mar\u00eda Rufino, Doctora en Psicolog\u00eda del Aprendizaje Humano por la Universidad Aut\u00f3noma de Barcelona.<\/p>\n<p>Al final del Encuentro hicimos un peque\u00f1o acto de celebraci\u00f3n de los 15 a\u00f1os!<\/p>\n<p>Desde la FECEC nos hizo mucha ilusi\u00f3n llegar a esta cifra para celebrarlo todos juntos. Durante estos a\u00f1os hemos sido capaces de mantener este espacio para fomentar el nexo de uni\u00f3n entre todos los voluntarios que colaboran en este \u00e1mbito en Catalu\u00f1a y reconocer y agradecer su labor solidaria.<\/p>\n<p>Es por ello que queremos dar las gracias a todos los voluntarios de las entidades adheridas a la FECEC por haber participado en el XV Encuentro!<\/p>\n<p><strong><a href=\"https:\/\/www.facebook.com\/pg\/fecec.federacio\/photos\/?tab=album&amp;album_id=2505404802879841&amp;__xts__%5B0%5D=68.ARBTiPUs1FCPqyJUM7aCRBzIQKsqZxSwPW9EPI_HTrj8YyEAl1vm14XaH5Ujl0HL3RQjl-NvaGIwP21g6b3xKa8BODuoHquVX2py5uEyiWLq2YVa9vlwLjx5fKRxThh-_P66ccPktLi0NtjAgX92t88BrtPtO4gQDLSlKgyl7edhEL-IbU2MgO0d41qlgc4oh8q0R-yqA7YrpyTSs7eFATLtImFLRiiqLFHtQeglY7pjKC4QhIIyIfTgWc5XEwbGJTACljwe75z8rNdmU7t-Ry2KBwINCHCdClErnsa4F2W6xq74yHOPHWLcf_7fxIX5QMPO97hmoVwT61pMDpzGI_OqdMFHf9U3DHM-vUUosQ98Cgg7SyiNQ5mET052lmihP3_H2wjhBCUTElj1Yt6r8PqBDXT-VynWA4edQz4Odwfe6DqvVxAWTtUTG1JZx-IHmrgnXOnID5qE7J_d-GF4&amp;__tn__=-UC-R\">En este enlace pod\u00e9is ver el \u00e1lbum de fotos de la jornada!\u00a0<\/a><\/strong><\/p>\n<p>&nbsp;<\/p>\n<p>&nbsp;<\/p>\n<p>&nbsp;<\/p>\n<p>&nbsp;<\/p>\n","protected":false},"excerpt":{"rendered":"<p>Desde la FECEC nos hizo mucha ilusi\u00f3n llegar a esta cifra para celebrarlo todos juntos. Durante estos a\u00f1os hemos sido capaces de mantener este espacio para fomentar el nexo de uni\u00f3n entre todos los voluntarios que colaboran en este \u00e1mbito en Catalu\u00f1a y reconocer y agradecer su labor solidaria.<\/p>\n","protected":false},"author":1,"featured_media":14592,"comment_status":"closed","ping_status":"open","sticky":false,"template":"","format":"standard","meta":{"_acf_changed":false,"inline_featured_image":false,"footnotes":""},"categories":[84,3,86,68],"tags":[],"class_list":["post-14590","post","type-post","status-publish","format-standard","has-post-thumbnail","hentry","category-actualidad","category-actualitat","category-destacadas","category-destaquem"],"acf":[],"yoast_head":"<!-- This site is optimized with the Yoast SEO plugin v27.3 - https:\/\/yoast.com\/product\/yoast-seo-wordpress\/ -->\n<title>Gracias a todos los voluntarios por haber participado en el XV Encuentro de Voluntariado en el \u00e1mbito Oncol\u00f3gico! - Junts contra el c\u00e0ncer - FECEC<\/title>\n<meta name=\"robots\" content=\"index, follow, max-snippet:-1, max-image-preview:large, max-video-preview:-1\" \/>\n<link rel=\"canonical\" href=\"https:\/\/juntscontraelcancer.cat\/es\/gracias-a-todos-los-voluntarios-por-haber-participado-en-el-xv-encuentro-de-voluntariado-en-el-ambito-oncologico\/\" \/>\n<meta property=\"og:locale\" content=\"es_ES\" \/>\n<meta property=\"og:type\" content=\"article\" \/>\n<meta property=\"og:title\" content=\"Gracias a todos los voluntarios por haber participado en el XV Encuentro de Voluntariado en el \u00e1mbito Oncol\u00f3gico! - Junts contra el c\u00e0ncer - FECEC\" \/>\n<meta property=\"og:description\" content=\"Desde la FECEC nos hizo mucha ilusi\u00f3n llegar a esta cifra para celebrarlo todos juntos. Durante estos a\u00f1os hemos sido capaces de mantener este espacio para fomentar el nexo de uni\u00f3n entre todos los voluntarios que colaboran en este \u00e1mbito en Catalu\u00f1a y reconocer y agradecer su labor solidaria.\" \/>\n<meta property=\"og:url\" content=\"https:\/\/juntscontraelcancer.cat\/es\/gracias-a-todos-los-voluntarios-por-haber-participado-en-el-xv-encuentro-de-voluntariado-en-el-ambito-oncologico\/\" \/>\n<meta property=\"og:site_name\" content=\"Junts contra el c\u00e0ncer - FECEC\" \/>\n<meta property=\"article:publisher\" content=\"https:\/\/www.facebook.com\/fecec.federacio\/\" \/>\n<meta property=\"article:published_time\" content=\"2019-11-18T22:00:00+00:00\" \/>\n<meta property=\"article:modified_time\" content=\"2023-06-12T09:52:09+00:00\" \/>\n<meta property=\"og:image\" content=\"https:\/\/juntscontraelcancer.cat\/wp-content\/uploads\/2023\/04\/IMG_20191116_142250-1-scaled.jpg\" \/>\n\t<meta property=\"og:image:width\" content=\"2560\" \/>\n\t<meta property=\"og:image:height\" content=\"1440\" \/>\n\t<meta property=\"og:image:type\" content=\"image\/jpeg\" \/>\n<meta name=\"author\" content=\"Pukkas\" \/>\n<meta name=\"twitter:card\" content=\"summary_large_image\" \/>\n<meta name=\"twitter:creator\" content=\"@FececFederacio\" \/>\n<meta name=\"twitter:site\" content=\"@FececFederacio\" \/>\n<meta name=\"twitter:label1\" content=\"Escrito por\" \/>\n\t<meta name=\"twitter:data1\" content=\"Pukkas\" \/>\n\t<meta name=\"twitter:label2\" content=\"Tiempo de lectura\" \/>\n\t<meta name=\"twitter:data2\" content=\"2 minutos\" \/>\n<script type=\"application\/ld+json\" class=\"yoast-schema-graph\">{\"@context\":\"https:\\\/\\\/schema.org\",\"@graph\":[{\"@type\":\"Article\",\"@id\":\"https:\\\/\\\/juntscontraelcancer.cat\\\/es\\\/gracias-a-todos-los-voluntarios-por-haber-participado-en-el-xv-encuentro-de-voluntariado-en-el-ambito-oncologico\\\/#article\",\"isPartOf\":{\"@id\":\"https:\\\/\\\/juntscontraelcancer.cat\\\/es\\\/gracias-a-todos-los-voluntarios-por-haber-participado-en-el-xv-encuentro-de-voluntariado-en-el-ambito-oncologico\\\/\"},\"author\":{\"name\":\"Pukkas\",\"@id\":\"https:\\\/\\\/juntscontraelcancer.cat\\\/es\\\/#\\\/schema\\\/person\\\/14c85cb9b3aeddea8f9087bea375813f\"},\"headline\":\"Gracias a todos los voluntarios por haber participado en el XV Encuentro de Voluntariado en el \u00e1mbito Oncol\u00f3gico!\",\"datePublished\":\"2019-11-18T22:00:00+00:00\",\"dateModified\":\"2023-06-12T09:52:09+00:00\",\"mainEntityOfPage\":{\"@id\":\"https:\\\/\\\/juntscontraelcancer.cat\\\/es\\\/gracias-a-todos-los-voluntarios-por-haber-participado-en-el-xv-encuentro-de-voluntariado-en-el-ambito-oncologico\\\/\"},\"wordCount\":397,\"publisher\":{\"@id\":\"https:\\\/\\\/juntscontraelcancer.cat\\\/es\\\/#organization\"},\"image\":{\"@id\":\"https:\\\/\\\/juntscontraelcancer.cat\\\/es\\\/gracias-a-todos-los-voluntarios-por-haber-participado-en-el-xv-encuentro-de-voluntariado-en-el-ambito-oncologico\\\/#primaryimage\"},\"thumbnailUrl\":\"https:\\\/\\\/juntscontraelcancer.cat\\\/wp-content\\\/uploads\\\/2023\\\/04\\\/IMG_20191116_142250-1-scaled.jpg\",\"articleSection\":[\"Actualidad\",\"Actualitat\",\"Destacadas\",\"Destacats\"],\"inLanguage\":\"es\"},{\"@type\":\"WebPage\",\"@id\":\"https:\\\/\\\/juntscontraelcancer.cat\\\/es\\\/gracias-a-todos-los-voluntarios-por-haber-participado-en-el-xv-encuentro-de-voluntariado-en-el-ambito-oncologico\\\/\",\"url\":\"https:\\\/\\\/juntscontraelcancer.cat\\\/es\\\/gracias-a-todos-los-voluntarios-por-haber-participado-en-el-xv-encuentro-de-voluntariado-en-el-ambito-oncologico\\\/\",\"name\":\"Gracias a todos los voluntarios por haber participado en el XV Encuentro de Voluntariado en el \u00e1mbito Oncol\u00f3gico! - Junts contra el c\u00e0ncer - FECEC\",\"isPartOf\":{\"@id\":\"https:\\\/\\\/juntscontraelcancer.cat\\\/es\\\/#website\"},\"primaryImageOfPage\":{\"@id\":\"https:\\\/\\\/juntscontraelcancer.cat\\\/es\\\/gracias-a-todos-los-voluntarios-por-haber-participado-en-el-xv-encuentro-de-voluntariado-en-el-ambito-oncologico\\\/#primaryimage\"},\"image\":{\"@id\":\"https:\\\/\\\/juntscontraelcancer.cat\\\/es\\\/gracias-a-todos-los-voluntarios-por-haber-participado-en-el-xv-encuentro-de-voluntariado-en-el-ambito-oncologico\\\/#primaryimage\"},\"thumbnailUrl\":\"https:\\\/\\\/juntscontraelcancer.cat\\\/wp-content\\\/uploads\\\/2023\\\/04\\\/IMG_20191116_142250-1-scaled.jpg\",\"datePublished\":\"2019-11-18T22:00:00+00:00\",\"dateModified\":\"2023-06-12T09:52:09+00:00\",\"breadcrumb\":{\"@id\":\"https:\\\/\\\/juntscontraelcancer.cat\\\/es\\\/gracias-a-todos-los-voluntarios-por-haber-participado-en-el-xv-encuentro-de-voluntariado-en-el-ambito-oncologico\\\/#breadcrumb\"},\"inLanguage\":\"es\",\"potentialAction\":[{\"@type\":\"ReadAction\",\"target\":[\"https:\\\/\\\/juntscontraelcancer.cat\\\/es\\\/gracias-a-todos-los-voluntarios-por-haber-participado-en-el-xv-encuentro-de-voluntariado-en-el-ambito-oncologico\\\/\"]}]},{\"@type\":\"ImageObject\",\"inLanguage\":\"es\",\"@id\":\"https:\\\/\\\/juntscontraelcancer.cat\\\/es\\\/gracias-a-todos-los-voluntarios-por-haber-participado-en-el-xv-encuentro-de-voluntariado-en-el-ambito-oncologico\\\/#primaryimage\",\"url\":\"https:\\\/\\\/juntscontraelcancer.cat\\\/wp-content\\\/uploads\\\/2023\\\/04\\\/IMG_20191116_142250-1-scaled.jpg\",\"contentUrl\":\"https:\\\/\\\/juntscontraelcancer.cat\\\/wp-content\\\/uploads\\\/2023\\\/04\\\/IMG_20191116_142250-1-scaled.jpg\",\"width\":2560,\"height\":1440},{\"@type\":\"BreadcrumbList\",\"@id\":\"https:\\\/\\\/juntscontraelcancer.cat\\\/es\\\/gracias-a-todos-los-voluntarios-por-haber-participado-en-el-xv-encuentro-de-voluntariado-en-el-ambito-oncologico\\\/#breadcrumb\",\"itemListElement\":[{\"@type\":\"ListItem\",\"position\":1,\"name\":\"Inicio\",\"item\":\"https:\\\/\\\/juntscontraelcancer.cat\\\/es\\\/\"},{\"@type\":\"ListItem\",\"position\":2,\"name\":\"Gracias a todos los voluntarios por haber participado en el XV Encuentro de Voluntariado en el \u00e1mbito Oncol\u00f3gico!\"}]},{\"@type\":\"WebSite\",\"@id\":\"https:\\\/\\\/juntscontraelcancer.cat\\\/es\\\/#website\",\"url\":\"https:\\\/\\\/juntscontraelcancer.cat\\\/es\\\/\",\"name\":\"Junts contra el c\u00e0ncer - FECEC\",\"description\":\"\",\"publisher\":{\"@id\":\"https:\\\/\\\/juntscontraelcancer.cat\\\/es\\\/#organization\"},\"potentialAction\":[{\"@type\":\"SearchAction\",\"target\":{\"@type\":\"EntryPoint\",\"urlTemplate\":\"https:\\\/\\\/juntscontraelcancer.cat\\\/es\\\/?s={search_term_string}\"},\"query-input\":{\"@type\":\"PropertyValueSpecification\",\"valueRequired\":true,\"valueName\":\"search_term_string\"}}],\"inLanguage\":\"es\"},{\"@type\":\"Organization\",\"@id\":\"https:\\\/\\\/juntscontraelcancer.cat\\\/es\\\/#organization\",\"name\":\"Junts contra el c\u00e0ncer - FECEC\",\"url\":\"https:\\\/\\\/juntscontraelcancer.cat\\\/es\\\/\",\"logo\":{\"@type\":\"ImageObject\",\"inLanguage\":\"es\",\"@id\":\"https:\\\/\\\/juntscontraelcancer.cat\\\/es\\\/#\\\/schema\\\/logo\\\/image\\\/\",\"url\":\"https:\\\/\\\/juntscontraelcancer.cat\\\/wp-content\\\/uploads\\\/2023\\\/01\\\/logo-fecec-header.png\",\"contentUrl\":\"https:\\\/\\\/juntscontraelcancer.cat\\\/wp-content\\\/uploads\\\/2023\\\/01\\\/logo-fecec-header.png\",\"width\":126,\"height\":74,\"caption\":\"Junts contra el c\u00e0ncer - FECEC\"},\"image\":{\"@id\":\"https:\\\/\\\/juntscontraelcancer.cat\\\/es\\\/#\\\/schema\\\/logo\\\/image\\\/\"},\"sameAs\":[\"https:\\\/\\\/www.facebook.com\\\/fecec.federacio\\\/\",\"https:\\\/\\\/x.com\\\/FececFederacio\",\"https:\\\/\\\/www.instagram.com\\\/fececfederacio\\\/?hl=es\",\"https:\\\/\\\/www.youtube.com\\\/channel\\\/UCgAC_6c6hmHwMQhSCQyYBdA\"]},{\"@type\":\"Person\",\"@id\":\"https:\\\/\\\/juntscontraelcancer.cat\\\/es\\\/#\\\/schema\\\/person\\\/14c85cb9b3aeddea8f9087bea375813f\",\"name\":\"Pukkas\",\"image\":{\"@type\":\"ImageObject\",\"inLanguage\":\"es\",\"@id\":\"https:\\\/\\\/secure.gravatar.com\\\/avatar\\\/7433209641beafe57dbfd32b83f1c28fb7da2f23c98b47d02c7623ce350a0e9f?s=96&d=mm&r=g\",\"url\":\"https:\\\/\\\/secure.gravatar.com\\\/avatar\\\/7433209641beafe57dbfd32b83f1c28fb7da2f23c98b47d02c7623ce350a0e9f?s=96&d=mm&r=g\",\"contentUrl\":\"https:\\\/\\\/secure.gravatar.com\\\/avatar\\\/7433209641beafe57dbfd32b83f1c28fb7da2f23c98b47d02c7623ce350a0e9f?s=96&d=mm&r=g\",\"caption\":\"Pukkas\"},\"sameAs\":[\"https:\\\/\\\/juntscontraelcancer.cat\"]}]}<\/script>\n<!-- \/ Yoast SEO plugin. -->","yoast_head_json":{"title":"Gracias a todos los voluntarios por haber participado en el XV Encuentro de Voluntariado en el \u00e1mbito Oncol\u00f3gico! - Junts contra el c\u00e0ncer - FECEC","robots":{"index":"index","follow":"follow","max-snippet":"max-snippet:-1","max-image-preview":"max-image-preview:large","max-video-preview":"max-video-preview:-1"},"canonical":"https:\/\/juntscontraelcancer.cat\/es\/gracias-a-todos-los-voluntarios-por-haber-participado-en-el-xv-encuentro-de-voluntariado-en-el-ambito-oncologico\/","og_locale":"es_ES","og_type":"article","og_title":"Gracias a todos los voluntarios por haber participado en el XV Encuentro de Voluntariado en el \u00e1mbito Oncol\u00f3gico! - Junts contra el c\u00e0ncer - FECEC","og_description":"Desde la FECEC nos hizo mucha ilusi\u00f3n llegar a esta cifra para celebrarlo todos juntos. Durante estos a\u00f1os hemos sido capaces de mantener este espacio para fomentar el nexo de uni\u00f3n entre todos los voluntarios que colaboran en este \u00e1mbito en Catalu\u00f1a y reconocer y agradecer su labor solidaria.","og_url":"https:\/\/juntscontraelcancer.cat\/es\/gracias-a-todos-los-voluntarios-por-haber-participado-en-el-xv-encuentro-de-voluntariado-en-el-ambito-oncologico\/","og_site_name":"Junts contra el c\u00e0ncer - FECEC","article_publisher":"https:\/\/www.facebook.com\/fecec.federacio\/","article_published_time":"2019-11-18T22:00:00+00:00","article_modified_time":"2023-06-12T09:52:09+00:00","og_image":[{"width":2560,"height":1440,"url":"https:\/\/juntscontraelcancer.cat\/wp-content\/uploads\/2023\/04\/IMG_20191116_142250-1-scaled.jpg","type":"image\/jpeg"}],"author":"Pukkas","twitter_card":"summary_large_image","twitter_creator":"@FececFederacio","twitter_site":"@FececFederacio","twitter_misc":{"Escrito por":"Pukkas","Tiempo de lectura":"2 minutos"},"schema":{"@context":"https:\/\/schema.org","@graph":[{"@type":"Article","@id":"https:\/\/juntscontraelcancer.cat\/es\/gracias-a-todos-los-voluntarios-por-haber-participado-en-el-xv-encuentro-de-voluntariado-en-el-ambito-oncologico\/#article","isPartOf":{"@id":"https:\/\/juntscontraelcancer.cat\/es\/gracias-a-todos-los-voluntarios-por-haber-participado-en-el-xv-encuentro-de-voluntariado-en-el-ambito-oncologico\/"},"author":{"name":"Pukkas","@id":"https:\/\/juntscontraelcancer.cat\/es\/#\/schema\/person\/14c85cb9b3aeddea8f9087bea375813f"},"headline":"Gracias a todos los voluntarios por haber participado en el XV Encuentro de Voluntariado en el \u00e1mbito Oncol\u00f3gico!","datePublished":"2019-11-18T22:00:00+00:00","dateModified":"2023-06-12T09:52:09+00:00","mainEntityOfPage":{"@id":"https:\/\/juntscontraelcancer.cat\/es\/gracias-a-todos-los-voluntarios-por-haber-participado-en-el-xv-encuentro-de-voluntariado-en-el-ambito-oncologico\/"},"wordCount":397,"publisher":{"@id":"https:\/\/juntscontraelcancer.cat\/es\/#organization"},"image":{"@id":"https:\/\/juntscontraelcancer.cat\/es\/gracias-a-todos-los-voluntarios-por-haber-participado-en-el-xv-encuentro-de-voluntariado-en-el-ambito-oncologico\/#primaryimage"},"thumbnailUrl":"https:\/\/juntscontraelcancer.cat\/wp-content\/uploads\/2023\/04\/IMG_20191116_142250-1-scaled.jpg","articleSection":["Actualidad","Actualitat","Destacadas","Destacats"],"inLanguage":"es"},{"@type":"WebPage","@id":"https:\/\/juntscontraelcancer.cat\/es\/gracias-a-todos-los-voluntarios-por-haber-participado-en-el-xv-encuentro-de-voluntariado-en-el-ambito-oncologico\/","url":"https:\/\/juntscontraelcancer.cat\/es\/gracias-a-todos-los-voluntarios-por-haber-participado-en-el-xv-encuentro-de-voluntariado-en-el-ambito-oncologico\/","name":"Gracias a todos los voluntarios por haber participado en el XV Encuentro de Voluntariado en el \u00e1mbito Oncol\u00f3gico! - Junts contra el c\u00e0ncer - FECEC","isPartOf":{"@id":"https:\/\/juntscontraelcancer.cat\/es\/#website"},"primaryImageOfPage":{"@id":"https:\/\/juntscontraelcancer.cat\/es\/gracias-a-todos-los-voluntarios-por-haber-participado-en-el-xv-encuentro-de-voluntariado-en-el-ambito-oncologico\/#primaryimage"},"image":{"@id":"https:\/\/juntscontraelcancer.cat\/es\/gracias-a-todos-los-voluntarios-por-haber-participado-en-el-xv-encuentro-de-voluntariado-en-el-ambito-oncologico\/#primaryimage"},"thumbnailUrl":"https:\/\/juntscontraelcancer.cat\/wp-content\/uploads\/2023\/04\/IMG_20191116_142250-1-scaled.jpg","datePublished":"2019-11-18T22:00:00+00:00","dateModified":"2023-06-12T09:52:09+00:00","breadcrumb":{"@id":"https:\/\/juntscontraelcancer.cat\/es\/gracias-a-todos-los-voluntarios-por-haber-participado-en-el-xv-encuentro-de-voluntariado-en-el-ambito-oncologico\/#breadcrumb"},"inLanguage":"es","potentialAction":[{"@type":"ReadAction","target":["https:\/\/juntscontraelcancer.cat\/es\/gracias-a-todos-los-voluntarios-por-haber-participado-en-el-xv-encuentro-de-voluntariado-en-el-ambito-oncologico\/"]}]},{"@type":"ImageObject","inLanguage":"es","@id":"https:\/\/juntscontraelcancer.cat\/es\/gracias-a-todos-los-voluntarios-por-haber-participado-en-el-xv-encuentro-de-voluntariado-en-el-ambito-oncologico\/#primaryimage","url":"https:\/\/juntscontraelcancer.cat\/wp-content\/uploads\/2023\/04\/IMG_20191116_142250-1-scaled.jpg","contentUrl":"https:\/\/juntscontraelcancer.cat\/wp-content\/uploads\/2023\/04\/IMG_20191116_142250-1-scaled.jpg","width":2560,"height":1440},{"@type":"BreadcrumbList","@id":"https:\/\/juntscontraelcancer.cat\/es\/gracias-a-todos-los-voluntarios-por-haber-participado-en-el-xv-encuentro-de-voluntariado-en-el-ambito-oncologico\/#breadcrumb","itemListElement":[{"@type":"ListItem","position":1,"name":"Inicio","item":"https:\/\/juntscontraelcancer.cat\/es\/"},{"@type":"ListItem","position":2,"name":"Gracias a todos los voluntarios por haber participado en el XV Encuentro de Voluntariado en el \u00e1mbito Oncol\u00f3gico!"}]},{"@type":"WebSite","@id":"https:\/\/juntscontraelcancer.cat\/es\/#website","url":"https:\/\/juntscontraelcancer.cat\/es\/","name":"Junts contra el c\u00e0ncer - FECEC","description":"","publisher":{"@id":"https:\/\/juntscontraelcancer.cat\/es\/#organization"},"potentialAction":[{"@type":"SearchAction","target":{"@type":"EntryPoint","urlTemplate":"https:\/\/juntscontraelcancer.cat\/es\/?s={search_term_string}"},"query-input":{"@type":"PropertyValueSpecification","valueRequired":true,"valueName":"search_term_string"}}],"inLanguage":"es"},{"@type":"Organization","@id":"https:\/\/juntscontraelcancer.cat\/es\/#organization","name":"Junts contra el c\u00e0ncer - FECEC","url":"https:\/\/juntscontraelcancer.cat\/es\/","logo":{"@type":"ImageObject","inLanguage":"es","@id":"https:\/\/juntscontraelcancer.cat\/es\/#\/schema\/logo\/image\/","url":"https:\/\/juntscontraelcancer.cat\/wp-content\/uploads\/2023\/01\/logo-fecec-header.png","contentUrl":"https:\/\/juntscontraelcancer.cat\/wp-content\/uploads\/2023\/01\/logo-fecec-header.png","width":126,"height":74,"caption":"Junts contra el c\u00e0ncer - FECEC"},"image":{"@id":"https:\/\/juntscontraelcancer.cat\/es\/#\/schema\/logo\/image\/"},"sameAs":["https:\/\/www.facebook.com\/fecec.federacio\/","https:\/\/x.com\/FececFederacio","https:\/\/www.instagram.com\/fececfederacio\/?hl=es","https:\/\/www.youtube.com\/channel\/UCgAC_6c6hmHwMQhSCQyYBdA"]},{"@type":"Person","@id":"https:\/\/juntscontraelcancer.cat\/es\/#\/schema\/person\/14c85cb9b3aeddea8f9087bea375813f","name":"Pukkas","image":{"@type":"ImageObject","inLanguage":"es","@id":"https:\/\/secure.gravatar.com\/avatar\/7433209641beafe57dbfd32b83f1c28fb7da2f23c98b47d02c7623ce350a0e9f?s=96&d=mm&r=g","url":"https:\/\/secure.gravatar.com\/avatar\/7433209641beafe57dbfd32b83f1c28fb7da2f23c98b47d02c7623ce350a0e9f?s=96&d=mm&r=g","contentUrl":"https:\/\/secure.gravatar.com\/avatar\/7433209641beafe57dbfd32b83f1c28fb7da2f23c98b47d02c7623ce350a0e9f?s=96&d=mm&r=g","caption":"Pukkas"},"sameAs":["https:\/\/juntscontraelcancer.cat"]}]}},"_links":{"self":[{"href":"https:\/\/juntscontraelcancer.cat\/es\/wp-json\/wp\/v2\/posts\/14590","targetHints":{"allow":["GET"]}}],"collection":[{"href":"https:\/\/juntscontraelcancer.cat\/es\/wp-json\/wp\/v2\/posts"}],"about":[{"href":"https:\/\/juntscontraelcancer.cat\/es\/wp-json\/wp\/v2\/types\/post"}],"author":[{"embeddable":true,"href":"https:\/\/juntscontraelcancer.cat\/es\/wp-json\/wp\/v2\/users\/1"}],"replies":[{"embeddable":true,"href":"https:\/\/juntscontraelcancer.cat\/es\/wp-json\/wp\/v2\/comments?post=14590"}],"version-history":[{"count":1,"href":"https:\/\/juntscontraelcancer.cat\/es\/wp-json\/wp\/v2\/posts\/14590\/revisions"}],"predecessor-version":[{"id":14591,"href":"https:\/\/juntscontraelcancer.cat\/es\/wp-json\/wp\/v2\/posts\/14590\/revisions\/14591"}],"wp:featuredmedia":[{"embeddable":true,"href":"https:\/\/juntscontraelcancer.cat\/es\/wp-json\/wp\/v2\/media\/14592"}],"wp:attachment":[{"href":"https:\/\/juntscontraelcancer.cat\/es\/wp-json\/wp\/v2\/media?parent=14590"}],"wp:term":[{"taxonomy":"category","embeddable":true,"href":"https:\/\/juntscontraelcancer.cat\/es\/wp-json\/wp\/v2\/categories?post=14590"},{"taxonomy":"post_tag","embeddable":true,"href":"https:\/\/juntscontraelcancer.cat\/es\/wp-json\/wp\/v2\/tags?post=14590"}],"curies":[{"name":"wp","href":"https:\/\/api.w.org\/{rel}","templated":true}]}}