{"id":14583,"date":"2019-10-22T00:00:00","date_gmt":"2019-10-21T22:00:00","guid":{"rendered":"https:\/\/junts.enproceso.es\/el-encuentro-de-voluntariado-en-el-ambito-oncologico-celebra-15-anos\/"},"modified":"2023-06-12T11:52:10","modified_gmt":"2023-06-12T09:52:10","slug":"el-encuentro-de-voluntariado-en-el-ambito-oncologico-celebra-15-anos","status":"publish","type":"post","link":"https:\/\/juntscontraelcancer.cat\/es\/el-encuentro-de-voluntariado-en-el-ambito-oncologico-celebra-15-anos\/","title":{"rendered":"El Encuentro de Voluntariado en el \u00e1mbito oncol\u00f3gico celebra 15 a\u00f1os!"},"content":{"rendered":"<p>Mira el espot:<\/p>\n<p><iframe loading=\"lazy\" src=\"https:\/\/www.youtube.com\/embed\/DV2xAH6d2YA\" width=\"560\" height=\"315\" frameborder=\"0\" allowfullscreen=\"allowfullscreen\"><\/iframe><\/p>\n<p>El Encuentro de Voluntariado en el \u00e1mbito Oncol\u00f3gico que cada a\u00f1o organiza la Federaci\u00f3n Catalana de Entidades contra el c\u00e1ncer, FECEC, celebra sus 15 a\u00f1os!<\/p>\n<p><img loading=\"lazy\" decoding=\"async\" class=\"wp-image-34485 aligncenter\" src=\"https:\/\/juntscontraelcancer.cat\/wp-content\/uploads\/2023\/04\/fecec_vf_cartell_c_page-0001.jpg\" alt=\"fecec_vf_cartell_c_page-0001\" width=\"424\" height=\"600\" \/><\/p>\n<p>&nbsp;<\/p>\n<p>Ser\u00e1 el pr\u00f3ximo 16 de noviembre bajo el lema &#8216;Voluntariado, una manera de entender la vida&#8217;. 15 a\u00f1os de Encuentro de Voluntariado en el \u00e1mbito Oncol\u00f3gico, son muchos encuentros !. Desde la FECEC nos hace mucha ilusi\u00f3n llegar a esta cifra para celebrarlo juntos. Durante estos a\u00f1os hemos sido capaces de mantener este espacio para fomentar el nexo de uni\u00f3n entre todos los voluntarios que colaboran en este \u00e1mbito en Catalu\u00f1a y reconocer su labor solidaria.<\/p>\n<p>En esta edici\u00f3n tan especial, la jornada lleva por t\u00edtulo \u00abVoluntariado, una manera de entender la vida\u00bb. Entendemos que el voluntario tiene una actitud ante la vida que va m\u00e1s all\u00e1 de la duraci\u00f3n de su voluntariado, y que hay que poner el foco en esta caracter\u00edstica.<\/p>\n<p>El acto estar\u00e1 conducido por Ignacio Gaya, periodista de los Servicios Informativos de Televisi\u00f3n de Catalu\u00f1a. A las 10 de la ma\u00f1ana tendr\u00e1n lugar los discursos de bienvenida a cargo del Dr. Ram\u00f3n Mar\u00eda Miralles, Presidente de la FECEC y representantes de la Consejer\u00eda del departamento de Trabajo, asunto sociales y familias, la Diputaci\u00f3n Barcelona y el Ayuntamiento de Barcelona.<\/p>\n<p>A lo largo de la jornada habr\u00e1 diversas charlas y coloquios. Una de ellas ser\u00e1 la titulada \u00abLa felicidad de dar y de darse &#8216;a cargo del Dr. Jose Lu\u00eds Bimbela, Doctor en Psicolog\u00eda, Profesor, Investigador y Consultor en la Escuela Andaluza de Salud P\u00fablica.<\/p>\n<p>Posteriormente, tendr\u00e1n lugar dos talleres simult\u00e1neos titulados &#8216;El Sonido y el Silencio como herramientas de bienestar&#8217; y &#8216;Escucha desde la profundidad&#8217;.<\/p>\n<p>El primero ir\u00e1 a cargo de Edgar Tarr\u00e9s, especializado en creaci\u00f3n de experiencias y el segundo estar\u00e1 impartido por la Dra. Mar\u00eda Rufino, Doctora en Psicolog\u00eda del Aprendizaje Humano por la Universidad Aut\u00f3noma de Barcelona.<\/p>\n<p>Al final del Encuentro haremos un peque\u00f1o acto de celebraci\u00f3n de los 15 a\u00f1os!<\/p>\n<p>La fecha l\u00edmite de inscripci\u00f3n es el 8 de noviembre.<\/p>\n<p>A trav\u00e9s de este formulario:\u00a0<strong><a href=\"https:\/\/cutt.ly\/FegoO5g\">https:\/\/cutt.ly\/FegoO5g<\/a><\/strong><\/p>\n<p>Voluntarios de entidades federadas a la FECEC: 18 \u20ac<\/p>\n<p>Voluntarios de entidades no federadas a la FECEC: 25 \u20ac<\/p>\n<p>La inscripci\u00f3n incluye asistencia, caf\u00e9 y comida.<\/p>\n<p>Transferencia bancaria en el c\/c de La Caixa<br \/>\nN. 2100 0957 70 0200092600 i indicando \u201cTrobada Voluntariat en l\u2019\u00e0mbit Oncol\u00f2gic\u201d y nombre del asistente.<\/p>\n<p><a href=\"http:\/\/www.juntscontraelcancer.cat\/wp-content\/uploads\/2019\/10\/fecec_diptic_vf_ex_digital_c.pdf\"><strong>Puede consultar el programa completo aqu\u00ed!<\/strong><\/a><\/p>\n<p>Lugar:\u00a0Colegio Oficial de M\u00e9dicos de Barcelona \u00a0(Paseo de la Bonanova, 47).<\/p>\n","protected":false},"excerpt":{"rendered":"<p>En esta edici\u00f3n tan especial, la jornada lleva por t\u00edtulo \u00abVoluntariado, una manera de entender la vida\u00bb. Entendemos que el voluntario tiene una actitud ante la vida que va m\u00e1s all\u00e1 de la duraci\u00f3n de su voluntariado, y que hay que poner el foco en esta caracter\u00edstica. La fecha l\u00edmite de inscripci\u00f3n es el 8 de noviembre!<\/p>\n","protected":false},"author":1,"featured_media":11032,"comment_status":"closed","ping_status":"open","sticky":false,"template":"","format":"standard","meta":{"_acf_changed":false,"inline_featured_image":false,"footnotes":""},"categories":[84,3,86,68],"tags":[],"class_list":["post-14583","post","type-post","status-publish","format-standard","has-post-thumbnail","hentry","category-actualidad","category-actualitat","category-destacadas","category-destaquem"],"acf":[],"yoast_head":"<!-- This site is optimized with the Yoast SEO plugin v27.3 - https:\/\/yoast.com\/product\/yoast-seo-wordpress\/ -->\n<title>El Encuentro de Voluntariado en el \u00e1mbito oncol\u00f3gico celebra 15 a\u00f1os! - Junts contra el c\u00e0ncer - FECEC<\/title>\n<meta name=\"robots\" content=\"index, follow, max-snippet:-1, max-image-preview:large, max-video-preview:-1\" \/>\n<link rel=\"canonical\" href=\"https:\/\/juntscontraelcancer.cat\/es\/el-encuentro-de-voluntariado-en-el-ambito-oncologico-celebra-15-anos\/\" \/>\n<meta property=\"og:locale\" content=\"es_ES\" \/>\n<meta property=\"og:type\" content=\"article\" \/>\n<meta property=\"og:title\" content=\"El Encuentro de Voluntariado en el \u00e1mbito oncol\u00f3gico celebra 15 a\u00f1os! - Junts contra el c\u00e0ncer - FECEC\" \/>\n<meta property=\"og:description\" content=\"En esta edici\u00f3n tan especial, la jornada lleva por t\u00edtulo &quot;Voluntariado, una manera de entender la vida&quot;. Entendemos que el voluntario tiene una actitud ante la vida que va m\u00e1s all\u00e1 de la duraci\u00f3n de su voluntariado, y que hay que poner el foco en esta caracter\u00edstica. La fecha l\u00edmite de inscripci\u00f3n es el 8 de noviembre!\" \/>\n<meta property=\"og:url\" content=\"https:\/\/juntscontraelcancer.cat\/es\/el-encuentro-de-voluntariado-en-el-ambito-oncologico-celebra-15-anos\/\" \/>\n<meta property=\"og:site_name\" content=\"Junts contra el c\u00e0ncer - FECEC\" \/>\n<meta property=\"article:publisher\" content=\"https:\/\/www.facebook.com\/fecec.federacio\/\" \/>\n<meta property=\"article:published_time\" content=\"2019-10-21T22:00:00+00:00\" \/>\n<meta property=\"article:modified_time\" content=\"2023-06-12T09:52:10+00:00\" \/>\n<meta property=\"og:image\" content=\"https:\/\/juntscontraelcancer.cat\/wp-content\/uploads\/2023\/04\/1.-destacat-trobada.jpg\" \/>\n\t<meta property=\"og:image:width\" content=\"354\" \/>\n\t<meta property=\"og:image:height\" content=\"145\" \/>\n\t<meta property=\"og:image:type\" content=\"image\/jpeg\" \/>\n<meta name=\"author\" content=\"Pukkas\" \/>\n<meta name=\"twitter:card\" content=\"summary_large_image\" \/>\n<meta name=\"twitter:creator\" content=\"@FececFederacio\" \/>\n<meta name=\"twitter:site\" content=\"@FececFederacio\" \/>\n<meta name=\"twitter:label1\" content=\"Escrito por\" \/>\n\t<meta name=\"twitter:data1\" content=\"Pukkas\" \/>\n\t<meta name=\"twitter:label2\" content=\"Tiempo de lectura\" \/>\n\t<meta name=\"twitter:data2\" content=\"2 minutos\" \/>\n<script type=\"application\/ld+json\" class=\"yoast-schema-graph\">{\"@context\":\"https:\\\/\\\/schema.org\",\"@graph\":[{\"@type\":\"Article\",\"@id\":\"https:\\\/\\\/juntscontraelcancer.cat\\\/es\\\/el-encuentro-de-voluntariado-en-el-ambito-oncologico-celebra-15-anos\\\/#article\",\"isPartOf\":{\"@id\":\"https:\\\/\\\/juntscontraelcancer.cat\\\/es\\\/el-encuentro-de-voluntariado-en-el-ambito-oncologico-celebra-15-anos\\\/\"},\"author\":{\"name\":\"Pukkas\",\"@id\":\"https:\\\/\\\/juntscontraelcancer.cat\\\/es\\\/#\\\/schema\\\/person\\\/14c85cb9b3aeddea8f9087bea375813f\"},\"headline\":\"El Encuentro de Voluntariado en el \u00e1mbito oncol\u00f3gico celebra 15 a\u00f1os!\",\"datePublished\":\"2019-10-21T22:00:00+00:00\",\"dateModified\":\"2023-06-12T09:52:10+00:00\",\"mainEntityOfPage\":{\"@id\":\"https:\\\/\\\/juntscontraelcancer.cat\\\/es\\\/el-encuentro-de-voluntariado-en-el-ambito-oncologico-celebra-15-anos\\\/\"},\"wordCount\":457,\"publisher\":{\"@id\":\"https:\\\/\\\/juntscontraelcancer.cat\\\/es\\\/#organization\"},\"image\":{\"@id\":\"https:\\\/\\\/juntscontraelcancer.cat\\\/es\\\/el-encuentro-de-voluntariado-en-el-ambito-oncologico-celebra-15-anos\\\/#primaryimage\"},\"thumbnailUrl\":\"https:\\\/\\\/juntscontraelcancer.cat\\\/wp-content\\\/uploads\\\/2023\\\/04\\\/1.-destacat-trobada.jpg\",\"articleSection\":[\"Actualidad\",\"Actualitat\",\"Destacadas\",\"Destacats\"],\"inLanguage\":\"es\"},{\"@type\":\"WebPage\",\"@id\":\"https:\\\/\\\/juntscontraelcancer.cat\\\/es\\\/el-encuentro-de-voluntariado-en-el-ambito-oncologico-celebra-15-anos\\\/\",\"url\":\"https:\\\/\\\/juntscontraelcancer.cat\\\/es\\\/el-encuentro-de-voluntariado-en-el-ambito-oncologico-celebra-15-anos\\\/\",\"name\":\"El Encuentro de Voluntariado en el \u00e1mbito oncol\u00f3gico celebra 15 a\u00f1os! - Junts contra el c\u00e0ncer - FECEC\",\"isPartOf\":{\"@id\":\"https:\\\/\\\/juntscontraelcancer.cat\\\/es\\\/#website\"},\"primaryImageOfPage\":{\"@id\":\"https:\\\/\\\/juntscontraelcancer.cat\\\/es\\\/el-encuentro-de-voluntariado-en-el-ambito-oncologico-celebra-15-anos\\\/#primaryimage\"},\"image\":{\"@id\":\"https:\\\/\\\/juntscontraelcancer.cat\\\/es\\\/el-encuentro-de-voluntariado-en-el-ambito-oncologico-celebra-15-anos\\\/#primaryimage\"},\"thumbnailUrl\":\"https:\\\/\\\/juntscontraelcancer.cat\\\/wp-content\\\/uploads\\\/2023\\\/04\\\/1.-destacat-trobada.jpg\",\"datePublished\":\"2019-10-21T22:00:00+00:00\",\"dateModified\":\"2023-06-12T09:52:10+00:00\",\"breadcrumb\":{\"@id\":\"https:\\\/\\\/juntscontraelcancer.cat\\\/es\\\/el-encuentro-de-voluntariado-en-el-ambito-oncologico-celebra-15-anos\\\/#breadcrumb\"},\"inLanguage\":\"es\",\"potentialAction\":[{\"@type\":\"ReadAction\",\"target\":[\"https:\\\/\\\/juntscontraelcancer.cat\\\/es\\\/el-encuentro-de-voluntariado-en-el-ambito-oncologico-celebra-15-anos\\\/\"]}]},{\"@type\":\"ImageObject\",\"inLanguage\":\"es\",\"@id\":\"https:\\\/\\\/juntscontraelcancer.cat\\\/es\\\/el-encuentro-de-voluntariado-en-el-ambito-oncologico-celebra-15-anos\\\/#primaryimage\",\"url\":\"https:\\\/\\\/juntscontraelcancer.cat\\\/wp-content\\\/uploads\\\/2023\\\/04\\\/1.-destacat-trobada.jpg\",\"contentUrl\":\"https:\\\/\\\/juntscontraelcancer.cat\\\/wp-content\\\/uploads\\\/2023\\\/04\\\/1.-destacat-trobada.jpg\",\"width\":354,\"height\":145},{\"@type\":\"BreadcrumbList\",\"@id\":\"https:\\\/\\\/juntscontraelcancer.cat\\\/es\\\/el-encuentro-de-voluntariado-en-el-ambito-oncologico-celebra-15-anos\\\/#breadcrumb\",\"itemListElement\":[{\"@type\":\"ListItem\",\"position\":1,\"name\":\"Inicio\",\"item\":\"https:\\\/\\\/juntscontraelcancer.cat\\\/es\\\/\"},{\"@type\":\"ListItem\",\"position\":2,\"name\":\"El Encuentro de Voluntariado en el \u00e1mbito oncol\u00f3gico celebra 15 a\u00f1os!\"}]},{\"@type\":\"WebSite\",\"@id\":\"https:\\\/\\\/juntscontraelcancer.cat\\\/es\\\/#website\",\"url\":\"https:\\\/\\\/juntscontraelcancer.cat\\\/es\\\/\",\"name\":\"Junts contra el c\u00e0ncer - FECEC\",\"description\":\"\",\"publisher\":{\"@id\":\"https:\\\/\\\/juntscontraelcancer.cat\\\/es\\\/#organization\"},\"potentialAction\":[{\"@type\":\"SearchAction\",\"target\":{\"@type\":\"EntryPoint\",\"urlTemplate\":\"https:\\\/\\\/juntscontraelcancer.cat\\\/es\\\/?s={search_term_string}\"},\"query-input\":{\"@type\":\"PropertyValueSpecification\",\"valueRequired\":true,\"valueName\":\"search_term_string\"}}],\"inLanguage\":\"es\"},{\"@type\":\"Organization\",\"@id\":\"https:\\\/\\\/juntscontraelcancer.cat\\\/es\\\/#organization\",\"name\":\"Junts contra el c\u00e0ncer - FECEC\",\"url\":\"https:\\\/\\\/juntscontraelcancer.cat\\\/es\\\/\",\"logo\":{\"@type\":\"ImageObject\",\"inLanguage\":\"es\",\"@id\":\"https:\\\/\\\/juntscontraelcancer.cat\\\/es\\\/#\\\/schema\\\/logo\\\/image\\\/\",\"url\":\"https:\\\/\\\/juntscontraelcancer.cat\\\/wp-content\\\/uploads\\\/2023\\\/01\\\/logo-fecec-header.png\",\"contentUrl\":\"https:\\\/\\\/juntscontraelcancer.cat\\\/wp-content\\\/uploads\\\/2023\\\/01\\\/logo-fecec-header.png\",\"width\":126,\"height\":74,\"caption\":\"Junts contra el c\u00e0ncer - FECEC\"},\"image\":{\"@id\":\"https:\\\/\\\/juntscontraelcancer.cat\\\/es\\\/#\\\/schema\\\/logo\\\/image\\\/\"},\"sameAs\":[\"https:\\\/\\\/www.facebook.com\\\/fecec.federacio\\\/\",\"https:\\\/\\\/x.com\\\/FececFederacio\",\"https:\\\/\\\/www.instagram.com\\\/fececfederacio\\\/?hl=es\",\"https:\\\/\\\/www.youtube.com\\\/channel\\\/UCgAC_6c6hmHwMQhSCQyYBdA\"]},{\"@type\":\"Person\",\"@id\":\"https:\\\/\\\/juntscontraelcancer.cat\\\/es\\\/#\\\/schema\\\/person\\\/14c85cb9b3aeddea8f9087bea375813f\",\"name\":\"Pukkas\",\"image\":{\"@type\":\"ImageObject\",\"inLanguage\":\"es\",\"@id\":\"https:\\\/\\\/secure.gravatar.com\\\/avatar\\\/7433209641beafe57dbfd32b83f1c28fb7da2f23c98b47d02c7623ce350a0e9f?s=96&d=mm&r=g\",\"url\":\"https:\\\/\\\/secure.gravatar.com\\\/avatar\\\/7433209641beafe57dbfd32b83f1c28fb7da2f23c98b47d02c7623ce350a0e9f?s=96&d=mm&r=g\",\"contentUrl\":\"https:\\\/\\\/secure.gravatar.com\\\/avatar\\\/7433209641beafe57dbfd32b83f1c28fb7da2f23c98b47d02c7623ce350a0e9f?s=96&d=mm&r=g\",\"caption\":\"Pukkas\"},\"sameAs\":[\"https:\\\/\\\/juntscontraelcancer.cat\"]}]}<\/script>\n<!-- \/ Yoast SEO plugin. -->","yoast_head_json":{"title":"El Encuentro de Voluntariado en el \u00e1mbito oncol\u00f3gico celebra 15 a\u00f1os! - Junts contra el c\u00e0ncer - FECEC","robots":{"index":"index","follow":"follow","max-snippet":"max-snippet:-1","max-image-preview":"max-image-preview:large","max-video-preview":"max-video-preview:-1"},"canonical":"https:\/\/juntscontraelcancer.cat\/es\/el-encuentro-de-voluntariado-en-el-ambito-oncologico-celebra-15-anos\/","og_locale":"es_ES","og_type":"article","og_title":"El Encuentro de Voluntariado en el \u00e1mbito oncol\u00f3gico celebra 15 a\u00f1os! - Junts contra el c\u00e0ncer - FECEC","og_description":"En esta edici\u00f3n tan especial, la jornada lleva por t\u00edtulo \"Voluntariado, una manera de entender la vida\". Entendemos que el voluntario tiene una actitud ante la vida que va m\u00e1s all\u00e1 de la duraci\u00f3n de su voluntariado, y que hay que poner el foco en esta caracter\u00edstica. La fecha l\u00edmite de inscripci\u00f3n es el 8 de noviembre!","og_url":"https:\/\/juntscontraelcancer.cat\/es\/el-encuentro-de-voluntariado-en-el-ambito-oncologico-celebra-15-anos\/","og_site_name":"Junts contra el c\u00e0ncer - FECEC","article_publisher":"https:\/\/www.facebook.com\/fecec.federacio\/","article_published_time":"2019-10-21T22:00:00+00:00","article_modified_time":"2023-06-12T09:52:10+00:00","og_image":[{"width":354,"height":145,"url":"https:\/\/juntscontraelcancer.cat\/wp-content\/uploads\/2023\/04\/1.-destacat-trobada.jpg","type":"image\/jpeg"}],"author":"Pukkas","twitter_card":"summary_large_image","twitter_creator":"@FececFederacio","twitter_site":"@FececFederacio","twitter_misc":{"Escrito por":"Pukkas","Tiempo de lectura":"2 minutos"},"schema":{"@context":"https:\/\/schema.org","@graph":[{"@type":"Article","@id":"https:\/\/juntscontraelcancer.cat\/es\/el-encuentro-de-voluntariado-en-el-ambito-oncologico-celebra-15-anos\/#article","isPartOf":{"@id":"https:\/\/juntscontraelcancer.cat\/es\/el-encuentro-de-voluntariado-en-el-ambito-oncologico-celebra-15-anos\/"},"author":{"name":"Pukkas","@id":"https:\/\/juntscontraelcancer.cat\/es\/#\/schema\/person\/14c85cb9b3aeddea8f9087bea375813f"},"headline":"El Encuentro de Voluntariado en el \u00e1mbito oncol\u00f3gico celebra 15 a\u00f1os!","datePublished":"2019-10-21T22:00:00+00:00","dateModified":"2023-06-12T09:52:10+00:00","mainEntityOfPage":{"@id":"https:\/\/juntscontraelcancer.cat\/es\/el-encuentro-de-voluntariado-en-el-ambito-oncologico-celebra-15-anos\/"},"wordCount":457,"publisher":{"@id":"https:\/\/juntscontraelcancer.cat\/es\/#organization"},"image":{"@id":"https:\/\/juntscontraelcancer.cat\/es\/el-encuentro-de-voluntariado-en-el-ambito-oncologico-celebra-15-anos\/#primaryimage"},"thumbnailUrl":"https:\/\/juntscontraelcancer.cat\/wp-content\/uploads\/2023\/04\/1.-destacat-trobada.jpg","articleSection":["Actualidad","Actualitat","Destacadas","Destacats"],"inLanguage":"es"},{"@type":"WebPage","@id":"https:\/\/juntscontraelcancer.cat\/es\/el-encuentro-de-voluntariado-en-el-ambito-oncologico-celebra-15-anos\/","url":"https:\/\/juntscontraelcancer.cat\/es\/el-encuentro-de-voluntariado-en-el-ambito-oncologico-celebra-15-anos\/","name":"El Encuentro de Voluntariado en el \u00e1mbito oncol\u00f3gico celebra 15 a\u00f1os! - Junts contra el c\u00e0ncer - FECEC","isPartOf":{"@id":"https:\/\/juntscontraelcancer.cat\/es\/#website"},"primaryImageOfPage":{"@id":"https:\/\/juntscontraelcancer.cat\/es\/el-encuentro-de-voluntariado-en-el-ambito-oncologico-celebra-15-anos\/#primaryimage"},"image":{"@id":"https:\/\/juntscontraelcancer.cat\/es\/el-encuentro-de-voluntariado-en-el-ambito-oncologico-celebra-15-anos\/#primaryimage"},"thumbnailUrl":"https:\/\/juntscontraelcancer.cat\/wp-content\/uploads\/2023\/04\/1.-destacat-trobada.jpg","datePublished":"2019-10-21T22:00:00+00:00","dateModified":"2023-06-12T09:52:10+00:00","breadcrumb":{"@id":"https:\/\/juntscontraelcancer.cat\/es\/el-encuentro-de-voluntariado-en-el-ambito-oncologico-celebra-15-anos\/#breadcrumb"},"inLanguage":"es","potentialAction":[{"@type":"ReadAction","target":["https:\/\/juntscontraelcancer.cat\/es\/el-encuentro-de-voluntariado-en-el-ambito-oncologico-celebra-15-anos\/"]}]},{"@type":"ImageObject","inLanguage":"es","@id":"https:\/\/juntscontraelcancer.cat\/es\/el-encuentro-de-voluntariado-en-el-ambito-oncologico-celebra-15-anos\/#primaryimage","url":"https:\/\/juntscontraelcancer.cat\/wp-content\/uploads\/2023\/04\/1.-destacat-trobada.jpg","contentUrl":"https:\/\/juntscontraelcancer.cat\/wp-content\/uploads\/2023\/04\/1.-destacat-trobada.jpg","width":354,"height":145},{"@type":"BreadcrumbList","@id":"https:\/\/juntscontraelcancer.cat\/es\/el-encuentro-de-voluntariado-en-el-ambito-oncologico-celebra-15-anos\/#breadcrumb","itemListElement":[{"@type":"ListItem","position":1,"name":"Inicio","item":"https:\/\/juntscontraelcancer.cat\/es\/"},{"@type":"ListItem","position":2,"name":"El Encuentro de Voluntariado en el \u00e1mbito oncol\u00f3gico celebra 15 a\u00f1os!"}]},{"@type":"WebSite","@id":"https:\/\/juntscontraelcancer.cat\/es\/#website","url":"https:\/\/juntscontraelcancer.cat\/es\/","name":"Junts contra el c\u00e0ncer - FECEC","description":"","publisher":{"@id":"https:\/\/juntscontraelcancer.cat\/es\/#organization"},"potentialAction":[{"@type":"SearchAction","target":{"@type":"EntryPoint","urlTemplate":"https:\/\/juntscontraelcancer.cat\/es\/?s={search_term_string}"},"query-input":{"@type":"PropertyValueSpecification","valueRequired":true,"valueName":"search_term_string"}}],"inLanguage":"es"},{"@type":"Organization","@id":"https:\/\/juntscontraelcancer.cat\/es\/#organization","name":"Junts contra el c\u00e0ncer - FECEC","url":"https:\/\/juntscontraelcancer.cat\/es\/","logo":{"@type":"ImageObject","inLanguage":"es","@id":"https:\/\/juntscontraelcancer.cat\/es\/#\/schema\/logo\/image\/","url":"https:\/\/juntscontraelcancer.cat\/wp-content\/uploads\/2023\/01\/logo-fecec-header.png","contentUrl":"https:\/\/juntscontraelcancer.cat\/wp-content\/uploads\/2023\/01\/logo-fecec-header.png","width":126,"height":74,"caption":"Junts contra el c\u00e0ncer - FECEC"},"image":{"@id":"https:\/\/juntscontraelcancer.cat\/es\/#\/schema\/logo\/image\/"},"sameAs":["https:\/\/www.facebook.com\/fecec.federacio\/","https:\/\/x.com\/FececFederacio","https:\/\/www.instagram.com\/fececfederacio\/?hl=es","https:\/\/www.youtube.com\/channel\/UCgAC_6c6hmHwMQhSCQyYBdA"]},{"@type":"Person","@id":"https:\/\/juntscontraelcancer.cat\/es\/#\/schema\/person\/14c85cb9b3aeddea8f9087bea375813f","name":"Pukkas","image":{"@type":"ImageObject","inLanguage":"es","@id":"https:\/\/secure.gravatar.com\/avatar\/7433209641beafe57dbfd32b83f1c28fb7da2f23c98b47d02c7623ce350a0e9f?s=96&d=mm&r=g","url":"https:\/\/secure.gravatar.com\/avatar\/7433209641beafe57dbfd32b83f1c28fb7da2f23c98b47d02c7623ce350a0e9f?s=96&d=mm&r=g","contentUrl":"https:\/\/secure.gravatar.com\/avatar\/7433209641beafe57dbfd32b83f1c28fb7da2f23c98b47d02c7623ce350a0e9f?s=96&d=mm&r=g","caption":"Pukkas"},"sameAs":["https:\/\/juntscontraelcancer.cat"]}]}},"_links":{"self":[{"href":"https:\/\/juntscontraelcancer.cat\/es\/wp-json\/wp\/v2\/posts\/14583","targetHints":{"allow":["GET"]}}],"collection":[{"href":"https:\/\/juntscontraelcancer.cat\/es\/wp-json\/wp\/v2\/posts"}],"about":[{"href":"https:\/\/juntscontraelcancer.cat\/es\/wp-json\/wp\/v2\/types\/post"}],"author":[{"embeddable":true,"href":"https:\/\/juntscontraelcancer.cat\/es\/wp-json\/wp\/v2\/users\/1"}],"replies":[{"embeddable":true,"href":"https:\/\/juntscontraelcancer.cat\/es\/wp-json\/wp\/v2\/comments?post=14583"}],"version-history":[{"count":1,"href":"https:\/\/juntscontraelcancer.cat\/es\/wp-json\/wp\/v2\/posts\/14583\/revisions"}],"predecessor-version":[{"id":14584,"href":"https:\/\/juntscontraelcancer.cat\/es\/wp-json\/wp\/v2\/posts\/14583\/revisions\/14584"}],"wp:featuredmedia":[{"embeddable":true,"href":"https:\/\/juntscontraelcancer.cat\/es\/wp-json\/wp\/v2\/media\/11032"}],"wp:attachment":[{"href":"https:\/\/juntscontraelcancer.cat\/es\/wp-json\/wp\/v2\/media?parent=14583"}],"wp:term":[{"taxonomy":"category","embeddable":true,"href":"https:\/\/juntscontraelcancer.cat\/es\/wp-json\/wp\/v2\/categories?post=14583"},{"taxonomy":"post_tag","embeddable":true,"href":"https:\/\/juntscontraelcancer.cat\/es\/wp-json\/wp\/v2\/tags?post=14583"}],"curies":[{"name":"wp","href":"https:\/\/api.w.org\/{rel}","templated":true}]}}