{"id":14572,"date":"2019-09-06T00:00:00","date_gmt":"2019-09-05T22:00:00","guid":{"rendered":"https:\/\/junts.enproceso.es\/el-programa-de-fomento-del-voluntariado-de-la-fecec-incluye-acciones-para-las-entidades-y-voluntarios\/"},"modified":"2023-06-12T11:52:12","modified_gmt":"2023-06-12T09:52:12","slug":"el-programa-de-fomento-del-voluntariado-de-la-fecec-incluye-acciones-para-las-entidades-y-voluntarios","status":"publish","type":"post","link":"https:\/\/juntscontraelcancer.cat\/es\/el-programa-de-fomento-del-voluntariado-de-la-fecec-incluye-acciones-para-las-entidades-y-voluntarios\/","title":{"rendered":"El programa de Fomento del Voluntariado de la FECEC incluye acciones para las entidades y voluntarios"},"content":{"rendered":"<p style=\"text-align: justify;\">Desde la FECEC consideramos que el \u00e1rea de voluntariado es un denominador com\u00fan de todas las entidades que luchan contra el c\u00e1ncer. Son muchas las personas que colaboran con diferentes tipos de voluntariado en el \u00e1mbito oncol\u00f3gico.<\/p>\n<p><img loading=\"lazy\" decoding=\"async\" class=\"aligncenter wp-image-27945\" src=\"https:\/\/juntscontraelcancer.cat\/wp-content\/uploads\/2023\/04\/47.trobada.jpg\" alt=\"47.trobada\" width=\"500\" height=\"259\" \/><\/p>\n<p>Nuestro programa de voluntariado, est\u00e1 estructurado en las siguientes l\u00edneas:<\/p>\n<p><strong>Grupo de trabajo de coordinadores de voluntariado de nuestras entidades federadas.<\/strong> Estas reuniones est\u00e1n planteadas como un espacio de encuentro para proponer temas a tratar conjuntamente y plantear dificultades para encontrar las soluciones.<\/p>\n<p>En la misma l\u00ednea tenemos las <strong>sesiones de supervisi\u00f3n de coordinadores<\/strong> con la idea de proporcionar a los coordinadores un recurso de apoyo adicional para la gesti\u00f3n diaria de los equipos de voluntariado en el \u00e1mbito oncol\u00f3gico.<\/p>\n<p>Asimismo, seguimos poniendo al alcance de nuestras entidades las <strong>sesiones de \u00abvoluntarios preguntan\u00bb<\/strong> pensadas como un espacio de encuentro para voluntarios que trabajan directamente con pacientes y familiares oncol\u00f3gicos. Son sesiones de supervisi\u00f3n para voluntarios con la idea de resolver dudas y preguntas sobre las situaciones concretas con que se encuentran para llevar a cabo su tarea.<\/p>\n<p><strong>La otra l\u00ednea de actuaci\u00f3n va dirigida a la formaci\u00f3n.<\/strong> El objetivo es ofrecer a los asistentes, voluntarios o aspirantes a ser voluntarios, los conocimientos b\u00e1sicos necesarios para enmarcar su colaboraci\u00f3n en el \u00e1mbito oncol\u00f3gico y poner a disposici\u00f3n recursos \u00fatiles para llevar a cabo su tarea de voluntariado correctamente. Estos cursos est\u00e1n reconocidos por el Plan de Formaci\u00f3n del Voluntariado de Catalu\u00f1a.<\/p>\n<p>Tambi\u00e9n ponemos al alcance <strong>cursos dirigidos a los coordinadores de voluntariado<\/strong> con el objetivo de establecer un sistema completo de gesti\u00f3n del voluntariado oncol\u00f3gico y adquirir m\u00e1s conocimientos y medios para llevar a cabo esta tarea.<\/p>\n<p>Dentro de nuestro programa de fomento del voluntariado tambi\u00e9n queremos destacar el <strong>Encuentro de Voluntariado en el \u00e1mbito Oncol\u00f3gico.<\/strong> Este encuentro que organizamos anualmente es un reconocimiento a la labor del voluntariado en el \u00e1mbito oncol\u00f3gico, fomenta el sentimiento de pertenencia a un movimiento transversal en todo el pa\u00eds y sirve para compartir experiencias entre los diferentes voluntarios de las entidades federadas.<\/p>\n<p><a href=\"http:\/\/www.juntscontraelcancer.cat\/es\/fecec\/programa-foment-voluntariat\/\"><strong>Entra en nuestra p\u00e1gina de Fomento del Voluntariado.<\/strong><\/a><\/p>\n<p style=\"text-align: justify;\">\n","protected":false},"excerpt":{"rendered":"<p>Des de la FECEC, Junts contra el c\u00e0ncer, considerem que l\u2019\u00e0rea de voluntariat \u00e9s un denominador com\u00fa de totes les entitats que lluiten contra el c\u00e0ncer. S\u00f3n moltes les persones i entitats que col\u00b7laboren amb diferents tipus de voluntariat en l\u2019\u00e0mbit oncol\u00f2gic. Mireu totes les accions que inclou el nostre programa de Foment del voluntariat.<\/p>\n","protected":false},"author":1,"featured_media":7598,"comment_status":"closed","ping_status":"open","sticky":false,"template":"","format":"standard","meta":{"_acf_changed":false,"inline_featured_image":false,"footnotes":""},"categories":[84,3,86,68],"tags":[],"class_list":["post-14572","post","type-post","status-publish","format-standard","has-post-thumbnail","hentry","category-actualidad","category-actualitat","category-destacadas","category-destaquem"],"acf":[],"yoast_head":"<!-- This site is optimized with the Yoast SEO plugin v27.3 - https:\/\/yoast.com\/product\/yoast-seo-wordpress\/ -->\n<title>El programa de Fomento del Voluntariado de la FECEC incluye acciones para las entidades y voluntarios - Junts contra el c\u00e0ncer - FECEC<\/title>\n<meta name=\"robots\" content=\"index, follow, max-snippet:-1, max-image-preview:large, max-video-preview:-1\" \/>\n<link rel=\"canonical\" href=\"https:\/\/juntscontraelcancer.cat\/es\/el-programa-de-fomento-del-voluntariado-de-la-fecec-incluye-acciones-para-las-entidades-y-voluntarios\/\" \/>\n<meta property=\"og:locale\" content=\"es_ES\" \/>\n<meta property=\"og:type\" content=\"article\" \/>\n<meta property=\"og:title\" content=\"El programa de Fomento del Voluntariado de la FECEC incluye acciones para las entidades y voluntarios - Junts contra el c\u00e0ncer - FECEC\" \/>\n<meta property=\"og:description\" content=\"Des de la FECEC, Junts contra el c\u00e0ncer, considerem que l\u2019\u00e0rea de voluntariat \u00e9s un denominador com\u00fa de totes les entitats que lluiten contra el c\u00e0ncer. S\u00f3n moltes les persones i entitats que col\u00b7laboren amb diferents tipus de voluntariat en l\u2019\u00e0mbit oncol\u00f2gic. Mireu totes les accions que inclou el nostre programa de Foment del voluntariat.\" \/>\n<meta property=\"og:url\" content=\"https:\/\/juntscontraelcancer.cat\/es\/el-programa-de-fomento-del-voluntariado-de-la-fecec-incluye-acciones-para-las-entidades-y-voluntarios\/\" \/>\n<meta property=\"og:site_name\" content=\"Junts contra el c\u00e0ncer - FECEC\" \/>\n<meta property=\"article:publisher\" content=\"https:\/\/www.facebook.com\/fecec.federacio\/\" \/>\n<meta property=\"article:published_time\" content=\"2019-09-05T22:00:00+00:00\" \/>\n<meta property=\"article:modified_time\" content=\"2023-06-12T09:52:12+00:00\" \/>\n<meta property=\"og:image\" content=\"https:\/\/juntscontraelcancer.cat\/wp-content\/uploads\/2023\/04\/1.-destacat-voluntariat.jpg\" \/>\n\t<meta property=\"og:image:width\" content=\"354\" \/>\n\t<meta property=\"og:image:height\" content=\"145\" \/>\n\t<meta property=\"og:image:type\" content=\"image\/jpeg\" \/>\n<meta name=\"author\" content=\"Pukkas\" \/>\n<meta name=\"twitter:card\" content=\"summary_large_image\" \/>\n<meta name=\"twitter:creator\" content=\"@FececFederacio\" \/>\n<meta name=\"twitter:site\" content=\"@FececFederacio\" \/>\n<meta name=\"twitter:label1\" content=\"Escrito por\" \/>\n\t<meta name=\"twitter:data1\" content=\"Pukkas\" \/>\n\t<meta name=\"twitter:label2\" content=\"Tiempo de lectura\" \/>\n\t<meta name=\"twitter:data2\" content=\"2 minutos\" \/>\n<script type=\"application\/ld+json\" class=\"yoast-schema-graph\">{\"@context\":\"https:\\\/\\\/schema.org\",\"@graph\":[{\"@type\":\"Article\",\"@id\":\"https:\\\/\\\/juntscontraelcancer.cat\\\/es\\\/el-programa-de-fomento-del-voluntariado-de-la-fecec-incluye-acciones-para-las-entidades-y-voluntarios\\\/#article\",\"isPartOf\":{\"@id\":\"https:\\\/\\\/juntscontraelcancer.cat\\\/es\\\/el-programa-de-fomento-del-voluntariado-de-la-fecec-incluye-acciones-para-las-entidades-y-voluntarios\\\/\"},\"author\":{\"name\":\"Pukkas\",\"@id\":\"https:\\\/\\\/juntscontraelcancer.cat\\\/es\\\/#\\\/schema\\\/person\\\/14c85cb9b3aeddea8f9087bea375813f\"},\"headline\":\"El programa de Fomento del Voluntariado de la FECEC incluye acciones para las entidades y voluntarios\",\"datePublished\":\"2019-09-05T22:00:00+00:00\",\"dateModified\":\"2023-06-12T09:52:12+00:00\",\"mainEntityOfPage\":{\"@id\":\"https:\\\/\\\/juntscontraelcancer.cat\\\/es\\\/el-programa-de-fomento-del-voluntariado-de-la-fecec-incluye-acciones-para-las-entidades-y-voluntarios\\\/\"},\"wordCount\":389,\"publisher\":{\"@id\":\"https:\\\/\\\/juntscontraelcancer.cat\\\/es\\\/#organization\"},\"image\":{\"@id\":\"https:\\\/\\\/juntscontraelcancer.cat\\\/es\\\/el-programa-de-fomento-del-voluntariado-de-la-fecec-incluye-acciones-para-las-entidades-y-voluntarios\\\/#primaryimage\"},\"thumbnailUrl\":\"https:\\\/\\\/juntscontraelcancer.cat\\\/wp-content\\\/uploads\\\/2023\\\/04\\\/1.-destacat-voluntariat.jpg\",\"articleSection\":[\"Actualidad\",\"Actualitat\",\"Destacadas\",\"Destacats\"],\"inLanguage\":\"es\"},{\"@type\":\"WebPage\",\"@id\":\"https:\\\/\\\/juntscontraelcancer.cat\\\/es\\\/el-programa-de-fomento-del-voluntariado-de-la-fecec-incluye-acciones-para-las-entidades-y-voluntarios\\\/\",\"url\":\"https:\\\/\\\/juntscontraelcancer.cat\\\/es\\\/el-programa-de-fomento-del-voluntariado-de-la-fecec-incluye-acciones-para-las-entidades-y-voluntarios\\\/\",\"name\":\"El programa de Fomento del Voluntariado de la FECEC incluye acciones para las entidades y voluntarios - Junts contra el c\u00e0ncer - FECEC\",\"isPartOf\":{\"@id\":\"https:\\\/\\\/juntscontraelcancer.cat\\\/es\\\/#website\"},\"primaryImageOfPage\":{\"@id\":\"https:\\\/\\\/juntscontraelcancer.cat\\\/es\\\/el-programa-de-fomento-del-voluntariado-de-la-fecec-incluye-acciones-para-las-entidades-y-voluntarios\\\/#primaryimage\"},\"image\":{\"@id\":\"https:\\\/\\\/juntscontraelcancer.cat\\\/es\\\/el-programa-de-fomento-del-voluntariado-de-la-fecec-incluye-acciones-para-las-entidades-y-voluntarios\\\/#primaryimage\"},\"thumbnailUrl\":\"https:\\\/\\\/juntscontraelcancer.cat\\\/wp-content\\\/uploads\\\/2023\\\/04\\\/1.-destacat-voluntariat.jpg\",\"datePublished\":\"2019-09-05T22:00:00+00:00\",\"dateModified\":\"2023-06-12T09:52:12+00:00\",\"breadcrumb\":{\"@id\":\"https:\\\/\\\/juntscontraelcancer.cat\\\/es\\\/el-programa-de-fomento-del-voluntariado-de-la-fecec-incluye-acciones-para-las-entidades-y-voluntarios\\\/#breadcrumb\"},\"inLanguage\":\"es\",\"potentialAction\":[{\"@type\":\"ReadAction\",\"target\":[\"https:\\\/\\\/juntscontraelcancer.cat\\\/es\\\/el-programa-de-fomento-del-voluntariado-de-la-fecec-incluye-acciones-para-las-entidades-y-voluntarios\\\/\"]}]},{\"@type\":\"ImageObject\",\"inLanguage\":\"es\",\"@id\":\"https:\\\/\\\/juntscontraelcancer.cat\\\/es\\\/el-programa-de-fomento-del-voluntariado-de-la-fecec-incluye-acciones-para-las-entidades-y-voluntarios\\\/#primaryimage\",\"url\":\"https:\\\/\\\/juntscontraelcancer.cat\\\/wp-content\\\/uploads\\\/2023\\\/04\\\/1.-destacat-voluntariat.jpg\",\"contentUrl\":\"https:\\\/\\\/juntscontraelcancer.cat\\\/wp-content\\\/uploads\\\/2023\\\/04\\\/1.-destacat-voluntariat.jpg\",\"width\":354,\"height\":145},{\"@type\":\"BreadcrumbList\",\"@id\":\"https:\\\/\\\/juntscontraelcancer.cat\\\/es\\\/el-programa-de-fomento-del-voluntariado-de-la-fecec-incluye-acciones-para-las-entidades-y-voluntarios\\\/#breadcrumb\",\"itemListElement\":[{\"@type\":\"ListItem\",\"position\":1,\"name\":\"Inicio\",\"item\":\"https:\\\/\\\/juntscontraelcancer.cat\\\/es\\\/\"},{\"@type\":\"ListItem\",\"position\":2,\"name\":\"El programa de Fomento del Voluntariado de la FECEC incluye acciones para las entidades y voluntarios\"}]},{\"@type\":\"WebSite\",\"@id\":\"https:\\\/\\\/juntscontraelcancer.cat\\\/es\\\/#website\",\"url\":\"https:\\\/\\\/juntscontraelcancer.cat\\\/es\\\/\",\"name\":\"Junts contra el c\u00e0ncer - FECEC\",\"description\":\"\",\"publisher\":{\"@id\":\"https:\\\/\\\/juntscontraelcancer.cat\\\/es\\\/#organization\"},\"potentialAction\":[{\"@type\":\"SearchAction\",\"target\":{\"@type\":\"EntryPoint\",\"urlTemplate\":\"https:\\\/\\\/juntscontraelcancer.cat\\\/es\\\/?s={search_term_string}\"},\"query-input\":{\"@type\":\"PropertyValueSpecification\",\"valueRequired\":true,\"valueName\":\"search_term_string\"}}],\"inLanguage\":\"es\"},{\"@type\":\"Organization\",\"@id\":\"https:\\\/\\\/juntscontraelcancer.cat\\\/es\\\/#organization\",\"name\":\"Junts contra el c\u00e0ncer - FECEC\",\"url\":\"https:\\\/\\\/juntscontraelcancer.cat\\\/es\\\/\",\"logo\":{\"@type\":\"ImageObject\",\"inLanguage\":\"es\",\"@id\":\"https:\\\/\\\/juntscontraelcancer.cat\\\/es\\\/#\\\/schema\\\/logo\\\/image\\\/\",\"url\":\"https:\\\/\\\/juntscontraelcancer.cat\\\/wp-content\\\/uploads\\\/2023\\\/01\\\/logo-fecec-header.png\",\"contentUrl\":\"https:\\\/\\\/juntscontraelcancer.cat\\\/wp-content\\\/uploads\\\/2023\\\/01\\\/logo-fecec-header.png\",\"width\":126,\"height\":74,\"caption\":\"Junts contra el c\u00e0ncer - FECEC\"},\"image\":{\"@id\":\"https:\\\/\\\/juntscontraelcancer.cat\\\/es\\\/#\\\/schema\\\/logo\\\/image\\\/\"},\"sameAs\":[\"https:\\\/\\\/www.facebook.com\\\/fecec.federacio\\\/\",\"https:\\\/\\\/x.com\\\/FececFederacio\",\"https:\\\/\\\/www.instagram.com\\\/fececfederacio\\\/?hl=es\",\"https:\\\/\\\/www.youtube.com\\\/channel\\\/UCgAC_6c6hmHwMQhSCQyYBdA\"]},{\"@type\":\"Person\",\"@id\":\"https:\\\/\\\/juntscontraelcancer.cat\\\/es\\\/#\\\/schema\\\/person\\\/14c85cb9b3aeddea8f9087bea375813f\",\"name\":\"Pukkas\",\"image\":{\"@type\":\"ImageObject\",\"inLanguage\":\"es\",\"@id\":\"https:\\\/\\\/secure.gravatar.com\\\/avatar\\\/7433209641beafe57dbfd32b83f1c28fb7da2f23c98b47d02c7623ce350a0e9f?s=96&d=mm&r=g\",\"url\":\"https:\\\/\\\/secure.gravatar.com\\\/avatar\\\/7433209641beafe57dbfd32b83f1c28fb7da2f23c98b47d02c7623ce350a0e9f?s=96&d=mm&r=g\",\"contentUrl\":\"https:\\\/\\\/secure.gravatar.com\\\/avatar\\\/7433209641beafe57dbfd32b83f1c28fb7da2f23c98b47d02c7623ce350a0e9f?s=96&d=mm&r=g\",\"caption\":\"Pukkas\"},\"sameAs\":[\"https:\\\/\\\/juntscontraelcancer.cat\"]}]}<\/script>\n<!-- \/ Yoast SEO plugin. -->","yoast_head_json":{"title":"El programa de Fomento del Voluntariado de la FECEC incluye acciones para las entidades y voluntarios - Junts contra el c\u00e0ncer - FECEC","robots":{"index":"index","follow":"follow","max-snippet":"max-snippet:-1","max-image-preview":"max-image-preview:large","max-video-preview":"max-video-preview:-1"},"canonical":"https:\/\/juntscontraelcancer.cat\/es\/el-programa-de-fomento-del-voluntariado-de-la-fecec-incluye-acciones-para-las-entidades-y-voluntarios\/","og_locale":"es_ES","og_type":"article","og_title":"El programa de Fomento del Voluntariado de la FECEC incluye acciones para las entidades y voluntarios - Junts contra el c\u00e0ncer - FECEC","og_description":"Des de la FECEC, Junts contra el c\u00e0ncer, considerem que l\u2019\u00e0rea de voluntariat \u00e9s un denominador com\u00fa de totes les entitats que lluiten contra el c\u00e0ncer. S\u00f3n moltes les persones i entitats que col\u00b7laboren amb diferents tipus de voluntariat en l\u2019\u00e0mbit oncol\u00f2gic. Mireu totes les accions que inclou el nostre programa de Foment del voluntariat.","og_url":"https:\/\/juntscontraelcancer.cat\/es\/el-programa-de-fomento-del-voluntariado-de-la-fecec-incluye-acciones-para-las-entidades-y-voluntarios\/","og_site_name":"Junts contra el c\u00e0ncer - FECEC","article_publisher":"https:\/\/www.facebook.com\/fecec.federacio\/","article_published_time":"2019-09-05T22:00:00+00:00","article_modified_time":"2023-06-12T09:52:12+00:00","og_image":[{"width":354,"height":145,"url":"https:\/\/juntscontraelcancer.cat\/wp-content\/uploads\/2023\/04\/1.-destacat-voluntariat.jpg","type":"image\/jpeg"}],"author":"Pukkas","twitter_card":"summary_large_image","twitter_creator":"@FececFederacio","twitter_site":"@FececFederacio","twitter_misc":{"Escrito por":"Pukkas","Tiempo de lectura":"2 minutos"},"schema":{"@context":"https:\/\/schema.org","@graph":[{"@type":"Article","@id":"https:\/\/juntscontraelcancer.cat\/es\/el-programa-de-fomento-del-voluntariado-de-la-fecec-incluye-acciones-para-las-entidades-y-voluntarios\/#article","isPartOf":{"@id":"https:\/\/juntscontraelcancer.cat\/es\/el-programa-de-fomento-del-voluntariado-de-la-fecec-incluye-acciones-para-las-entidades-y-voluntarios\/"},"author":{"name":"Pukkas","@id":"https:\/\/juntscontraelcancer.cat\/es\/#\/schema\/person\/14c85cb9b3aeddea8f9087bea375813f"},"headline":"El programa de Fomento del Voluntariado de la FECEC incluye acciones para las entidades y voluntarios","datePublished":"2019-09-05T22:00:00+00:00","dateModified":"2023-06-12T09:52:12+00:00","mainEntityOfPage":{"@id":"https:\/\/juntscontraelcancer.cat\/es\/el-programa-de-fomento-del-voluntariado-de-la-fecec-incluye-acciones-para-las-entidades-y-voluntarios\/"},"wordCount":389,"publisher":{"@id":"https:\/\/juntscontraelcancer.cat\/es\/#organization"},"image":{"@id":"https:\/\/juntscontraelcancer.cat\/es\/el-programa-de-fomento-del-voluntariado-de-la-fecec-incluye-acciones-para-las-entidades-y-voluntarios\/#primaryimage"},"thumbnailUrl":"https:\/\/juntscontraelcancer.cat\/wp-content\/uploads\/2023\/04\/1.-destacat-voluntariat.jpg","articleSection":["Actualidad","Actualitat","Destacadas","Destacats"],"inLanguage":"es"},{"@type":"WebPage","@id":"https:\/\/juntscontraelcancer.cat\/es\/el-programa-de-fomento-del-voluntariado-de-la-fecec-incluye-acciones-para-las-entidades-y-voluntarios\/","url":"https:\/\/juntscontraelcancer.cat\/es\/el-programa-de-fomento-del-voluntariado-de-la-fecec-incluye-acciones-para-las-entidades-y-voluntarios\/","name":"El programa de Fomento del Voluntariado de la FECEC incluye acciones para las entidades y voluntarios - Junts contra el c\u00e0ncer - FECEC","isPartOf":{"@id":"https:\/\/juntscontraelcancer.cat\/es\/#website"},"primaryImageOfPage":{"@id":"https:\/\/juntscontraelcancer.cat\/es\/el-programa-de-fomento-del-voluntariado-de-la-fecec-incluye-acciones-para-las-entidades-y-voluntarios\/#primaryimage"},"image":{"@id":"https:\/\/juntscontraelcancer.cat\/es\/el-programa-de-fomento-del-voluntariado-de-la-fecec-incluye-acciones-para-las-entidades-y-voluntarios\/#primaryimage"},"thumbnailUrl":"https:\/\/juntscontraelcancer.cat\/wp-content\/uploads\/2023\/04\/1.-destacat-voluntariat.jpg","datePublished":"2019-09-05T22:00:00+00:00","dateModified":"2023-06-12T09:52:12+00:00","breadcrumb":{"@id":"https:\/\/juntscontraelcancer.cat\/es\/el-programa-de-fomento-del-voluntariado-de-la-fecec-incluye-acciones-para-las-entidades-y-voluntarios\/#breadcrumb"},"inLanguage":"es","potentialAction":[{"@type":"ReadAction","target":["https:\/\/juntscontraelcancer.cat\/es\/el-programa-de-fomento-del-voluntariado-de-la-fecec-incluye-acciones-para-las-entidades-y-voluntarios\/"]}]},{"@type":"ImageObject","inLanguage":"es","@id":"https:\/\/juntscontraelcancer.cat\/es\/el-programa-de-fomento-del-voluntariado-de-la-fecec-incluye-acciones-para-las-entidades-y-voluntarios\/#primaryimage","url":"https:\/\/juntscontraelcancer.cat\/wp-content\/uploads\/2023\/04\/1.-destacat-voluntariat.jpg","contentUrl":"https:\/\/juntscontraelcancer.cat\/wp-content\/uploads\/2023\/04\/1.-destacat-voluntariat.jpg","width":354,"height":145},{"@type":"BreadcrumbList","@id":"https:\/\/juntscontraelcancer.cat\/es\/el-programa-de-fomento-del-voluntariado-de-la-fecec-incluye-acciones-para-las-entidades-y-voluntarios\/#breadcrumb","itemListElement":[{"@type":"ListItem","position":1,"name":"Inicio","item":"https:\/\/juntscontraelcancer.cat\/es\/"},{"@type":"ListItem","position":2,"name":"El programa de Fomento del Voluntariado de la FECEC incluye acciones para las entidades y voluntarios"}]},{"@type":"WebSite","@id":"https:\/\/juntscontraelcancer.cat\/es\/#website","url":"https:\/\/juntscontraelcancer.cat\/es\/","name":"Junts contra el c\u00e0ncer - FECEC","description":"","publisher":{"@id":"https:\/\/juntscontraelcancer.cat\/es\/#organization"},"potentialAction":[{"@type":"SearchAction","target":{"@type":"EntryPoint","urlTemplate":"https:\/\/juntscontraelcancer.cat\/es\/?s={search_term_string}"},"query-input":{"@type":"PropertyValueSpecification","valueRequired":true,"valueName":"search_term_string"}}],"inLanguage":"es"},{"@type":"Organization","@id":"https:\/\/juntscontraelcancer.cat\/es\/#organization","name":"Junts contra el c\u00e0ncer - FECEC","url":"https:\/\/juntscontraelcancer.cat\/es\/","logo":{"@type":"ImageObject","inLanguage":"es","@id":"https:\/\/juntscontraelcancer.cat\/es\/#\/schema\/logo\/image\/","url":"https:\/\/juntscontraelcancer.cat\/wp-content\/uploads\/2023\/01\/logo-fecec-header.png","contentUrl":"https:\/\/juntscontraelcancer.cat\/wp-content\/uploads\/2023\/01\/logo-fecec-header.png","width":126,"height":74,"caption":"Junts contra el c\u00e0ncer - FECEC"},"image":{"@id":"https:\/\/juntscontraelcancer.cat\/es\/#\/schema\/logo\/image\/"},"sameAs":["https:\/\/www.facebook.com\/fecec.federacio\/","https:\/\/x.com\/FececFederacio","https:\/\/www.instagram.com\/fececfederacio\/?hl=es","https:\/\/www.youtube.com\/channel\/UCgAC_6c6hmHwMQhSCQyYBdA"]},{"@type":"Person","@id":"https:\/\/juntscontraelcancer.cat\/es\/#\/schema\/person\/14c85cb9b3aeddea8f9087bea375813f","name":"Pukkas","image":{"@type":"ImageObject","inLanguage":"es","@id":"https:\/\/secure.gravatar.com\/avatar\/7433209641beafe57dbfd32b83f1c28fb7da2f23c98b47d02c7623ce350a0e9f?s=96&d=mm&r=g","url":"https:\/\/secure.gravatar.com\/avatar\/7433209641beafe57dbfd32b83f1c28fb7da2f23c98b47d02c7623ce350a0e9f?s=96&d=mm&r=g","contentUrl":"https:\/\/secure.gravatar.com\/avatar\/7433209641beafe57dbfd32b83f1c28fb7da2f23c98b47d02c7623ce350a0e9f?s=96&d=mm&r=g","caption":"Pukkas"},"sameAs":["https:\/\/juntscontraelcancer.cat"]}]}},"_links":{"self":[{"href":"https:\/\/juntscontraelcancer.cat\/es\/wp-json\/wp\/v2\/posts\/14572","targetHints":{"allow":["GET"]}}],"collection":[{"href":"https:\/\/juntscontraelcancer.cat\/es\/wp-json\/wp\/v2\/posts"}],"about":[{"href":"https:\/\/juntscontraelcancer.cat\/es\/wp-json\/wp\/v2\/types\/post"}],"author":[{"embeddable":true,"href":"https:\/\/juntscontraelcancer.cat\/es\/wp-json\/wp\/v2\/users\/1"}],"replies":[{"embeddable":true,"href":"https:\/\/juntscontraelcancer.cat\/es\/wp-json\/wp\/v2\/comments?post=14572"}],"version-history":[{"count":1,"href":"https:\/\/juntscontraelcancer.cat\/es\/wp-json\/wp\/v2\/posts\/14572\/revisions"}],"predecessor-version":[{"id":14573,"href":"https:\/\/juntscontraelcancer.cat\/es\/wp-json\/wp\/v2\/posts\/14572\/revisions\/14573"}],"wp:featuredmedia":[{"embeddable":true,"href":"https:\/\/juntscontraelcancer.cat\/es\/wp-json\/wp\/v2\/media\/7598"}],"wp:attachment":[{"href":"https:\/\/juntscontraelcancer.cat\/es\/wp-json\/wp\/v2\/media?parent=14572"}],"wp:term":[{"taxonomy":"category","embeddable":true,"href":"https:\/\/juntscontraelcancer.cat\/es\/wp-json\/wp\/v2\/categories?post=14572"},{"taxonomy":"post_tag","embeddable":true,"href":"https:\/\/juntscontraelcancer.cat\/es\/wp-json\/wp\/v2\/tags?post=14572"}],"curies":[{"name":"wp","href":"https:\/\/api.w.org\/{rel}","templated":true}]}}