{"id":14562,"date":"2019-06-20T00:00:00","date_gmt":"2019-06-19T22:00:00","guid":{"rendered":"https:\/\/junts.enproceso.es\/la-fecec-participa-en-el-seminario-tecnico-de-prevencion-de-riesgos-laborales-de-la-generalitat\/"},"modified":"2023-06-12T11:52:13","modified_gmt":"2023-06-12T09:52:13","slug":"la-fecec-participa-en-el-seminario-tecnico-de-prevencion-de-riesgos-laborales-de-la-generalitat","status":"publish","type":"post","link":"https:\/\/juntscontraelcancer.cat\/es\/la-fecec-participa-en-el-seminario-tecnico-de-prevencion-de-riesgos-laborales-de-la-generalitat\/","title":{"rendered":"La FECEC participa en el Seminario t\u00e9cnico de prevenci\u00f3n de riesgos laborales de la Generalitat"},"content":{"rendered":"<p>La Direcci\u00f3n General de Funci\u00f3n P\u00fablica de la Generalitat organiza, anualmente, una sesi\u00f3n monogr\u00e1fica de profundizaci\u00f3n en alguno de los \u00e1mbitos que componen la prevenci\u00f3n de riesgos laborales.<\/p>\n<figure id=\"attachment_34024\" aria-describedby=\"caption-attachment-34024\" style=\"width: 600px\" class=\"wp-caption aligncenter\"><img loading=\"lazy\" decoding=\"async\" class=\"wp-image-34024\" src=\"https:\/\/juntscontraelcancer.cat\/wp-content\/uploads\/2023\/04\/riscs-laborals-scaled.jpg\" alt=\"Imatge d'arxiu del seminari de l'any passat.\" width=\"600\" height=\"236\" \/><figcaption id=\"caption-attachment-34024\" class=\"wp-caption-text\">Imagen de archivo del seminario del a\u00f1o pasado.<\/figcaption><\/figure>\n<p>En esta edici\u00f3n, que tendr\u00e1 lugar el 25 de junio de 9.00 a 14.00 horas, el seminario estar\u00e1 centrado en el \u00e1mbito de la Promoci\u00f3n de la salud, y ser\u00e1 impartido por profesionales del \u00e1mbito de la salud del Hospital Vall d Hebr\u00f3n y la Federaci\u00f3n Catalana de Entidades contra el C\u00e1ncer (FECEC), con la colaboraci\u00f3n de la Mutua ASEPEYO.<\/p>\n<p>El seminario pretende analizar el concepto de Promoci\u00f3n de la Salud y tomar conciencia del rol que tiene la promoci\u00f3n de la salud en el \u00e1mbito de su prevenci\u00f3n, as\u00ed como tambi\u00e9n, las perspectivas de futuro. Otro de los objetivos es conocer el impacto en la salud de los trabajadores: la contaminaci\u00f3n ambiental y su efecto en la salud de las personas y la gesti\u00f3n del c\u00e1ncer a las organizaciones y especialmente, el retorno al trabajo.<\/p>\n<p>Durante el seminario, que va destinado a t\u00e9cnicos de prevenci\u00f3n y el personal sanitario de los servicios de prevenci\u00f3n de riesgos laborales de los departamentos de la Administraci\u00f3n de la Generalidad de Catalu\u00f1a, se tratar\u00e1n los siguientes temas:<\/p>\n<ul>\n<li>La promoci\u00f3n de la Salud en el trabajo como elemento estrat\u00e9gico: presente y futuro<\/li>\n<li>La gesti\u00f3n de la salud en el trabajo: nuevos retos. Contaminaci\u00f3n ambiental y efectos sobre la salud de las personas<\/li>\n<li>Contaminaci\u00f3n ambiental y enfermedades respiratorias.<\/li>\n<li>Contaminaci\u00f3n ambiental y enfermedades cardiovasculares.<\/li>\n<li>Abordaje del regreso al trabajo despu\u00e9s del c\u00e1ncer<\/li>\n<\/ul>\n<p>&nbsp;<\/p>\n","protected":false},"excerpt":{"rendered":"<p>El seminario pretende analizar el concepto de Promoci\u00f3n de la Salud y tomar conciencia del rol que tiene la promoci\u00f3n de la salud en el \u00e1mbito de su prevenci\u00f3n, as\u00ed como tambi\u00e9n, las perspectivas de futuro.<\/p>\n","protected":false},"author":1,"featured_media":10767,"comment_status":"closed","ping_status":"open","sticky":false,"template":"","format":"standard","meta":{"_acf_changed":false,"inline_featured_image":false,"footnotes":""},"categories":[84,3,86,68],"tags":[],"class_list":["post-14562","post","type-post","status-publish","format-standard","has-post-thumbnail","hentry","category-actualidad","category-actualitat","category-destacadas","category-destaquem"],"acf":[],"yoast_head":"<!-- This site is optimized with the Yoast SEO plugin v27.3 - https:\/\/yoast.com\/product\/yoast-seo-wordpress\/ -->\n<title>La FECEC participa en el Seminario t\u00e9cnico de prevenci\u00f3n de riesgos laborales de la Generalitat - Junts contra el c\u00e0ncer - FECEC<\/title>\n<meta name=\"robots\" content=\"index, follow, max-snippet:-1, max-image-preview:large, max-video-preview:-1\" \/>\n<link rel=\"canonical\" href=\"https:\/\/juntscontraelcancer.cat\/es\/la-fecec-participa-en-el-seminario-tecnico-de-prevencion-de-riesgos-laborales-de-la-generalitat\/\" \/>\n<meta property=\"og:locale\" content=\"es_ES\" \/>\n<meta property=\"og:type\" content=\"article\" \/>\n<meta property=\"og:title\" content=\"La FECEC participa en el Seminario t\u00e9cnico de prevenci\u00f3n de riesgos laborales de la Generalitat - Junts contra el c\u00e0ncer - FECEC\" \/>\n<meta property=\"og:description\" content=\"El seminario pretende analizar el concepto de Promoci\u00f3n de la Salud y tomar conciencia del rol que tiene la promoci\u00f3n de la salud en el \u00e1mbito de su prevenci\u00f3n, as\u00ed como tambi\u00e9n, las perspectivas de futuro.\" \/>\n<meta property=\"og:url\" content=\"https:\/\/juntscontraelcancer.cat\/es\/la-fecec-participa-en-el-seminario-tecnico-de-prevencion-de-riesgos-laborales-de-la-generalitat\/\" \/>\n<meta property=\"og:site_name\" content=\"Junts contra el c\u00e0ncer - FECEC\" \/>\n<meta property=\"article:publisher\" content=\"https:\/\/www.facebook.com\/fecec.federacio\/\" \/>\n<meta property=\"article:published_time\" content=\"2019-06-19T22:00:00+00:00\" \/>\n<meta property=\"article:modified_time\" content=\"2023-06-12T09:52:13+00:00\" \/>\n<meta property=\"og:image\" content=\"https:\/\/juntscontraelcancer.cat\/wp-content\/uploads\/2023\/04\/1.-riscs-laborals.jpg\" \/>\n\t<meta property=\"og:image:width\" content=\"354\" \/>\n\t<meta property=\"og:image:height\" content=\"145\" \/>\n\t<meta property=\"og:image:type\" content=\"image\/jpeg\" \/>\n<meta name=\"author\" content=\"Pukkas\" \/>\n<meta name=\"twitter:card\" content=\"summary_large_image\" \/>\n<meta name=\"twitter:creator\" content=\"@FececFederacio\" \/>\n<meta name=\"twitter:site\" content=\"@FececFederacio\" \/>\n<meta name=\"twitter:label1\" content=\"Escrito por\" \/>\n\t<meta name=\"twitter:data1\" content=\"Pukkas\" \/>\n\t<meta name=\"twitter:label2\" content=\"Tiempo de lectura\" \/>\n\t<meta name=\"twitter:data2\" content=\"2 minutos\" \/>\n<script type=\"application\/ld+json\" class=\"yoast-schema-graph\">{\"@context\":\"https:\\\/\\\/schema.org\",\"@graph\":[{\"@type\":\"Article\",\"@id\":\"https:\\\/\\\/juntscontraelcancer.cat\\\/es\\\/la-fecec-participa-en-el-seminario-tecnico-de-prevencion-de-riesgos-laborales-de-la-generalitat\\\/#article\",\"isPartOf\":{\"@id\":\"https:\\\/\\\/juntscontraelcancer.cat\\\/es\\\/la-fecec-participa-en-el-seminario-tecnico-de-prevencion-de-riesgos-laborales-de-la-generalitat\\\/\"},\"author\":{\"name\":\"Pukkas\",\"@id\":\"https:\\\/\\\/juntscontraelcancer.cat\\\/es\\\/#\\\/schema\\\/person\\\/14c85cb9b3aeddea8f9087bea375813f\"},\"headline\":\"La FECEC participa en el Seminario t\u00e9cnico de prevenci\u00f3n de riesgos laborales de la Generalitat\",\"datePublished\":\"2019-06-19T22:00:00+00:00\",\"dateModified\":\"2023-06-12T09:52:13+00:00\",\"mainEntityOfPage\":{\"@id\":\"https:\\\/\\\/juntscontraelcancer.cat\\\/es\\\/la-fecec-participa-en-el-seminario-tecnico-de-prevencion-de-riesgos-laborales-de-la-generalitat\\\/\"},\"wordCount\":319,\"publisher\":{\"@id\":\"https:\\\/\\\/juntscontraelcancer.cat\\\/es\\\/#organization\"},\"image\":{\"@id\":\"https:\\\/\\\/juntscontraelcancer.cat\\\/es\\\/la-fecec-participa-en-el-seminario-tecnico-de-prevencion-de-riesgos-laborales-de-la-generalitat\\\/#primaryimage\"},\"thumbnailUrl\":\"https:\\\/\\\/juntscontraelcancer.cat\\\/wp-content\\\/uploads\\\/2023\\\/04\\\/1.-riscs-laborals.jpg\",\"articleSection\":[\"Actualidad\",\"Actualitat\",\"Destacadas\",\"Destacats\"],\"inLanguage\":\"es\"},{\"@type\":\"WebPage\",\"@id\":\"https:\\\/\\\/juntscontraelcancer.cat\\\/es\\\/la-fecec-participa-en-el-seminario-tecnico-de-prevencion-de-riesgos-laborales-de-la-generalitat\\\/\",\"url\":\"https:\\\/\\\/juntscontraelcancer.cat\\\/es\\\/la-fecec-participa-en-el-seminario-tecnico-de-prevencion-de-riesgos-laborales-de-la-generalitat\\\/\",\"name\":\"La FECEC participa en el Seminario t\u00e9cnico de prevenci\u00f3n de riesgos laborales de la Generalitat - Junts contra el c\u00e0ncer - FECEC\",\"isPartOf\":{\"@id\":\"https:\\\/\\\/juntscontraelcancer.cat\\\/es\\\/#website\"},\"primaryImageOfPage\":{\"@id\":\"https:\\\/\\\/juntscontraelcancer.cat\\\/es\\\/la-fecec-participa-en-el-seminario-tecnico-de-prevencion-de-riesgos-laborales-de-la-generalitat\\\/#primaryimage\"},\"image\":{\"@id\":\"https:\\\/\\\/juntscontraelcancer.cat\\\/es\\\/la-fecec-participa-en-el-seminario-tecnico-de-prevencion-de-riesgos-laborales-de-la-generalitat\\\/#primaryimage\"},\"thumbnailUrl\":\"https:\\\/\\\/juntscontraelcancer.cat\\\/wp-content\\\/uploads\\\/2023\\\/04\\\/1.-riscs-laborals.jpg\",\"datePublished\":\"2019-06-19T22:00:00+00:00\",\"dateModified\":\"2023-06-12T09:52:13+00:00\",\"breadcrumb\":{\"@id\":\"https:\\\/\\\/juntscontraelcancer.cat\\\/es\\\/la-fecec-participa-en-el-seminario-tecnico-de-prevencion-de-riesgos-laborales-de-la-generalitat\\\/#breadcrumb\"},\"inLanguage\":\"es\",\"potentialAction\":[{\"@type\":\"ReadAction\",\"target\":[\"https:\\\/\\\/juntscontraelcancer.cat\\\/es\\\/la-fecec-participa-en-el-seminario-tecnico-de-prevencion-de-riesgos-laborales-de-la-generalitat\\\/\"]}]},{\"@type\":\"ImageObject\",\"inLanguage\":\"es\",\"@id\":\"https:\\\/\\\/juntscontraelcancer.cat\\\/es\\\/la-fecec-participa-en-el-seminario-tecnico-de-prevencion-de-riesgos-laborales-de-la-generalitat\\\/#primaryimage\",\"url\":\"https:\\\/\\\/juntscontraelcancer.cat\\\/wp-content\\\/uploads\\\/2023\\\/04\\\/1.-riscs-laborals.jpg\",\"contentUrl\":\"https:\\\/\\\/juntscontraelcancer.cat\\\/wp-content\\\/uploads\\\/2023\\\/04\\\/1.-riscs-laborals.jpg\",\"width\":354,\"height\":145},{\"@type\":\"BreadcrumbList\",\"@id\":\"https:\\\/\\\/juntscontraelcancer.cat\\\/es\\\/la-fecec-participa-en-el-seminario-tecnico-de-prevencion-de-riesgos-laborales-de-la-generalitat\\\/#breadcrumb\",\"itemListElement\":[{\"@type\":\"ListItem\",\"position\":1,\"name\":\"Inicio\",\"item\":\"https:\\\/\\\/juntscontraelcancer.cat\\\/es\\\/\"},{\"@type\":\"ListItem\",\"position\":2,\"name\":\"La FECEC participa en el Seminario t\u00e9cnico de prevenci\u00f3n de riesgos laborales de la Generalitat\"}]},{\"@type\":\"WebSite\",\"@id\":\"https:\\\/\\\/juntscontraelcancer.cat\\\/es\\\/#website\",\"url\":\"https:\\\/\\\/juntscontraelcancer.cat\\\/es\\\/\",\"name\":\"Junts contra el c\u00e0ncer - FECEC\",\"description\":\"\",\"publisher\":{\"@id\":\"https:\\\/\\\/juntscontraelcancer.cat\\\/es\\\/#organization\"},\"potentialAction\":[{\"@type\":\"SearchAction\",\"target\":{\"@type\":\"EntryPoint\",\"urlTemplate\":\"https:\\\/\\\/juntscontraelcancer.cat\\\/es\\\/?s={search_term_string}\"},\"query-input\":{\"@type\":\"PropertyValueSpecification\",\"valueRequired\":true,\"valueName\":\"search_term_string\"}}],\"inLanguage\":\"es\"},{\"@type\":\"Organization\",\"@id\":\"https:\\\/\\\/juntscontraelcancer.cat\\\/es\\\/#organization\",\"name\":\"Junts contra el c\u00e0ncer - FECEC\",\"url\":\"https:\\\/\\\/juntscontraelcancer.cat\\\/es\\\/\",\"logo\":{\"@type\":\"ImageObject\",\"inLanguage\":\"es\",\"@id\":\"https:\\\/\\\/juntscontraelcancer.cat\\\/es\\\/#\\\/schema\\\/logo\\\/image\\\/\",\"url\":\"https:\\\/\\\/juntscontraelcancer.cat\\\/wp-content\\\/uploads\\\/2023\\\/01\\\/logo-fecec-header.png\",\"contentUrl\":\"https:\\\/\\\/juntscontraelcancer.cat\\\/wp-content\\\/uploads\\\/2023\\\/01\\\/logo-fecec-header.png\",\"width\":126,\"height\":74,\"caption\":\"Junts contra el c\u00e0ncer - FECEC\"},\"image\":{\"@id\":\"https:\\\/\\\/juntscontraelcancer.cat\\\/es\\\/#\\\/schema\\\/logo\\\/image\\\/\"},\"sameAs\":[\"https:\\\/\\\/www.facebook.com\\\/fecec.federacio\\\/\",\"https:\\\/\\\/x.com\\\/FececFederacio\",\"https:\\\/\\\/www.instagram.com\\\/fececfederacio\\\/?hl=es\",\"https:\\\/\\\/www.youtube.com\\\/channel\\\/UCgAC_6c6hmHwMQhSCQyYBdA\"]},{\"@type\":\"Person\",\"@id\":\"https:\\\/\\\/juntscontraelcancer.cat\\\/es\\\/#\\\/schema\\\/person\\\/14c85cb9b3aeddea8f9087bea375813f\",\"name\":\"Pukkas\",\"image\":{\"@type\":\"ImageObject\",\"inLanguage\":\"es\",\"@id\":\"https:\\\/\\\/secure.gravatar.com\\\/avatar\\\/7433209641beafe57dbfd32b83f1c28fb7da2f23c98b47d02c7623ce350a0e9f?s=96&d=mm&r=g\",\"url\":\"https:\\\/\\\/secure.gravatar.com\\\/avatar\\\/7433209641beafe57dbfd32b83f1c28fb7da2f23c98b47d02c7623ce350a0e9f?s=96&d=mm&r=g\",\"contentUrl\":\"https:\\\/\\\/secure.gravatar.com\\\/avatar\\\/7433209641beafe57dbfd32b83f1c28fb7da2f23c98b47d02c7623ce350a0e9f?s=96&d=mm&r=g\",\"caption\":\"Pukkas\"},\"sameAs\":[\"https:\\\/\\\/juntscontraelcancer.cat\"]}]}<\/script>\n<!-- \/ Yoast SEO plugin. -->","yoast_head_json":{"title":"La FECEC participa en el Seminario t\u00e9cnico de prevenci\u00f3n de riesgos laborales de la Generalitat - Junts contra el c\u00e0ncer - FECEC","robots":{"index":"index","follow":"follow","max-snippet":"max-snippet:-1","max-image-preview":"max-image-preview:large","max-video-preview":"max-video-preview:-1"},"canonical":"https:\/\/juntscontraelcancer.cat\/es\/la-fecec-participa-en-el-seminario-tecnico-de-prevencion-de-riesgos-laborales-de-la-generalitat\/","og_locale":"es_ES","og_type":"article","og_title":"La FECEC participa en el Seminario t\u00e9cnico de prevenci\u00f3n de riesgos laborales de la Generalitat - Junts contra el c\u00e0ncer - FECEC","og_description":"El seminario pretende analizar el concepto de Promoci\u00f3n de la Salud y tomar conciencia del rol que tiene la promoci\u00f3n de la salud en el \u00e1mbito de su prevenci\u00f3n, as\u00ed como tambi\u00e9n, las perspectivas de futuro.","og_url":"https:\/\/juntscontraelcancer.cat\/es\/la-fecec-participa-en-el-seminario-tecnico-de-prevencion-de-riesgos-laborales-de-la-generalitat\/","og_site_name":"Junts contra el c\u00e0ncer - FECEC","article_publisher":"https:\/\/www.facebook.com\/fecec.federacio\/","article_published_time":"2019-06-19T22:00:00+00:00","article_modified_time":"2023-06-12T09:52:13+00:00","og_image":[{"width":354,"height":145,"url":"https:\/\/juntscontraelcancer.cat\/wp-content\/uploads\/2023\/04\/1.-riscs-laborals.jpg","type":"image\/jpeg"}],"author":"Pukkas","twitter_card":"summary_large_image","twitter_creator":"@FececFederacio","twitter_site":"@FececFederacio","twitter_misc":{"Escrito por":"Pukkas","Tiempo de lectura":"2 minutos"},"schema":{"@context":"https:\/\/schema.org","@graph":[{"@type":"Article","@id":"https:\/\/juntscontraelcancer.cat\/es\/la-fecec-participa-en-el-seminario-tecnico-de-prevencion-de-riesgos-laborales-de-la-generalitat\/#article","isPartOf":{"@id":"https:\/\/juntscontraelcancer.cat\/es\/la-fecec-participa-en-el-seminario-tecnico-de-prevencion-de-riesgos-laborales-de-la-generalitat\/"},"author":{"name":"Pukkas","@id":"https:\/\/juntscontraelcancer.cat\/es\/#\/schema\/person\/14c85cb9b3aeddea8f9087bea375813f"},"headline":"La FECEC participa en el Seminario t\u00e9cnico de prevenci\u00f3n de riesgos laborales de la Generalitat","datePublished":"2019-06-19T22:00:00+00:00","dateModified":"2023-06-12T09:52:13+00:00","mainEntityOfPage":{"@id":"https:\/\/juntscontraelcancer.cat\/es\/la-fecec-participa-en-el-seminario-tecnico-de-prevencion-de-riesgos-laborales-de-la-generalitat\/"},"wordCount":319,"publisher":{"@id":"https:\/\/juntscontraelcancer.cat\/es\/#organization"},"image":{"@id":"https:\/\/juntscontraelcancer.cat\/es\/la-fecec-participa-en-el-seminario-tecnico-de-prevencion-de-riesgos-laborales-de-la-generalitat\/#primaryimage"},"thumbnailUrl":"https:\/\/juntscontraelcancer.cat\/wp-content\/uploads\/2023\/04\/1.-riscs-laborals.jpg","articleSection":["Actualidad","Actualitat","Destacadas","Destacats"],"inLanguage":"es"},{"@type":"WebPage","@id":"https:\/\/juntscontraelcancer.cat\/es\/la-fecec-participa-en-el-seminario-tecnico-de-prevencion-de-riesgos-laborales-de-la-generalitat\/","url":"https:\/\/juntscontraelcancer.cat\/es\/la-fecec-participa-en-el-seminario-tecnico-de-prevencion-de-riesgos-laborales-de-la-generalitat\/","name":"La FECEC participa en el Seminario t\u00e9cnico de prevenci\u00f3n de riesgos laborales de la Generalitat - Junts contra el c\u00e0ncer - FECEC","isPartOf":{"@id":"https:\/\/juntscontraelcancer.cat\/es\/#website"},"primaryImageOfPage":{"@id":"https:\/\/juntscontraelcancer.cat\/es\/la-fecec-participa-en-el-seminario-tecnico-de-prevencion-de-riesgos-laborales-de-la-generalitat\/#primaryimage"},"image":{"@id":"https:\/\/juntscontraelcancer.cat\/es\/la-fecec-participa-en-el-seminario-tecnico-de-prevencion-de-riesgos-laborales-de-la-generalitat\/#primaryimage"},"thumbnailUrl":"https:\/\/juntscontraelcancer.cat\/wp-content\/uploads\/2023\/04\/1.-riscs-laborals.jpg","datePublished":"2019-06-19T22:00:00+00:00","dateModified":"2023-06-12T09:52:13+00:00","breadcrumb":{"@id":"https:\/\/juntscontraelcancer.cat\/es\/la-fecec-participa-en-el-seminario-tecnico-de-prevencion-de-riesgos-laborales-de-la-generalitat\/#breadcrumb"},"inLanguage":"es","potentialAction":[{"@type":"ReadAction","target":["https:\/\/juntscontraelcancer.cat\/es\/la-fecec-participa-en-el-seminario-tecnico-de-prevencion-de-riesgos-laborales-de-la-generalitat\/"]}]},{"@type":"ImageObject","inLanguage":"es","@id":"https:\/\/juntscontraelcancer.cat\/es\/la-fecec-participa-en-el-seminario-tecnico-de-prevencion-de-riesgos-laborales-de-la-generalitat\/#primaryimage","url":"https:\/\/juntscontraelcancer.cat\/wp-content\/uploads\/2023\/04\/1.-riscs-laborals.jpg","contentUrl":"https:\/\/juntscontraelcancer.cat\/wp-content\/uploads\/2023\/04\/1.-riscs-laborals.jpg","width":354,"height":145},{"@type":"BreadcrumbList","@id":"https:\/\/juntscontraelcancer.cat\/es\/la-fecec-participa-en-el-seminario-tecnico-de-prevencion-de-riesgos-laborales-de-la-generalitat\/#breadcrumb","itemListElement":[{"@type":"ListItem","position":1,"name":"Inicio","item":"https:\/\/juntscontraelcancer.cat\/es\/"},{"@type":"ListItem","position":2,"name":"La FECEC participa en el Seminario t\u00e9cnico de prevenci\u00f3n de riesgos laborales de la Generalitat"}]},{"@type":"WebSite","@id":"https:\/\/juntscontraelcancer.cat\/es\/#website","url":"https:\/\/juntscontraelcancer.cat\/es\/","name":"Junts contra el c\u00e0ncer - FECEC","description":"","publisher":{"@id":"https:\/\/juntscontraelcancer.cat\/es\/#organization"},"potentialAction":[{"@type":"SearchAction","target":{"@type":"EntryPoint","urlTemplate":"https:\/\/juntscontraelcancer.cat\/es\/?s={search_term_string}"},"query-input":{"@type":"PropertyValueSpecification","valueRequired":true,"valueName":"search_term_string"}}],"inLanguage":"es"},{"@type":"Organization","@id":"https:\/\/juntscontraelcancer.cat\/es\/#organization","name":"Junts contra el c\u00e0ncer - FECEC","url":"https:\/\/juntscontraelcancer.cat\/es\/","logo":{"@type":"ImageObject","inLanguage":"es","@id":"https:\/\/juntscontraelcancer.cat\/es\/#\/schema\/logo\/image\/","url":"https:\/\/juntscontraelcancer.cat\/wp-content\/uploads\/2023\/01\/logo-fecec-header.png","contentUrl":"https:\/\/juntscontraelcancer.cat\/wp-content\/uploads\/2023\/01\/logo-fecec-header.png","width":126,"height":74,"caption":"Junts contra el c\u00e0ncer - FECEC"},"image":{"@id":"https:\/\/juntscontraelcancer.cat\/es\/#\/schema\/logo\/image\/"},"sameAs":["https:\/\/www.facebook.com\/fecec.federacio\/","https:\/\/x.com\/FececFederacio","https:\/\/www.instagram.com\/fececfederacio\/?hl=es","https:\/\/www.youtube.com\/channel\/UCgAC_6c6hmHwMQhSCQyYBdA"]},{"@type":"Person","@id":"https:\/\/juntscontraelcancer.cat\/es\/#\/schema\/person\/14c85cb9b3aeddea8f9087bea375813f","name":"Pukkas","image":{"@type":"ImageObject","inLanguage":"es","@id":"https:\/\/secure.gravatar.com\/avatar\/7433209641beafe57dbfd32b83f1c28fb7da2f23c98b47d02c7623ce350a0e9f?s=96&d=mm&r=g","url":"https:\/\/secure.gravatar.com\/avatar\/7433209641beafe57dbfd32b83f1c28fb7da2f23c98b47d02c7623ce350a0e9f?s=96&d=mm&r=g","contentUrl":"https:\/\/secure.gravatar.com\/avatar\/7433209641beafe57dbfd32b83f1c28fb7da2f23c98b47d02c7623ce350a0e9f?s=96&d=mm&r=g","caption":"Pukkas"},"sameAs":["https:\/\/juntscontraelcancer.cat"]}]}},"_links":{"self":[{"href":"https:\/\/juntscontraelcancer.cat\/es\/wp-json\/wp\/v2\/posts\/14562","targetHints":{"allow":["GET"]}}],"collection":[{"href":"https:\/\/juntscontraelcancer.cat\/es\/wp-json\/wp\/v2\/posts"}],"about":[{"href":"https:\/\/juntscontraelcancer.cat\/es\/wp-json\/wp\/v2\/types\/post"}],"author":[{"embeddable":true,"href":"https:\/\/juntscontraelcancer.cat\/es\/wp-json\/wp\/v2\/users\/1"}],"replies":[{"embeddable":true,"href":"https:\/\/juntscontraelcancer.cat\/es\/wp-json\/wp\/v2\/comments?post=14562"}],"version-history":[{"count":1,"href":"https:\/\/juntscontraelcancer.cat\/es\/wp-json\/wp\/v2\/posts\/14562\/revisions"}],"predecessor-version":[{"id":14563,"href":"https:\/\/juntscontraelcancer.cat\/es\/wp-json\/wp\/v2\/posts\/14562\/revisions\/14563"}],"wp:featuredmedia":[{"embeddable":true,"href":"https:\/\/juntscontraelcancer.cat\/es\/wp-json\/wp\/v2\/media\/10767"}],"wp:attachment":[{"href":"https:\/\/juntscontraelcancer.cat\/es\/wp-json\/wp\/v2\/media?parent=14562"}],"wp:term":[{"taxonomy":"category","embeddable":true,"href":"https:\/\/juntscontraelcancer.cat\/es\/wp-json\/wp\/v2\/categories?post=14562"},{"taxonomy":"post_tag","embeddable":true,"href":"https:\/\/juntscontraelcancer.cat\/es\/wp-json\/wp\/v2\/tags?post=14562"}],"curies":[{"name":"wp","href":"https:\/\/api.w.org\/{rel}","templated":true}]}}