{"id":14513,"date":"2019-01-14T00:00:00","date_gmt":"2019-01-13T22:00:00","guid":{"rendered":"https:\/\/junts.enproceso.es\/1-y-2-de-febrero-arranca-la-campana-posem-li-pebrots-al-cancer-2019\/"},"modified":"2023-06-08T10:42:49","modified_gmt":"2023-06-08T08:42:49","slug":"1-y-2-de-febrero-arranca-la-campana-posem-li-pebrots-al-cancer-2019","status":"publish","type":"post","link":"https:\/\/juntscontraelcancer.cat\/es\/1-y-2-de-febrero-arranca-la-campana-posem-li-pebrots-al-cancer-2019\/","title":{"rendered":"1 y 2 de febrero: arranca la campa\u00f1a &#8216;Posem-li pebrots al c\u00e0ncer&#8217; 2019"},"content":{"rendered":"<p>El pr\u00f3ximo 4 de febrero se celebra el D\u00eda Mundial contra el C\u00e1ncer. D\u00edas antes &#8211; 1 y 2 de febrero- desde la Federaci\u00f3n Catalana de Entidades contra el C\u00e1ncer (FECEC) impulsamos un a\u00f1o m\u00e1s la campa\u00f1a &#8216;Posem-li pebrots al c\u00e0ncer&#8217;, para la cual necesitamos voluntarios.<\/p>\n<p>La campa\u00f1a de la FECEC llega a los supermercados Condis donde se distribuyen bolsas de pimientos entre los clientes de la cadena a un precio simb\u00f3lico de un euro y medio.<\/p>\n<p><strong>Mira el espot de la campa\u00f1a:<\/strong><\/p>\n<p style=\"text-align: center;\"><iframe loading=\"lazy\" src=\"https:\/\/www.youtube.com\/embed\/axd-7_K5tnI\" width=\"560\" height=\"315\" frameborder=\"0\" allowfullscreen=\"allowfullscreen\"><\/iframe><\/p>\n<p>El objetivo de &#8216;Posem-li pebrots al c\u00e0ncer&#8217; es fomentar la solidaridad con las personas que padecen la enfermedad, difundir la labor de acompa\u00f1amiento que hacen las entidades vinculadas a la FECEC y tambi\u00e9n conseguir fondos para seguir desarrollando los programas de atenci\u00f3n y ayuda a los enfermos ya a sus familiares.<\/p>\n<p>Para que la campa\u00f1a llegue a los m\u00e1s de 460 supermercados que Condis tiene distribuidos por Catalu\u00f1a, la FECEC hace un llamamiento al voluntariado. Se trata de que las personas voluntarias ayuden a vender las bolsas de pimientos e informen a los clientes sobre los objetivos de la campa\u00f1a.<\/p>\n<p>Quien lo desee puede apuntarse como voluntario en cualquier franja horaria del 1 y 2 de febrero a trav\u00e9s de <a href=\"https:\/\/goo.gl\/forms\/SXSOZYHFJkC7ORBN2\">este formulario<\/a> donde tambi\u00e9n ha de escoger el supermercado donde quiere colaborar con la campa\u00f1a. A continuaci\u00f3n tienes <a href=\"http:\/\/www.juntscontraelcancer.cat\/wp-content\/uploads\/2019\/01\/22-1Llistat-establiments-web-2019.pdf\"><strong>el listado de establecimientos Condis<\/strong><\/a> donde se vender\u00e1n las bolsas de pimientos.<\/p>\n<p>&nbsp;<\/p>\n","protected":false},"excerpt":{"rendered":"<p>La campa\u00f1a de la FECEC llega a los supermercados Condis donde se distribuyen bolsas de pimientos entre los clientes de la cadena a un precio simb\u00f3lico de un euro y medio.<\/p>\n","protected":false},"author":1,"featured_media":14514,"comment_status":"closed","ping_status":"open","sticky":false,"template":"","format":"standard","meta":{"_acf_changed":false,"inline_featured_image":false,"footnotes":""},"categories":[84,3,86,68],"tags":[],"class_list":["post-14513","post","type-post","status-publish","format-standard","has-post-thumbnail","hentry","category-actualidad","category-actualitat","category-destacadas","category-destaquem"],"acf":[],"yoast_head":"<!-- This site is optimized with the Yoast SEO plugin v27.3 - https:\/\/yoast.com\/product\/yoast-seo-wordpress\/ -->\n<title>1 y 2 de febrero: arranca la campa\u00f1a &#039;Posem-li pebrots al c\u00e0ncer&#039; 2019 - Junts contra el c\u00e0ncer - FECEC<\/title>\n<meta name=\"robots\" content=\"index, follow, max-snippet:-1, max-image-preview:large, max-video-preview:-1\" \/>\n<link rel=\"canonical\" href=\"https:\/\/juntscontraelcancer.cat\/es\/1-y-2-de-febrero-arranca-la-campana-posem-li-pebrots-al-cancer-2019\/\" \/>\n<meta property=\"og:locale\" content=\"es_ES\" \/>\n<meta property=\"og:type\" content=\"article\" \/>\n<meta property=\"og:title\" content=\"1 y 2 de febrero: arranca la campa\u00f1a &#039;Posem-li pebrots al c\u00e0ncer&#039; 2019 - Junts contra el c\u00e0ncer - FECEC\" \/>\n<meta property=\"og:description\" content=\"La campa\u00f1a de la FECEC llega a los supermercados Condis donde se distribuyen bolsas de pimientos entre los clientes de la cadena a un precio simb\u00f3lico de un euro y medio.\" \/>\n<meta property=\"og:url\" content=\"https:\/\/juntscontraelcancer.cat\/es\/1-y-2-de-febrero-arranca-la-campana-posem-li-pebrots-al-cancer-2019\/\" \/>\n<meta property=\"og:site_name\" content=\"Junts contra el c\u00e0ncer - FECEC\" \/>\n<meta property=\"article:publisher\" content=\"https:\/\/www.facebook.com\/fecec.federacio\/\" \/>\n<meta property=\"article:published_time\" content=\"2019-01-13T22:00:00+00:00\" \/>\n<meta property=\"article:modified_time\" content=\"2023-06-08T08:42:49+00:00\" \/>\n<meta property=\"og:image\" content=\"https:\/\/juntscontraelcancer.cat\/wp-content\/uploads\/2023\/04\/1.-destacat-pebrots-2019.jpg\" \/>\n\t<meta property=\"og:image:width\" content=\"354\" \/>\n\t<meta property=\"og:image:height\" content=\"145\" \/>\n\t<meta property=\"og:image:type\" content=\"image\/jpeg\" \/>\n<meta name=\"author\" content=\"Pukkas\" \/>\n<meta name=\"twitter:card\" content=\"summary_large_image\" \/>\n<meta name=\"twitter:creator\" content=\"@FececFederacio\" \/>\n<meta name=\"twitter:site\" content=\"@FececFederacio\" \/>\n<meta name=\"twitter:label1\" content=\"Escrito por\" \/>\n\t<meta name=\"twitter:data1\" content=\"Pukkas\" \/>\n\t<meta name=\"twitter:label2\" content=\"Tiempo de lectura\" \/>\n\t<meta name=\"twitter:data2\" content=\"1 minuto\" \/>\n<script type=\"application\/ld+json\" class=\"yoast-schema-graph\">{\"@context\":\"https:\\\/\\\/schema.org\",\"@graph\":[{\"@type\":\"Article\",\"@id\":\"https:\\\/\\\/juntscontraelcancer.cat\\\/es\\\/1-y-2-de-febrero-arranca-la-campana-posem-li-pebrots-al-cancer-2019\\\/#article\",\"isPartOf\":{\"@id\":\"https:\\\/\\\/juntscontraelcancer.cat\\\/es\\\/1-y-2-de-febrero-arranca-la-campana-posem-li-pebrots-al-cancer-2019\\\/\"},\"author\":{\"name\":\"Pukkas\",\"@id\":\"https:\\\/\\\/juntscontraelcancer.cat\\\/es\\\/#\\\/schema\\\/person\\\/14c85cb9b3aeddea8f9087bea375813f\"},\"headline\":\"1 y 2 de febrero: arranca la campa\u00f1a &#8216;Posem-li pebrots al c\u00e0ncer&#8217; 2019\",\"datePublished\":\"2019-01-13T22:00:00+00:00\",\"dateModified\":\"2023-06-08T08:42:49+00:00\",\"mainEntityOfPage\":{\"@id\":\"https:\\\/\\\/juntscontraelcancer.cat\\\/es\\\/1-y-2-de-febrero-arranca-la-campana-posem-li-pebrots-al-cancer-2019\\\/\"},\"wordCount\":266,\"publisher\":{\"@id\":\"https:\\\/\\\/juntscontraelcancer.cat\\\/es\\\/#organization\"},\"image\":{\"@id\":\"https:\\\/\\\/juntscontraelcancer.cat\\\/es\\\/1-y-2-de-febrero-arranca-la-campana-posem-li-pebrots-al-cancer-2019\\\/#primaryimage\"},\"thumbnailUrl\":\"https:\\\/\\\/juntscontraelcancer.cat\\\/wp-content\\\/uploads\\\/2023\\\/04\\\/1.-destacat-pebrots-2019.jpg\",\"articleSection\":[\"Actualidad\",\"Actualitat\",\"Destacadas\",\"Destacats\"],\"inLanguage\":\"es\"},{\"@type\":\"WebPage\",\"@id\":\"https:\\\/\\\/juntscontraelcancer.cat\\\/es\\\/1-y-2-de-febrero-arranca-la-campana-posem-li-pebrots-al-cancer-2019\\\/\",\"url\":\"https:\\\/\\\/juntscontraelcancer.cat\\\/es\\\/1-y-2-de-febrero-arranca-la-campana-posem-li-pebrots-al-cancer-2019\\\/\",\"name\":\"1 y 2 de febrero: arranca la campa\u00f1a 'Posem-li pebrots al c\u00e0ncer' 2019 - Junts contra el c\u00e0ncer - FECEC\",\"isPartOf\":{\"@id\":\"https:\\\/\\\/juntscontraelcancer.cat\\\/es\\\/#website\"},\"primaryImageOfPage\":{\"@id\":\"https:\\\/\\\/juntscontraelcancer.cat\\\/es\\\/1-y-2-de-febrero-arranca-la-campana-posem-li-pebrots-al-cancer-2019\\\/#primaryimage\"},\"image\":{\"@id\":\"https:\\\/\\\/juntscontraelcancer.cat\\\/es\\\/1-y-2-de-febrero-arranca-la-campana-posem-li-pebrots-al-cancer-2019\\\/#primaryimage\"},\"thumbnailUrl\":\"https:\\\/\\\/juntscontraelcancer.cat\\\/wp-content\\\/uploads\\\/2023\\\/04\\\/1.-destacat-pebrots-2019.jpg\",\"datePublished\":\"2019-01-13T22:00:00+00:00\",\"dateModified\":\"2023-06-08T08:42:49+00:00\",\"breadcrumb\":{\"@id\":\"https:\\\/\\\/juntscontraelcancer.cat\\\/es\\\/1-y-2-de-febrero-arranca-la-campana-posem-li-pebrots-al-cancer-2019\\\/#breadcrumb\"},\"inLanguage\":\"es\",\"potentialAction\":[{\"@type\":\"ReadAction\",\"target\":[\"https:\\\/\\\/juntscontraelcancer.cat\\\/es\\\/1-y-2-de-febrero-arranca-la-campana-posem-li-pebrots-al-cancer-2019\\\/\"]}]},{\"@type\":\"ImageObject\",\"inLanguage\":\"es\",\"@id\":\"https:\\\/\\\/juntscontraelcancer.cat\\\/es\\\/1-y-2-de-febrero-arranca-la-campana-posem-li-pebrots-al-cancer-2019\\\/#primaryimage\",\"url\":\"https:\\\/\\\/juntscontraelcancer.cat\\\/wp-content\\\/uploads\\\/2023\\\/04\\\/1.-destacat-pebrots-2019.jpg\",\"contentUrl\":\"https:\\\/\\\/juntscontraelcancer.cat\\\/wp-content\\\/uploads\\\/2023\\\/04\\\/1.-destacat-pebrots-2019.jpg\",\"width\":354,\"height\":145},{\"@type\":\"BreadcrumbList\",\"@id\":\"https:\\\/\\\/juntscontraelcancer.cat\\\/es\\\/1-y-2-de-febrero-arranca-la-campana-posem-li-pebrots-al-cancer-2019\\\/#breadcrumb\",\"itemListElement\":[{\"@type\":\"ListItem\",\"position\":1,\"name\":\"Inicio\",\"item\":\"https:\\\/\\\/juntscontraelcancer.cat\\\/es\\\/\"},{\"@type\":\"ListItem\",\"position\":2,\"name\":\"1 y 2 de febrero: arranca la campa\u00f1a &#8216;Posem-li pebrots al c\u00e0ncer&#8217; 2019\"}]},{\"@type\":\"WebSite\",\"@id\":\"https:\\\/\\\/juntscontraelcancer.cat\\\/es\\\/#website\",\"url\":\"https:\\\/\\\/juntscontraelcancer.cat\\\/es\\\/\",\"name\":\"Junts contra el c\u00e0ncer - FECEC\",\"description\":\"\",\"publisher\":{\"@id\":\"https:\\\/\\\/juntscontraelcancer.cat\\\/es\\\/#organization\"},\"potentialAction\":[{\"@type\":\"SearchAction\",\"target\":{\"@type\":\"EntryPoint\",\"urlTemplate\":\"https:\\\/\\\/juntscontraelcancer.cat\\\/es\\\/?s={search_term_string}\"},\"query-input\":{\"@type\":\"PropertyValueSpecification\",\"valueRequired\":true,\"valueName\":\"search_term_string\"}}],\"inLanguage\":\"es\"},{\"@type\":\"Organization\",\"@id\":\"https:\\\/\\\/juntscontraelcancer.cat\\\/es\\\/#organization\",\"name\":\"Junts contra el c\u00e0ncer - FECEC\",\"url\":\"https:\\\/\\\/juntscontraelcancer.cat\\\/es\\\/\",\"logo\":{\"@type\":\"ImageObject\",\"inLanguage\":\"es\",\"@id\":\"https:\\\/\\\/juntscontraelcancer.cat\\\/es\\\/#\\\/schema\\\/logo\\\/image\\\/\",\"url\":\"https:\\\/\\\/juntscontraelcancer.cat\\\/wp-content\\\/uploads\\\/2023\\\/01\\\/logo-fecec-header.png\",\"contentUrl\":\"https:\\\/\\\/juntscontraelcancer.cat\\\/wp-content\\\/uploads\\\/2023\\\/01\\\/logo-fecec-header.png\",\"width\":126,\"height\":74,\"caption\":\"Junts contra el c\u00e0ncer - FECEC\"},\"image\":{\"@id\":\"https:\\\/\\\/juntscontraelcancer.cat\\\/es\\\/#\\\/schema\\\/logo\\\/image\\\/\"},\"sameAs\":[\"https:\\\/\\\/www.facebook.com\\\/fecec.federacio\\\/\",\"https:\\\/\\\/x.com\\\/FececFederacio\",\"https:\\\/\\\/www.instagram.com\\\/fececfederacio\\\/?hl=es\",\"https:\\\/\\\/www.youtube.com\\\/channel\\\/UCgAC_6c6hmHwMQhSCQyYBdA\"]},{\"@type\":\"Person\",\"@id\":\"https:\\\/\\\/juntscontraelcancer.cat\\\/es\\\/#\\\/schema\\\/person\\\/14c85cb9b3aeddea8f9087bea375813f\",\"name\":\"Pukkas\",\"image\":{\"@type\":\"ImageObject\",\"inLanguage\":\"es\",\"@id\":\"https:\\\/\\\/secure.gravatar.com\\\/avatar\\\/7433209641beafe57dbfd32b83f1c28fb7da2f23c98b47d02c7623ce350a0e9f?s=96&d=mm&r=g\",\"url\":\"https:\\\/\\\/secure.gravatar.com\\\/avatar\\\/7433209641beafe57dbfd32b83f1c28fb7da2f23c98b47d02c7623ce350a0e9f?s=96&d=mm&r=g\",\"contentUrl\":\"https:\\\/\\\/secure.gravatar.com\\\/avatar\\\/7433209641beafe57dbfd32b83f1c28fb7da2f23c98b47d02c7623ce350a0e9f?s=96&d=mm&r=g\",\"caption\":\"Pukkas\"},\"sameAs\":[\"https:\\\/\\\/juntscontraelcancer.cat\"]}]}<\/script>\n<!-- \/ Yoast SEO plugin. -->","yoast_head_json":{"title":"1 y 2 de febrero: arranca la campa\u00f1a 'Posem-li pebrots al c\u00e0ncer' 2019 - Junts contra el c\u00e0ncer - FECEC","robots":{"index":"index","follow":"follow","max-snippet":"max-snippet:-1","max-image-preview":"max-image-preview:large","max-video-preview":"max-video-preview:-1"},"canonical":"https:\/\/juntscontraelcancer.cat\/es\/1-y-2-de-febrero-arranca-la-campana-posem-li-pebrots-al-cancer-2019\/","og_locale":"es_ES","og_type":"article","og_title":"1 y 2 de febrero: arranca la campa\u00f1a 'Posem-li pebrots al c\u00e0ncer' 2019 - Junts contra el c\u00e0ncer - FECEC","og_description":"La campa\u00f1a de la FECEC llega a los supermercados Condis donde se distribuyen bolsas de pimientos entre los clientes de la cadena a un precio simb\u00f3lico de un euro y medio.","og_url":"https:\/\/juntscontraelcancer.cat\/es\/1-y-2-de-febrero-arranca-la-campana-posem-li-pebrots-al-cancer-2019\/","og_site_name":"Junts contra el c\u00e0ncer - FECEC","article_publisher":"https:\/\/www.facebook.com\/fecec.federacio\/","article_published_time":"2019-01-13T22:00:00+00:00","article_modified_time":"2023-06-08T08:42:49+00:00","og_image":[{"width":354,"height":145,"url":"https:\/\/juntscontraelcancer.cat\/wp-content\/uploads\/2023\/04\/1.-destacat-pebrots-2019.jpg","type":"image\/jpeg"}],"author":"Pukkas","twitter_card":"summary_large_image","twitter_creator":"@FececFederacio","twitter_site":"@FececFederacio","twitter_misc":{"Escrito por":"Pukkas","Tiempo de lectura":"1 minuto"},"schema":{"@context":"https:\/\/schema.org","@graph":[{"@type":"Article","@id":"https:\/\/juntscontraelcancer.cat\/es\/1-y-2-de-febrero-arranca-la-campana-posem-li-pebrots-al-cancer-2019\/#article","isPartOf":{"@id":"https:\/\/juntscontraelcancer.cat\/es\/1-y-2-de-febrero-arranca-la-campana-posem-li-pebrots-al-cancer-2019\/"},"author":{"name":"Pukkas","@id":"https:\/\/juntscontraelcancer.cat\/es\/#\/schema\/person\/14c85cb9b3aeddea8f9087bea375813f"},"headline":"1 y 2 de febrero: arranca la campa\u00f1a &#8216;Posem-li pebrots al c\u00e0ncer&#8217; 2019","datePublished":"2019-01-13T22:00:00+00:00","dateModified":"2023-06-08T08:42:49+00:00","mainEntityOfPage":{"@id":"https:\/\/juntscontraelcancer.cat\/es\/1-y-2-de-febrero-arranca-la-campana-posem-li-pebrots-al-cancer-2019\/"},"wordCount":266,"publisher":{"@id":"https:\/\/juntscontraelcancer.cat\/es\/#organization"},"image":{"@id":"https:\/\/juntscontraelcancer.cat\/es\/1-y-2-de-febrero-arranca-la-campana-posem-li-pebrots-al-cancer-2019\/#primaryimage"},"thumbnailUrl":"https:\/\/juntscontraelcancer.cat\/wp-content\/uploads\/2023\/04\/1.-destacat-pebrots-2019.jpg","articleSection":["Actualidad","Actualitat","Destacadas","Destacats"],"inLanguage":"es"},{"@type":"WebPage","@id":"https:\/\/juntscontraelcancer.cat\/es\/1-y-2-de-febrero-arranca-la-campana-posem-li-pebrots-al-cancer-2019\/","url":"https:\/\/juntscontraelcancer.cat\/es\/1-y-2-de-febrero-arranca-la-campana-posem-li-pebrots-al-cancer-2019\/","name":"1 y 2 de febrero: arranca la campa\u00f1a 'Posem-li pebrots al c\u00e0ncer' 2019 - Junts contra el c\u00e0ncer - FECEC","isPartOf":{"@id":"https:\/\/juntscontraelcancer.cat\/es\/#website"},"primaryImageOfPage":{"@id":"https:\/\/juntscontraelcancer.cat\/es\/1-y-2-de-febrero-arranca-la-campana-posem-li-pebrots-al-cancer-2019\/#primaryimage"},"image":{"@id":"https:\/\/juntscontraelcancer.cat\/es\/1-y-2-de-febrero-arranca-la-campana-posem-li-pebrots-al-cancer-2019\/#primaryimage"},"thumbnailUrl":"https:\/\/juntscontraelcancer.cat\/wp-content\/uploads\/2023\/04\/1.-destacat-pebrots-2019.jpg","datePublished":"2019-01-13T22:00:00+00:00","dateModified":"2023-06-08T08:42:49+00:00","breadcrumb":{"@id":"https:\/\/juntscontraelcancer.cat\/es\/1-y-2-de-febrero-arranca-la-campana-posem-li-pebrots-al-cancer-2019\/#breadcrumb"},"inLanguage":"es","potentialAction":[{"@type":"ReadAction","target":["https:\/\/juntscontraelcancer.cat\/es\/1-y-2-de-febrero-arranca-la-campana-posem-li-pebrots-al-cancer-2019\/"]}]},{"@type":"ImageObject","inLanguage":"es","@id":"https:\/\/juntscontraelcancer.cat\/es\/1-y-2-de-febrero-arranca-la-campana-posem-li-pebrots-al-cancer-2019\/#primaryimage","url":"https:\/\/juntscontraelcancer.cat\/wp-content\/uploads\/2023\/04\/1.-destacat-pebrots-2019.jpg","contentUrl":"https:\/\/juntscontraelcancer.cat\/wp-content\/uploads\/2023\/04\/1.-destacat-pebrots-2019.jpg","width":354,"height":145},{"@type":"BreadcrumbList","@id":"https:\/\/juntscontraelcancer.cat\/es\/1-y-2-de-febrero-arranca-la-campana-posem-li-pebrots-al-cancer-2019\/#breadcrumb","itemListElement":[{"@type":"ListItem","position":1,"name":"Inicio","item":"https:\/\/juntscontraelcancer.cat\/es\/"},{"@type":"ListItem","position":2,"name":"1 y 2 de febrero: arranca la campa\u00f1a &#8216;Posem-li pebrots al c\u00e0ncer&#8217; 2019"}]},{"@type":"WebSite","@id":"https:\/\/juntscontraelcancer.cat\/es\/#website","url":"https:\/\/juntscontraelcancer.cat\/es\/","name":"Junts contra el c\u00e0ncer - FECEC","description":"","publisher":{"@id":"https:\/\/juntscontraelcancer.cat\/es\/#organization"},"potentialAction":[{"@type":"SearchAction","target":{"@type":"EntryPoint","urlTemplate":"https:\/\/juntscontraelcancer.cat\/es\/?s={search_term_string}"},"query-input":{"@type":"PropertyValueSpecification","valueRequired":true,"valueName":"search_term_string"}}],"inLanguage":"es"},{"@type":"Organization","@id":"https:\/\/juntscontraelcancer.cat\/es\/#organization","name":"Junts contra el c\u00e0ncer - FECEC","url":"https:\/\/juntscontraelcancer.cat\/es\/","logo":{"@type":"ImageObject","inLanguage":"es","@id":"https:\/\/juntscontraelcancer.cat\/es\/#\/schema\/logo\/image\/","url":"https:\/\/juntscontraelcancer.cat\/wp-content\/uploads\/2023\/01\/logo-fecec-header.png","contentUrl":"https:\/\/juntscontraelcancer.cat\/wp-content\/uploads\/2023\/01\/logo-fecec-header.png","width":126,"height":74,"caption":"Junts contra el c\u00e0ncer - FECEC"},"image":{"@id":"https:\/\/juntscontraelcancer.cat\/es\/#\/schema\/logo\/image\/"},"sameAs":["https:\/\/www.facebook.com\/fecec.federacio\/","https:\/\/x.com\/FececFederacio","https:\/\/www.instagram.com\/fececfederacio\/?hl=es","https:\/\/www.youtube.com\/channel\/UCgAC_6c6hmHwMQhSCQyYBdA"]},{"@type":"Person","@id":"https:\/\/juntscontraelcancer.cat\/es\/#\/schema\/person\/14c85cb9b3aeddea8f9087bea375813f","name":"Pukkas","image":{"@type":"ImageObject","inLanguage":"es","@id":"https:\/\/secure.gravatar.com\/avatar\/7433209641beafe57dbfd32b83f1c28fb7da2f23c98b47d02c7623ce350a0e9f?s=96&d=mm&r=g","url":"https:\/\/secure.gravatar.com\/avatar\/7433209641beafe57dbfd32b83f1c28fb7da2f23c98b47d02c7623ce350a0e9f?s=96&d=mm&r=g","contentUrl":"https:\/\/secure.gravatar.com\/avatar\/7433209641beafe57dbfd32b83f1c28fb7da2f23c98b47d02c7623ce350a0e9f?s=96&d=mm&r=g","caption":"Pukkas"},"sameAs":["https:\/\/juntscontraelcancer.cat"]}]}},"_links":{"self":[{"href":"https:\/\/juntscontraelcancer.cat\/es\/wp-json\/wp\/v2\/posts\/14513","targetHints":{"allow":["GET"]}}],"collection":[{"href":"https:\/\/juntscontraelcancer.cat\/es\/wp-json\/wp\/v2\/posts"}],"about":[{"href":"https:\/\/juntscontraelcancer.cat\/es\/wp-json\/wp\/v2\/types\/post"}],"author":[{"embeddable":true,"href":"https:\/\/juntscontraelcancer.cat\/es\/wp-json\/wp\/v2\/users\/1"}],"replies":[{"embeddable":true,"href":"https:\/\/juntscontraelcancer.cat\/es\/wp-json\/wp\/v2\/comments?post=14513"}],"version-history":[{"count":1,"href":"https:\/\/juntscontraelcancer.cat\/es\/wp-json\/wp\/v2\/posts\/14513\/revisions"}],"predecessor-version":[{"id":25084,"href":"https:\/\/juntscontraelcancer.cat\/es\/wp-json\/wp\/v2\/posts\/14513\/revisions\/25084"}],"wp:featuredmedia":[{"embeddable":true,"href":"https:\/\/juntscontraelcancer.cat\/es\/wp-json\/wp\/v2\/media\/14514"}],"wp:attachment":[{"href":"https:\/\/juntscontraelcancer.cat\/es\/wp-json\/wp\/v2\/media?parent=14513"}],"wp:term":[{"taxonomy":"category","embeddable":true,"href":"https:\/\/juntscontraelcancer.cat\/es\/wp-json\/wp\/v2\/categories?post=14513"},{"taxonomy":"post_tag","embeddable":true,"href":"https:\/\/juntscontraelcancer.cat\/es\/wp-json\/wp\/v2\/tags?post=14513"}],"curies":[{"name":"wp","href":"https:\/\/api.w.org\/{rel}","templated":true}]}}