{"id":14493,"date":"2018-11-16T00:00:00","date_gmt":"2018-11-15T22:00:00","guid":{"rendered":"https:\/\/junts.enproceso.es\/la-fecec-asiste-a-berlin-para-participar-en-la-conferencia-anual-y-al-pswg-de-la-ecl\/"},"modified":"2023-06-08T10:47:08","modified_gmt":"2023-06-08T08:47:08","slug":"la-fecec-asiste-a-berlin-para-participar-en-la-conferencia-anual-y-al-pswg-de-la-ecl","status":"publish","type":"post","link":"https:\/\/juntscontraelcancer.cat\/es\/la-fecec-asiste-a-berlin-para-participar-en-la-conferencia-anual-y-al-pswg-de-la-ecl\/","title":{"rendered":"La FECEC asiste a Berl\u00edn para participar en la confer\u00e8ncia anual y al PSWG de la ECL"},"content":{"rendered":"<p>La European Cancer Leagues &#8216;celebr\u00f3 del 12 al 16 de noviembre en Berl\u00edn la conferencia anual de esta liga europea, de la que la FECEC es miembro desde 2014. En el marco de esta jornada anual, se celebr\u00f3 tambi\u00e9n la reuni\u00f3n del grupo de trabajo &#8216;Patient Support Working Group&#8217; (PSWG).<\/p>\n<p><img loading=\"lazy\" decoding=\"async\" class=\"size-full wp-image-33434 aligncenter\" src=\"https:\/\/juntscontraelcancer.cat\/wp-content\/uploads\/2023\/04\/ECL_berlin.jpeg\" alt=\"ECL_berlin\" width=\"550\" height=\"310\" \/><\/p>\n<p>La mejora de la comunicaci\u00f3n y el apoyo por parte de los profesionales hacia los pacientes, la gesti\u00f3n de las relaciones de pareja durante y despu\u00e9s del tratamiento de c\u00e1ncer y la gesti\u00f3n de equipos de voluntariado fueron los principales puntos que se trataron en el marco del PSWG.<\/p>\n<p>Dentro de este contexto, la gerente de la FECEC, Clara Ros\u00e0s present\u00f3 el d\u00eda 12 en el resto de entidades europeas la gu\u00eda que el grupo tiene en marcha sobre &#8216;Regreso al trabajo despu\u00e9s del c\u00e1ncer&#8217; dirigida a empresarios.<\/p>\n<p>La supervivencia fue otro de los aspectos que se trataron en estas sesiones de trabajo y en este sentido, tambi\u00e9n se consensu\u00f3 que la gesti\u00f3n de las personas que han superado un c\u00e1ncer es uno de los principales retos que hay que abordar.<\/p>\n<p>Dentro de la ECL, la FECEC trabaja en tres grupos de trabajo: uno enfocado a los pacientes, el otro en el acceso a las medicinas y el de prevenci\u00f3n. Precisamente, en este encuentro anual tambi\u00e9n se trat\u00f3 sobre c\u00f3mo se pueden abordar pol\u00edticas para mejorar las desigualdades en el acceso a los medicamentos y establecer medidas para resolver la problem\u00e1tica sobre los altos precios de los tratamientos de c\u00e1ncer.<\/p>\n<p>&nbsp;<\/p>\n","protected":false},"excerpt":{"rendered":"<p>La mejora de la comunicaci\u00f3n y el apoyo por parte de los profesionales hacia los pacientes, la gesti\u00f3n de las relaciones de pareja durante y despu\u00e9s del tratamiento de c\u00e1ncer y la gesti\u00f3n de equipos de voluntariado fueron los principales puntos que se trataron en el marco del PSWG.<\/p>\n","protected":false},"author":1,"featured_media":10173,"comment_status":"closed","ping_status":"open","sticky":false,"template":"","format":"standard","meta":{"_acf_changed":false,"inline_featured_image":false,"footnotes":""},"categories":[84,3,86,68],"tags":[],"class_list":["post-14493","post","type-post","status-publish","format-standard","has-post-thumbnail","hentry","category-actualidad","category-actualitat","category-destacadas","category-destaquem"],"acf":[],"yoast_head":"<!-- This site is optimized with the Yoast SEO plugin v27.3 - https:\/\/yoast.com\/product\/yoast-seo-wordpress\/ -->\n<title>La FECEC asiste a Berl\u00edn para participar en la confer\u00e8ncia anual y al PSWG de la ECL - Junts contra el c\u00e0ncer - FECEC<\/title>\n<meta name=\"robots\" content=\"index, follow, max-snippet:-1, max-image-preview:large, max-video-preview:-1\" \/>\n<link rel=\"canonical\" href=\"https:\/\/juntscontraelcancer.cat\/es\/la-fecec-asiste-a-berlin-para-participar-en-la-conferencia-anual-y-al-pswg-de-la-ecl\/\" \/>\n<meta property=\"og:locale\" content=\"es_ES\" \/>\n<meta property=\"og:type\" content=\"article\" \/>\n<meta property=\"og:title\" content=\"La FECEC asiste a Berl\u00edn para participar en la confer\u00e8ncia anual y al PSWG de la ECL - Junts contra el c\u00e0ncer - FECEC\" \/>\n<meta property=\"og:description\" content=\"La mejora de la comunicaci\u00f3n y el apoyo por parte de los profesionales hacia los pacientes, la gesti\u00f3n de las relaciones de pareja durante y despu\u00e9s del tratamiento de c\u00e1ncer y la gesti\u00f3n de equipos de voluntariado fueron los principales puntos que se trataron en el marco del PSWG.\" \/>\n<meta property=\"og:url\" content=\"https:\/\/juntscontraelcancer.cat\/es\/la-fecec-asiste-a-berlin-para-participar-en-la-conferencia-anual-y-al-pswg-de-la-ecl\/\" \/>\n<meta property=\"og:site_name\" content=\"Junts contra el c\u00e0ncer - FECEC\" \/>\n<meta property=\"article:publisher\" content=\"https:\/\/www.facebook.com\/fecec.federacio\/\" \/>\n<meta property=\"article:published_time\" content=\"2018-11-15T22:00:00+00:00\" \/>\n<meta property=\"article:modified_time\" content=\"2023-06-08T08:47:08+00:00\" \/>\n<meta property=\"og:image\" content=\"https:\/\/juntscontraelcancer.cat\/wp-content\/uploads\/2023\/04\/ECL_berlin-1.jpeg\" \/>\n\t<meta property=\"og:image:width\" content=\"550\" \/>\n\t<meta property=\"og:image:height\" content=\"310\" \/>\n\t<meta property=\"og:image:type\" content=\"image\/jpeg\" \/>\n<meta name=\"author\" content=\"Pukkas\" \/>\n<meta name=\"twitter:card\" content=\"summary_large_image\" \/>\n<meta name=\"twitter:creator\" content=\"@FececFederacio\" \/>\n<meta name=\"twitter:site\" content=\"@FececFederacio\" \/>\n<meta name=\"twitter:label1\" content=\"Escrito por\" \/>\n\t<meta name=\"twitter:data1\" content=\"Pukkas\" \/>\n\t<meta name=\"twitter:label2\" content=\"Tiempo de lectura\" \/>\n\t<meta name=\"twitter:data2\" content=\"1 minuto\" \/>\n<script type=\"application\/ld+json\" class=\"yoast-schema-graph\">{\"@context\":\"https:\\\/\\\/schema.org\",\"@graph\":[{\"@type\":\"Article\",\"@id\":\"https:\\\/\\\/juntscontraelcancer.cat\\\/es\\\/la-fecec-asiste-a-berlin-para-participar-en-la-conferencia-anual-y-al-pswg-de-la-ecl\\\/#article\",\"isPartOf\":{\"@id\":\"https:\\\/\\\/juntscontraelcancer.cat\\\/es\\\/la-fecec-asiste-a-berlin-para-participar-en-la-conferencia-anual-y-al-pswg-de-la-ecl\\\/\"},\"author\":{\"name\":\"Pukkas\",\"@id\":\"https:\\\/\\\/juntscontraelcancer.cat\\\/es\\\/#\\\/schema\\\/person\\\/14c85cb9b3aeddea8f9087bea375813f\"},\"headline\":\"La FECEC asiste a Berl\u00edn para participar en la confer\u00e8ncia anual y al PSWG de la ECL\",\"datePublished\":\"2018-11-15T22:00:00+00:00\",\"dateModified\":\"2023-06-08T08:47:08+00:00\",\"mainEntityOfPage\":{\"@id\":\"https:\\\/\\\/juntscontraelcancer.cat\\\/es\\\/la-fecec-asiste-a-berlin-para-participar-en-la-conferencia-anual-y-al-pswg-de-la-ecl\\\/\"},\"wordCount\":288,\"publisher\":{\"@id\":\"https:\\\/\\\/juntscontraelcancer.cat\\\/es\\\/#organization\"},\"image\":{\"@id\":\"https:\\\/\\\/juntscontraelcancer.cat\\\/es\\\/la-fecec-asiste-a-berlin-para-participar-en-la-conferencia-anual-y-al-pswg-de-la-ecl\\\/#primaryimage\"},\"thumbnailUrl\":\"https:\\\/\\\/juntscontraelcancer.cat\\\/wp-content\\\/uploads\\\/2023\\\/04\\\/ECL_berlin-1.jpeg\",\"articleSection\":[\"Actualidad\",\"Actualitat\",\"Destacadas\",\"Destacats\"],\"inLanguage\":\"es\"},{\"@type\":\"WebPage\",\"@id\":\"https:\\\/\\\/juntscontraelcancer.cat\\\/es\\\/la-fecec-asiste-a-berlin-para-participar-en-la-conferencia-anual-y-al-pswg-de-la-ecl\\\/\",\"url\":\"https:\\\/\\\/juntscontraelcancer.cat\\\/es\\\/la-fecec-asiste-a-berlin-para-participar-en-la-conferencia-anual-y-al-pswg-de-la-ecl\\\/\",\"name\":\"La FECEC asiste a Berl\u00edn para participar en la confer\u00e8ncia anual y al PSWG de la ECL - Junts contra el c\u00e0ncer - FECEC\",\"isPartOf\":{\"@id\":\"https:\\\/\\\/juntscontraelcancer.cat\\\/es\\\/#website\"},\"primaryImageOfPage\":{\"@id\":\"https:\\\/\\\/juntscontraelcancer.cat\\\/es\\\/la-fecec-asiste-a-berlin-para-participar-en-la-conferencia-anual-y-al-pswg-de-la-ecl\\\/#primaryimage\"},\"image\":{\"@id\":\"https:\\\/\\\/juntscontraelcancer.cat\\\/es\\\/la-fecec-asiste-a-berlin-para-participar-en-la-conferencia-anual-y-al-pswg-de-la-ecl\\\/#primaryimage\"},\"thumbnailUrl\":\"https:\\\/\\\/juntscontraelcancer.cat\\\/wp-content\\\/uploads\\\/2023\\\/04\\\/ECL_berlin-1.jpeg\",\"datePublished\":\"2018-11-15T22:00:00+00:00\",\"dateModified\":\"2023-06-08T08:47:08+00:00\",\"breadcrumb\":{\"@id\":\"https:\\\/\\\/juntscontraelcancer.cat\\\/es\\\/la-fecec-asiste-a-berlin-para-participar-en-la-conferencia-anual-y-al-pswg-de-la-ecl\\\/#breadcrumb\"},\"inLanguage\":\"es\",\"potentialAction\":[{\"@type\":\"ReadAction\",\"target\":[\"https:\\\/\\\/juntscontraelcancer.cat\\\/es\\\/la-fecec-asiste-a-berlin-para-participar-en-la-conferencia-anual-y-al-pswg-de-la-ecl\\\/\"]}]},{\"@type\":\"ImageObject\",\"inLanguage\":\"es\",\"@id\":\"https:\\\/\\\/juntscontraelcancer.cat\\\/es\\\/la-fecec-asiste-a-berlin-para-participar-en-la-conferencia-anual-y-al-pswg-de-la-ecl\\\/#primaryimage\",\"url\":\"https:\\\/\\\/juntscontraelcancer.cat\\\/wp-content\\\/uploads\\\/2023\\\/04\\\/ECL_berlin-1.jpeg\",\"contentUrl\":\"https:\\\/\\\/juntscontraelcancer.cat\\\/wp-content\\\/uploads\\\/2023\\\/04\\\/ECL_berlin-1.jpeg\",\"width\":550,\"height\":310},{\"@type\":\"BreadcrumbList\",\"@id\":\"https:\\\/\\\/juntscontraelcancer.cat\\\/es\\\/la-fecec-asiste-a-berlin-para-participar-en-la-conferencia-anual-y-al-pswg-de-la-ecl\\\/#breadcrumb\",\"itemListElement\":[{\"@type\":\"ListItem\",\"position\":1,\"name\":\"Inicio\",\"item\":\"https:\\\/\\\/juntscontraelcancer.cat\\\/es\\\/\"},{\"@type\":\"ListItem\",\"position\":2,\"name\":\"La FECEC asiste a Berl\u00edn para participar en la confer\u00e8ncia anual y al PSWG de la ECL\"}]},{\"@type\":\"WebSite\",\"@id\":\"https:\\\/\\\/juntscontraelcancer.cat\\\/es\\\/#website\",\"url\":\"https:\\\/\\\/juntscontraelcancer.cat\\\/es\\\/\",\"name\":\"Junts contra el c\u00e0ncer - FECEC\",\"description\":\"\",\"publisher\":{\"@id\":\"https:\\\/\\\/juntscontraelcancer.cat\\\/es\\\/#organization\"},\"potentialAction\":[{\"@type\":\"SearchAction\",\"target\":{\"@type\":\"EntryPoint\",\"urlTemplate\":\"https:\\\/\\\/juntscontraelcancer.cat\\\/es\\\/?s={search_term_string}\"},\"query-input\":{\"@type\":\"PropertyValueSpecification\",\"valueRequired\":true,\"valueName\":\"search_term_string\"}}],\"inLanguage\":\"es\"},{\"@type\":\"Organization\",\"@id\":\"https:\\\/\\\/juntscontraelcancer.cat\\\/es\\\/#organization\",\"name\":\"Junts contra el c\u00e0ncer - FECEC\",\"url\":\"https:\\\/\\\/juntscontraelcancer.cat\\\/es\\\/\",\"logo\":{\"@type\":\"ImageObject\",\"inLanguage\":\"es\",\"@id\":\"https:\\\/\\\/juntscontraelcancer.cat\\\/es\\\/#\\\/schema\\\/logo\\\/image\\\/\",\"url\":\"https:\\\/\\\/juntscontraelcancer.cat\\\/wp-content\\\/uploads\\\/2023\\\/01\\\/logo-fecec-header.png\",\"contentUrl\":\"https:\\\/\\\/juntscontraelcancer.cat\\\/wp-content\\\/uploads\\\/2023\\\/01\\\/logo-fecec-header.png\",\"width\":126,\"height\":74,\"caption\":\"Junts contra el c\u00e0ncer - FECEC\"},\"image\":{\"@id\":\"https:\\\/\\\/juntscontraelcancer.cat\\\/es\\\/#\\\/schema\\\/logo\\\/image\\\/\"},\"sameAs\":[\"https:\\\/\\\/www.facebook.com\\\/fecec.federacio\\\/\",\"https:\\\/\\\/x.com\\\/FececFederacio\",\"https:\\\/\\\/www.instagram.com\\\/fececfederacio\\\/?hl=es\",\"https:\\\/\\\/www.youtube.com\\\/channel\\\/UCgAC_6c6hmHwMQhSCQyYBdA\"]},{\"@type\":\"Person\",\"@id\":\"https:\\\/\\\/juntscontraelcancer.cat\\\/es\\\/#\\\/schema\\\/person\\\/14c85cb9b3aeddea8f9087bea375813f\",\"name\":\"Pukkas\",\"image\":{\"@type\":\"ImageObject\",\"inLanguage\":\"es\",\"@id\":\"https:\\\/\\\/secure.gravatar.com\\\/avatar\\\/7433209641beafe57dbfd32b83f1c28fb7da2f23c98b47d02c7623ce350a0e9f?s=96&d=mm&r=g\",\"url\":\"https:\\\/\\\/secure.gravatar.com\\\/avatar\\\/7433209641beafe57dbfd32b83f1c28fb7da2f23c98b47d02c7623ce350a0e9f?s=96&d=mm&r=g\",\"contentUrl\":\"https:\\\/\\\/secure.gravatar.com\\\/avatar\\\/7433209641beafe57dbfd32b83f1c28fb7da2f23c98b47d02c7623ce350a0e9f?s=96&d=mm&r=g\",\"caption\":\"Pukkas\"},\"sameAs\":[\"https:\\\/\\\/juntscontraelcancer.cat\"]}]}<\/script>\n<!-- \/ Yoast SEO plugin. -->","yoast_head_json":{"title":"La FECEC asiste a Berl\u00edn para participar en la confer\u00e8ncia anual y al PSWG de la ECL - Junts contra el c\u00e0ncer - FECEC","robots":{"index":"index","follow":"follow","max-snippet":"max-snippet:-1","max-image-preview":"max-image-preview:large","max-video-preview":"max-video-preview:-1"},"canonical":"https:\/\/juntscontraelcancer.cat\/es\/la-fecec-asiste-a-berlin-para-participar-en-la-conferencia-anual-y-al-pswg-de-la-ecl\/","og_locale":"es_ES","og_type":"article","og_title":"La FECEC asiste a Berl\u00edn para participar en la confer\u00e8ncia anual y al PSWG de la ECL - Junts contra el c\u00e0ncer - FECEC","og_description":"La mejora de la comunicaci\u00f3n y el apoyo por parte de los profesionales hacia los pacientes, la gesti\u00f3n de las relaciones de pareja durante y despu\u00e9s del tratamiento de c\u00e1ncer y la gesti\u00f3n de equipos de voluntariado fueron los principales puntos que se trataron en el marco del PSWG.","og_url":"https:\/\/juntscontraelcancer.cat\/es\/la-fecec-asiste-a-berlin-para-participar-en-la-conferencia-anual-y-al-pswg-de-la-ecl\/","og_site_name":"Junts contra el c\u00e0ncer - FECEC","article_publisher":"https:\/\/www.facebook.com\/fecec.federacio\/","article_published_time":"2018-11-15T22:00:00+00:00","article_modified_time":"2023-06-08T08:47:08+00:00","og_image":[{"width":550,"height":310,"url":"https:\/\/juntscontraelcancer.cat\/wp-content\/uploads\/2023\/04\/ECL_berlin-1.jpeg","type":"image\/jpeg"}],"author":"Pukkas","twitter_card":"summary_large_image","twitter_creator":"@FececFederacio","twitter_site":"@FececFederacio","twitter_misc":{"Escrito por":"Pukkas","Tiempo de lectura":"1 minuto"},"schema":{"@context":"https:\/\/schema.org","@graph":[{"@type":"Article","@id":"https:\/\/juntscontraelcancer.cat\/es\/la-fecec-asiste-a-berlin-para-participar-en-la-conferencia-anual-y-al-pswg-de-la-ecl\/#article","isPartOf":{"@id":"https:\/\/juntscontraelcancer.cat\/es\/la-fecec-asiste-a-berlin-para-participar-en-la-conferencia-anual-y-al-pswg-de-la-ecl\/"},"author":{"name":"Pukkas","@id":"https:\/\/juntscontraelcancer.cat\/es\/#\/schema\/person\/14c85cb9b3aeddea8f9087bea375813f"},"headline":"La FECEC asiste a Berl\u00edn para participar en la confer\u00e8ncia anual y al PSWG de la ECL","datePublished":"2018-11-15T22:00:00+00:00","dateModified":"2023-06-08T08:47:08+00:00","mainEntityOfPage":{"@id":"https:\/\/juntscontraelcancer.cat\/es\/la-fecec-asiste-a-berlin-para-participar-en-la-conferencia-anual-y-al-pswg-de-la-ecl\/"},"wordCount":288,"publisher":{"@id":"https:\/\/juntscontraelcancer.cat\/es\/#organization"},"image":{"@id":"https:\/\/juntscontraelcancer.cat\/es\/la-fecec-asiste-a-berlin-para-participar-en-la-conferencia-anual-y-al-pswg-de-la-ecl\/#primaryimage"},"thumbnailUrl":"https:\/\/juntscontraelcancer.cat\/wp-content\/uploads\/2023\/04\/ECL_berlin-1.jpeg","articleSection":["Actualidad","Actualitat","Destacadas","Destacats"],"inLanguage":"es"},{"@type":"WebPage","@id":"https:\/\/juntscontraelcancer.cat\/es\/la-fecec-asiste-a-berlin-para-participar-en-la-conferencia-anual-y-al-pswg-de-la-ecl\/","url":"https:\/\/juntscontraelcancer.cat\/es\/la-fecec-asiste-a-berlin-para-participar-en-la-conferencia-anual-y-al-pswg-de-la-ecl\/","name":"La FECEC asiste a Berl\u00edn para participar en la confer\u00e8ncia anual y al PSWG de la ECL - Junts contra el c\u00e0ncer - FECEC","isPartOf":{"@id":"https:\/\/juntscontraelcancer.cat\/es\/#website"},"primaryImageOfPage":{"@id":"https:\/\/juntscontraelcancer.cat\/es\/la-fecec-asiste-a-berlin-para-participar-en-la-conferencia-anual-y-al-pswg-de-la-ecl\/#primaryimage"},"image":{"@id":"https:\/\/juntscontraelcancer.cat\/es\/la-fecec-asiste-a-berlin-para-participar-en-la-conferencia-anual-y-al-pswg-de-la-ecl\/#primaryimage"},"thumbnailUrl":"https:\/\/juntscontraelcancer.cat\/wp-content\/uploads\/2023\/04\/ECL_berlin-1.jpeg","datePublished":"2018-11-15T22:00:00+00:00","dateModified":"2023-06-08T08:47:08+00:00","breadcrumb":{"@id":"https:\/\/juntscontraelcancer.cat\/es\/la-fecec-asiste-a-berlin-para-participar-en-la-conferencia-anual-y-al-pswg-de-la-ecl\/#breadcrumb"},"inLanguage":"es","potentialAction":[{"@type":"ReadAction","target":["https:\/\/juntscontraelcancer.cat\/es\/la-fecec-asiste-a-berlin-para-participar-en-la-conferencia-anual-y-al-pswg-de-la-ecl\/"]}]},{"@type":"ImageObject","inLanguage":"es","@id":"https:\/\/juntscontraelcancer.cat\/es\/la-fecec-asiste-a-berlin-para-participar-en-la-conferencia-anual-y-al-pswg-de-la-ecl\/#primaryimage","url":"https:\/\/juntscontraelcancer.cat\/wp-content\/uploads\/2023\/04\/ECL_berlin-1.jpeg","contentUrl":"https:\/\/juntscontraelcancer.cat\/wp-content\/uploads\/2023\/04\/ECL_berlin-1.jpeg","width":550,"height":310},{"@type":"BreadcrumbList","@id":"https:\/\/juntscontraelcancer.cat\/es\/la-fecec-asiste-a-berlin-para-participar-en-la-conferencia-anual-y-al-pswg-de-la-ecl\/#breadcrumb","itemListElement":[{"@type":"ListItem","position":1,"name":"Inicio","item":"https:\/\/juntscontraelcancer.cat\/es\/"},{"@type":"ListItem","position":2,"name":"La FECEC asiste a Berl\u00edn para participar en la confer\u00e8ncia anual y al PSWG de la ECL"}]},{"@type":"WebSite","@id":"https:\/\/juntscontraelcancer.cat\/es\/#website","url":"https:\/\/juntscontraelcancer.cat\/es\/","name":"Junts contra el c\u00e0ncer - FECEC","description":"","publisher":{"@id":"https:\/\/juntscontraelcancer.cat\/es\/#organization"},"potentialAction":[{"@type":"SearchAction","target":{"@type":"EntryPoint","urlTemplate":"https:\/\/juntscontraelcancer.cat\/es\/?s={search_term_string}"},"query-input":{"@type":"PropertyValueSpecification","valueRequired":true,"valueName":"search_term_string"}}],"inLanguage":"es"},{"@type":"Organization","@id":"https:\/\/juntscontraelcancer.cat\/es\/#organization","name":"Junts contra el c\u00e0ncer - FECEC","url":"https:\/\/juntscontraelcancer.cat\/es\/","logo":{"@type":"ImageObject","inLanguage":"es","@id":"https:\/\/juntscontraelcancer.cat\/es\/#\/schema\/logo\/image\/","url":"https:\/\/juntscontraelcancer.cat\/wp-content\/uploads\/2023\/01\/logo-fecec-header.png","contentUrl":"https:\/\/juntscontraelcancer.cat\/wp-content\/uploads\/2023\/01\/logo-fecec-header.png","width":126,"height":74,"caption":"Junts contra el c\u00e0ncer - FECEC"},"image":{"@id":"https:\/\/juntscontraelcancer.cat\/es\/#\/schema\/logo\/image\/"},"sameAs":["https:\/\/www.facebook.com\/fecec.federacio\/","https:\/\/x.com\/FececFederacio","https:\/\/www.instagram.com\/fececfederacio\/?hl=es","https:\/\/www.youtube.com\/channel\/UCgAC_6c6hmHwMQhSCQyYBdA"]},{"@type":"Person","@id":"https:\/\/juntscontraelcancer.cat\/es\/#\/schema\/person\/14c85cb9b3aeddea8f9087bea375813f","name":"Pukkas","image":{"@type":"ImageObject","inLanguage":"es","@id":"https:\/\/secure.gravatar.com\/avatar\/7433209641beafe57dbfd32b83f1c28fb7da2f23c98b47d02c7623ce350a0e9f?s=96&d=mm&r=g","url":"https:\/\/secure.gravatar.com\/avatar\/7433209641beafe57dbfd32b83f1c28fb7da2f23c98b47d02c7623ce350a0e9f?s=96&d=mm&r=g","contentUrl":"https:\/\/secure.gravatar.com\/avatar\/7433209641beafe57dbfd32b83f1c28fb7da2f23c98b47d02c7623ce350a0e9f?s=96&d=mm&r=g","caption":"Pukkas"},"sameAs":["https:\/\/juntscontraelcancer.cat"]}]}},"_links":{"self":[{"href":"https:\/\/juntscontraelcancer.cat\/es\/wp-json\/wp\/v2\/posts\/14493","targetHints":{"allow":["GET"]}}],"collection":[{"href":"https:\/\/juntscontraelcancer.cat\/es\/wp-json\/wp\/v2\/posts"}],"about":[{"href":"https:\/\/juntscontraelcancer.cat\/es\/wp-json\/wp\/v2\/types\/post"}],"author":[{"embeddable":true,"href":"https:\/\/juntscontraelcancer.cat\/es\/wp-json\/wp\/v2\/users\/1"}],"replies":[{"embeddable":true,"href":"https:\/\/juntscontraelcancer.cat\/es\/wp-json\/wp\/v2\/comments?post=14493"}],"version-history":[{"count":1,"href":"https:\/\/juntscontraelcancer.cat\/es\/wp-json\/wp\/v2\/posts\/14493\/revisions"}],"predecessor-version":[{"id":14494,"href":"https:\/\/juntscontraelcancer.cat\/es\/wp-json\/wp\/v2\/posts\/14493\/revisions\/14494"}],"wp:featuredmedia":[{"embeddable":true,"href":"https:\/\/juntscontraelcancer.cat\/es\/wp-json\/wp\/v2\/media\/10173"}],"wp:attachment":[{"href":"https:\/\/juntscontraelcancer.cat\/es\/wp-json\/wp\/v2\/media?parent=14493"}],"wp:term":[{"taxonomy":"category","embeddable":true,"href":"https:\/\/juntscontraelcancer.cat\/es\/wp-json\/wp\/v2\/categories?post=14493"},{"taxonomy":"post_tag","embeddable":true,"href":"https:\/\/juntscontraelcancer.cat\/es\/wp-json\/wp\/v2\/tags?post=14493"}],"curies":[{"name":"wp","href":"https:\/\/api.w.org\/{rel}","templated":true}]}}