{"id":14491,"date":"2018-11-16T00:00:00","date_gmt":"2018-11-15T22:00:00","guid":{"rendered":"https:\/\/junts.enproceso.es\/vi-congreso-del-tercer-sector-social-el-20-21-y-22-de-noviembre\/"},"modified":"2023-06-08T10:47:07","modified_gmt":"2023-06-08T08:47:07","slug":"vi-congreso-del-tercer-sector-social-el-20-21-y-22-de-noviembre","status":"publish","type":"post","link":"https:\/\/juntscontraelcancer.cat\/es\/vi-congreso-del-tercer-sector-social-el-20-21-y-22-de-noviembre\/","title":{"rendered":"VI Congreso del Tercer Sector Social el 20, 21 y 22 de noviembre"},"content":{"rendered":"<p>\u00abDesigualdades sociales, soluciones locales\u00bb es el lema del VI Congreso del Tercer Sector Social de Catalu\u00f1a, que se celebra el 20, 21 y 22 de noviembre en La Farga del Hospitalet.<\/p>\n<p><img loading=\"lazy\" decoding=\"async\" class=\"size-full wp-image-33428 aligncenter\" src=\"https:\/\/juntscontraelcancer.cat\/wp-content\/uploads\/2023\/04\/1.-congres-tercer-sector.jpg\" alt=\"1. congres tercer sector\" width=\"550\" height=\"203\" \/><\/p>\n<p>Es un paso adelante para ser un sector m\u00e1s fuerte, comprometido, reconocido e influyente en la mejora de la calidad de vida de colectivos vulnerables.<\/p>\n<p>El objetivo es hacer visible el trabajo de las entidades y poner de relieve la importancia de su interacci\u00f3n con las Administraciones locales para avanzar hacia una sociedad m\u00e1s justa, equitativa y solidaria. El Congreso contar\u00e1 con las siguientes iniciativas:<\/p>\n<ul>\n<li><strong>Conferencia inaugural<\/strong><\/li>\n<li><strong>2 coloquios<\/strong><\/li>\n<li><strong>7 debates<\/strong><\/li>\n<li><strong>Muestra de entidades<\/strong><\/li>\n<li><strong>Social Speakers &#8216;Corner: 84 experiencias innovadoras<\/strong><\/li>\n<li><strong>Espacio tecnol\u00f3gico m4Social: apps, rob\u00f3tica, realidad virtual, impresi\u00f3n 3D y circuitos en el \u00e1mbito social.<\/strong><\/li>\n<\/ul>\n<p>&nbsp;<\/p>\n<p><a href=\"http:\/\/congrestercersector.cat\/sites\/default\/files\/comunicacio\/programa_farga.pdf\"><strong>Desc\u00e1rgate el programa del congreso completo.<\/strong><\/a><\/p>\n","protected":false},"excerpt":{"rendered":"<p>El objetivo es hacer visible el trabajo de las entidades y poner de relieve la importancia de su interacci\u00f3n con las Administraciones locales para avanzar hacia una sociedad m\u00e1s justa, equitativa y solidaria.<\/p>\n","protected":false},"author":1,"featured_media":10169,"comment_status":"closed","ping_status":"open","sticky":false,"template":"","format":"standard","meta":{"_acf_changed":false,"inline_featured_image":false,"footnotes":""},"categories":[84,3,86,68],"tags":[],"class_list":["post-14491","post","type-post","status-publish","format-standard","has-post-thumbnail","hentry","category-actualidad","category-actualitat","category-destacadas","category-destaquem"],"acf":[],"yoast_head":"<!-- This site is optimized with the Yoast SEO plugin v27.3 - https:\/\/yoast.com\/product\/yoast-seo-wordpress\/ -->\n<title>VI Congreso del Tercer Sector Social el 20, 21 y 22 de noviembre - Junts contra el c\u00e0ncer - FECEC<\/title>\n<meta name=\"robots\" content=\"index, follow, max-snippet:-1, max-image-preview:large, max-video-preview:-1\" \/>\n<link rel=\"canonical\" href=\"https:\/\/juntscontraelcancer.cat\/es\/vi-congreso-del-tercer-sector-social-el-20-21-y-22-de-noviembre\/\" \/>\n<meta property=\"og:locale\" content=\"es_ES\" \/>\n<meta property=\"og:type\" content=\"article\" \/>\n<meta property=\"og:title\" content=\"VI Congreso del Tercer Sector Social el 20, 21 y 22 de noviembre - Junts contra el c\u00e0ncer - FECEC\" \/>\n<meta property=\"og:description\" content=\"El objetivo es hacer visible el trabajo de las entidades y poner de relieve la importancia de su interacci\u00f3n con las Administraciones locales para avanzar hacia una sociedad m\u00e1s justa, equitativa y solidaria.\" \/>\n<meta property=\"og:url\" content=\"https:\/\/juntscontraelcancer.cat\/es\/vi-congreso-del-tercer-sector-social-el-20-21-y-22-de-noviembre\/\" \/>\n<meta property=\"og:site_name\" content=\"Junts contra el c\u00e0ncer - FECEC\" \/>\n<meta property=\"article:publisher\" content=\"https:\/\/www.facebook.com\/fecec.federacio\/\" \/>\n<meta property=\"article:published_time\" content=\"2018-11-15T22:00:00+00:00\" \/>\n<meta property=\"article:modified_time\" content=\"2023-06-08T08:47:07+00:00\" \/>\n<meta property=\"og:image\" content=\"https:\/\/juntscontraelcancer.cat\/wp-content\/uploads\/2023\/04\/1.-congres-tercer-sector-1.jpg\" \/>\n\t<meta property=\"og:image:width\" content=\"550\" \/>\n\t<meta property=\"og:image:height\" content=\"203\" \/>\n\t<meta property=\"og:image:type\" content=\"image\/jpeg\" \/>\n<meta name=\"author\" content=\"Pukkas\" \/>\n<meta name=\"twitter:card\" content=\"summary_large_image\" \/>\n<meta name=\"twitter:creator\" content=\"@FececFederacio\" \/>\n<meta name=\"twitter:site\" content=\"@FececFederacio\" \/>\n<meta name=\"twitter:label1\" content=\"Escrito por\" \/>\n\t<meta name=\"twitter:data1\" content=\"Pukkas\" \/>\n\t<meta name=\"twitter:label2\" content=\"Tiempo de lectura\" \/>\n\t<meta name=\"twitter:data2\" content=\"1 minuto\" \/>\n<script type=\"application\/ld+json\" class=\"yoast-schema-graph\">{\"@context\":\"https:\\\/\\\/schema.org\",\"@graph\":[{\"@type\":\"Article\",\"@id\":\"https:\\\/\\\/juntscontraelcancer.cat\\\/es\\\/vi-congreso-del-tercer-sector-social-el-20-21-y-22-de-noviembre\\\/#article\",\"isPartOf\":{\"@id\":\"https:\\\/\\\/juntscontraelcancer.cat\\\/es\\\/vi-congreso-del-tercer-sector-social-el-20-21-y-22-de-noviembre\\\/\"},\"author\":{\"name\":\"Pukkas\",\"@id\":\"https:\\\/\\\/juntscontraelcancer.cat\\\/es\\\/#\\\/schema\\\/person\\\/14c85cb9b3aeddea8f9087bea375813f\"},\"headline\":\"VI Congreso del Tercer Sector Social el 20, 21 y 22 de noviembre\",\"datePublished\":\"2018-11-15T22:00:00+00:00\",\"dateModified\":\"2023-06-08T08:47:07+00:00\",\"mainEntityOfPage\":{\"@id\":\"https:\\\/\\\/juntscontraelcancer.cat\\\/es\\\/vi-congreso-del-tercer-sector-social-el-20-21-y-22-de-noviembre\\\/\"},\"wordCount\":146,\"publisher\":{\"@id\":\"https:\\\/\\\/juntscontraelcancer.cat\\\/es\\\/#organization\"},\"image\":{\"@id\":\"https:\\\/\\\/juntscontraelcancer.cat\\\/es\\\/vi-congreso-del-tercer-sector-social-el-20-21-y-22-de-noviembre\\\/#primaryimage\"},\"thumbnailUrl\":\"https:\\\/\\\/juntscontraelcancer.cat\\\/wp-content\\\/uploads\\\/2023\\\/04\\\/1.-congres-tercer-sector-1.jpg\",\"articleSection\":[\"Actualidad\",\"Actualitat\",\"Destacadas\",\"Destacats\"],\"inLanguage\":\"es\"},{\"@type\":\"WebPage\",\"@id\":\"https:\\\/\\\/juntscontraelcancer.cat\\\/es\\\/vi-congreso-del-tercer-sector-social-el-20-21-y-22-de-noviembre\\\/\",\"url\":\"https:\\\/\\\/juntscontraelcancer.cat\\\/es\\\/vi-congreso-del-tercer-sector-social-el-20-21-y-22-de-noviembre\\\/\",\"name\":\"VI Congreso del Tercer Sector Social el 20, 21 y 22 de noviembre - Junts contra el c\u00e0ncer - FECEC\",\"isPartOf\":{\"@id\":\"https:\\\/\\\/juntscontraelcancer.cat\\\/es\\\/#website\"},\"primaryImageOfPage\":{\"@id\":\"https:\\\/\\\/juntscontraelcancer.cat\\\/es\\\/vi-congreso-del-tercer-sector-social-el-20-21-y-22-de-noviembre\\\/#primaryimage\"},\"image\":{\"@id\":\"https:\\\/\\\/juntscontraelcancer.cat\\\/es\\\/vi-congreso-del-tercer-sector-social-el-20-21-y-22-de-noviembre\\\/#primaryimage\"},\"thumbnailUrl\":\"https:\\\/\\\/juntscontraelcancer.cat\\\/wp-content\\\/uploads\\\/2023\\\/04\\\/1.-congres-tercer-sector-1.jpg\",\"datePublished\":\"2018-11-15T22:00:00+00:00\",\"dateModified\":\"2023-06-08T08:47:07+00:00\",\"breadcrumb\":{\"@id\":\"https:\\\/\\\/juntscontraelcancer.cat\\\/es\\\/vi-congreso-del-tercer-sector-social-el-20-21-y-22-de-noviembre\\\/#breadcrumb\"},\"inLanguage\":\"es\",\"potentialAction\":[{\"@type\":\"ReadAction\",\"target\":[\"https:\\\/\\\/juntscontraelcancer.cat\\\/es\\\/vi-congreso-del-tercer-sector-social-el-20-21-y-22-de-noviembre\\\/\"]}]},{\"@type\":\"ImageObject\",\"inLanguage\":\"es\",\"@id\":\"https:\\\/\\\/juntscontraelcancer.cat\\\/es\\\/vi-congreso-del-tercer-sector-social-el-20-21-y-22-de-noviembre\\\/#primaryimage\",\"url\":\"https:\\\/\\\/juntscontraelcancer.cat\\\/wp-content\\\/uploads\\\/2023\\\/04\\\/1.-congres-tercer-sector-1.jpg\",\"contentUrl\":\"https:\\\/\\\/juntscontraelcancer.cat\\\/wp-content\\\/uploads\\\/2023\\\/04\\\/1.-congres-tercer-sector-1.jpg\",\"width\":550,\"height\":203},{\"@type\":\"BreadcrumbList\",\"@id\":\"https:\\\/\\\/juntscontraelcancer.cat\\\/es\\\/vi-congreso-del-tercer-sector-social-el-20-21-y-22-de-noviembre\\\/#breadcrumb\",\"itemListElement\":[{\"@type\":\"ListItem\",\"position\":1,\"name\":\"Inicio\",\"item\":\"https:\\\/\\\/juntscontraelcancer.cat\\\/es\\\/\"},{\"@type\":\"ListItem\",\"position\":2,\"name\":\"VI Congreso del Tercer Sector Social el 20, 21 y 22 de noviembre\"}]},{\"@type\":\"WebSite\",\"@id\":\"https:\\\/\\\/juntscontraelcancer.cat\\\/es\\\/#website\",\"url\":\"https:\\\/\\\/juntscontraelcancer.cat\\\/es\\\/\",\"name\":\"Junts contra el c\u00e0ncer - FECEC\",\"description\":\"\",\"publisher\":{\"@id\":\"https:\\\/\\\/juntscontraelcancer.cat\\\/es\\\/#organization\"},\"potentialAction\":[{\"@type\":\"SearchAction\",\"target\":{\"@type\":\"EntryPoint\",\"urlTemplate\":\"https:\\\/\\\/juntscontraelcancer.cat\\\/es\\\/?s={search_term_string}\"},\"query-input\":{\"@type\":\"PropertyValueSpecification\",\"valueRequired\":true,\"valueName\":\"search_term_string\"}}],\"inLanguage\":\"es\"},{\"@type\":\"Organization\",\"@id\":\"https:\\\/\\\/juntscontraelcancer.cat\\\/es\\\/#organization\",\"name\":\"Junts contra el c\u00e0ncer - FECEC\",\"url\":\"https:\\\/\\\/juntscontraelcancer.cat\\\/es\\\/\",\"logo\":{\"@type\":\"ImageObject\",\"inLanguage\":\"es\",\"@id\":\"https:\\\/\\\/juntscontraelcancer.cat\\\/es\\\/#\\\/schema\\\/logo\\\/image\\\/\",\"url\":\"https:\\\/\\\/juntscontraelcancer.cat\\\/wp-content\\\/uploads\\\/2023\\\/01\\\/logo-fecec-header.png\",\"contentUrl\":\"https:\\\/\\\/juntscontraelcancer.cat\\\/wp-content\\\/uploads\\\/2023\\\/01\\\/logo-fecec-header.png\",\"width\":126,\"height\":74,\"caption\":\"Junts contra el c\u00e0ncer - FECEC\"},\"image\":{\"@id\":\"https:\\\/\\\/juntscontraelcancer.cat\\\/es\\\/#\\\/schema\\\/logo\\\/image\\\/\"},\"sameAs\":[\"https:\\\/\\\/www.facebook.com\\\/fecec.federacio\\\/\",\"https:\\\/\\\/x.com\\\/FececFederacio\",\"https:\\\/\\\/www.instagram.com\\\/fececfederacio\\\/?hl=es\",\"https:\\\/\\\/www.youtube.com\\\/channel\\\/UCgAC_6c6hmHwMQhSCQyYBdA\"]},{\"@type\":\"Person\",\"@id\":\"https:\\\/\\\/juntscontraelcancer.cat\\\/es\\\/#\\\/schema\\\/person\\\/14c85cb9b3aeddea8f9087bea375813f\",\"name\":\"Pukkas\",\"image\":{\"@type\":\"ImageObject\",\"inLanguage\":\"es\",\"@id\":\"https:\\\/\\\/secure.gravatar.com\\\/avatar\\\/7433209641beafe57dbfd32b83f1c28fb7da2f23c98b47d02c7623ce350a0e9f?s=96&d=mm&r=g\",\"url\":\"https:\\\/\\\/secure.gravatar.com\\\/avatar\\\/7433209641beafe57dbfd32b83f1c28fb7da2f23c98b47d02c7623ce350a0e9f?s=96&d=mm&r=g\",\"contentUrl\":\"https:\\\/\\\/secure.gravatar.com\\\/avatar\\\/7433209641beafe57dbfd32b83f1c28fb7da2f23c98b47d02c7623ce350a0e9f?s=96&d=mm&r=g\",\"caption\":\"Pukkas\"},\"sameAs\":[\"https:\\\/\\\/juntscontraelcancer.cat\"]}]}<\/script>\n<!-- \/ Yoast SEO plugin. -->","yoast_head_json":{"title":"VI Congreso del Tercer Sector Social el 20, 21 y 22 de noviembre - Junts contra el c\u00e0ncer - FECEC","robots":{"index":"index","follow":"follow","max-snippet":"max-snippet:-1","max-image-preview":"max-image-preview:large","max-video-preview":"max-video-preview:-1"},"canonical":"https:\/\/juntscontraelcancer.cat\/es\/vi-congreso-del-tercer-sector-social-el-20-21-y-22-de-noviembre\/","og_locale":"es_ES","og_type":"article","og_title":"VI Congreso del Tercer Sector Social el 20, 21 y 22 de noviembre - Junts contra el c\u00e0ncer - FECEC","og_description":"El objetivo es hacer visible el trabajo de las entidades y poner de relieve la importancia de su interacci\u00f3n con las Administraciones locales para avanzar hacia una sociedad m\u00e1s justa, equitativa y solidaria.","og_url":"https:\/\/juntscontraelcancer.cat\/es\/vi-congreso-del-tercer-sector-social-el-20-21-y-22-de-noviembre\/","og_site_name":"Junts contra el c\u00e0ncer - FECEC","article_publisher":"https:\/\/www.facebook.com\/fecec.federacio\/","article_published_time":"2018-11-15T22:00:00+00:00","article_modified_time":"2023-06-08T08:47:07+00:00","og_image":[{"width":550,"height":203,"url":"https:\/\/juntscontraelcancer.cat\/wp-content\/uploads\/2023\/04\/1.-congres-tercer-sector-1.jpg","type":"image\/jpeg"}],"author":"Pukkas","twitter_card":"summary_large_image","twitter_creator":"@FececFederacio","twitter_site":"@FececFederacio","twitter_misc":{"Escrito por":"Pukkas","Tiempo de lectura":"1 minuto"},"schema":{"@context":"https:\/\/schema.org","@graph":[{"@type":"Article","@id":"https:\/\/juntscontraelcancer.cat\/es\/vi-congreso-del-tercer-sector-social-el-20-21-y-22-de-noviembre\/#article","isPartOf":{"@id":"https:\/\/juntscontraelcancer.cat\/es\/vi-congreso-del-tercer-sector-social-el-20-21-y-22-de-noviembre\/"},"author":{"name":"Pukkas","@id":"https:\/\/juntscontraelcancer.cat\/es\/#\/schema\/person\/14c85cb9b3aeddea8f9087bea375813f"},"headline":"VI Congreso del Tercer Sector Social el 20, 21 y 22 de noviembre","datePublished":"2018-11-15T22:00:00+00:00","dateModified":"2023-06-08T08:47:07+00:00","mainEntityOfPage":{"@id":"https:\/\/juntscontraelcancer.cat\/es\/vi-congreso-del-tercer-sector-social-el-20-21-y-22-de-noviembre\/"},"wordCount":146,"publisher":{"@id":"https:\/\/juntscontraelcancer.cat\/es\/#organization"},"image":{"@id":"https:\/\/juntscontraelcancer.cat\/es\/vi-congreso-del-tercer-sector-social-el-20-21-y-22-de-noviembre\/#primaryimage"},"thumbnailUrl":"https:\/\/juntscontraelcancer.cat\/wp-content\/uploads\/2023\/04\/1.-congres-tercer-sector-1.jpg","articleSection":["Actualidad","Actualitat","Destacadas","Destacats"],"inLanguage":"es"},{"@type":"WebPage","@id":"https:\/\/juntscontraelcancer.cat\/es\/vi-congreso-del-tercer-sector-social-el-20-21-y-22-de-noviembre\/","url":"https:\/\/juntscontraelcancer.cat\/es\/vi-congreso-del-tercer-sector-social-el-20-21-y-22-de-noviembre\/","name":"VI Congreso del Tercer Sector Social el 20, 21 y 22 de noviembre - Junts contra el c\u00e0ncer - FECEC","isPartOf":{"@id":"https:\/\/juntscontraelcancer.cat\/es\/#website"},"primaryImageOfPage":{"@id":"https:\/\/juntscontraelcancer.cat\/es\/vi-congreso-del-tercer-sector-social-el-20-21-y-22-de-noviembre\/#primaryimage"},"image":{"@id":"https:\/\/juntscontraelcancer.cat\/es\/vi-congreso-del-tercer-sector-social-el-20-21-y-22-de-noviembre\/#primaryimage"},"thumbnailUrl":"https:\/\/juntscontraelcancer.cat\/wp-content\/uploads\/2023\/04\/1.-congres-tercer-sector-1.jpg","datePublished":"2018-11-15T22:00:00+00:00","dateModified":"2023-06-08T08:47:07+00:00","breadcrumb":{"@id":"https:\/\/juntscontraelcancer.cat\/es\/vi-congreso-del-tercer-sector-social-el-20-21-y-22-de-noviembre\/#breadcrumb"},"inLanguage":"es","potentialAction":[{"@type":"ReadAction","target":["https:\/\/juntscontraelcancer.cat\/es\/vi-congreso-del-tercer-sector-social-el-20-21-y-22-de-noviembre\/"]}]},{"@type":"ImageObject","inLanguage":"es","@id":"https:\/\/juntscontraelcancer.cat\/es\/vi-congreso-del-tercer-sector-social-el-20-21-y-22-de-noviembre\/#primaryimage","url":"https:\/\/juntscontraelcancer.cat\/wp-content\/uploads\/2023\/04\/1.-congres-tercer-sector-1.jpg","contentUrl":"https:\/\/juntscontraelcancer.cat\/wp-content\/uploads\/2023\/04\/1.-congres-tercer-sector-1.jpg","width":550,"height":203},{"@type":"BreadcrumbList","@id":"https:\/\/juntscontraelcancer.cat\/es\/vi-congreso-del-tercer-sector-social-el-20-21-y-22-de-noviembre\/#breadcrumb","itemListElement":[{"@type":"ListItem","position":1,"name":"Inicio","item":"https:\/\/juntscontraelcancer.cat\/es\/"},{"@type":"ListItem","position":2,"name":"VI Congreso del Tercer Sector Social el 20, 21 y 22 de noviembre"}]},{"@type":"WebSite","@id":"https:\/\/juntscontraelcancer.cat\/es\/#website","url":"https:\/\/juntscontraelcancer.cat\/es\/","name":"Junts contra el c\u00e0ncer - FECEC","description":"","publisher":{"@id":"https:\/\/juntscontraelcancer.cat\/es\/#organization"},"potentialAction":[{"@type":"SearchAction","target":{"@type":"EntryPoint","urlTemplate":"https:\/\/juntscontraelcancer.cat\/es\/?s={search_term_string}"},"query-input":{"@type":"PropertyValueSpecification","valueRequired":true,"valueName":"search_term_string"}}],"inLanguage":"es"},{"@type":"Organization","@id":"https:\/\/juntscontraelcancer.cat\/es\/#organization","name":"Junts contra el c\u00e0ncer - FECEC","url":"https:\/\/juntscontraelcancer.cat\/es\/","logo":{"@type":"ImageObject","inLanguage":"es","@id":"https:\/\/juntscontraelcancer.cat\/es\/#\/schema\/logo\/image\/","url":"https:\/\/juntscontraelcancer.cat\/wp-content\/uploads\/2023\/01\/logo-fecec-header.png","contentUrl":"https:\/\/juntscontraelcancer.cat\/wp-content\/uploads\/2023\/01\/logo-fecec-header.png","width":126,"height":74,"caption":"Junts contra el c\u00e0ncer - FECEC"},"image":{"@id":"https:\/\/juntscontraelcancer.cat\/es\/#\/schema\/logo\/image\/"},"sameAs":["https:\/\/www.facebook.com\/fecec.federacio\/","https:\/\/x.com\/FececFederacio","https:\/\/www.instagram.com\/fececfederacio\/?hl=es","https:\/\/www.youtube.com\/channel\/UCgAC_6c6hmHwMQhSCQyYBdA"]},{"@type":"Person","@id":"https:\/\/juntscontraelcancer.cat\/es\/#\/schema\/person\/14c85cb9b3aeddea8f9087bea375813f","name":"Pukkas","image":{"@type":"ImageObject","inLanguage":"es","@id":"https:\/\/secure.gravatar.com\/avatar\/7433209641beafe57dbfd32b83f1c28fb7da2f23c98b47d02c7623ce350a0e9f?s=96&d=mm&r=g","url":"https:\/\/secure.gravatar.com\/avatar\/7433209641beafe57dbfd32b83f1c28fb7da2f23c98b47d02c7623ce350a0e9f?s=96&d=mm&r=g","contentUrl":"https:\/\/secure.gravatar.com\/avatar\/7433209641beafe57dbfd32b83f1c28fb7da2f23c98b47d02c7623ce350a0e9f?s=96&d=mm&r=g","caption":"Pukkas"},"sameAs":["https:\/\/juntscontraelcancer.cat"]}]}},"_links":{"self":[{"href":"https:\/\/juntscontraelcancer.cat\/es\/wp-json\/wp\/v2\/posts\/14491","targetHints":{"allow":["GET"]}}],"collection":[{"href":"https:\/\/juntscontraelcancer.cat\/es\/wp-json\/wp\/v2\/posts"}],"about":[{"href":"https:\/\/juntscontraelcancer.cat\/es\/wp-json\/wp\/v2\/types\/post"}],"author":[{"embeddable":true,"href":"https:\/\/juntscontraelcancer.cat\/es\/wp-json\/wp\/v2\/users\/1"}],"replies":[{"embeddable":true,"href":"https:\/\/juntscontraelcancer.cat\/es\/wp-json\/wp\/v2\/comments?post=14491"}],"version-history":[{"count":1,"href":"https:\/\/juntscontraelcancer.cat\/es\/wp-json\/wp\/v2\/posts\/14491\/revisions"}],"predecessor-version":[{"id":14492,"href":"https:\/\/juntscontraelcancer.cat\/es\/wp-json\/wp\/v2\/posts\/14491\/revisions\/14492"}],"wp:featuredmedia":[{"embeddable":true,"href":"https:\/\/juntscontraelcancer.cat\/es\/wp-json\/wp\/v2\/media\/10169"}],"wp:attachment":[{"href":"https:\/\/juntscontraelcancer.cat\/es\/wp-json\/wp\/v2\/media?parent=14491"}],"wp:term":[{"taxonomy":"category","embeddable":true,"href":"https:\/\/juntscontraelcancer.cat\/es\/wp-json\/wp\/v2\/categories?post=14491"},{"taxonomy":"post_tag","embeddable":true,"href":"https:\/\/juntscontraelcancer.cat\/es\/wp-json\/wp\/v2\/tags?post=14491"}],"curies":[{"name":"wp","href":"https:\/\/api.w.org\/{rel}","templated":true}]}}