{"id":14489,"date":"2018-11-12T00:00:00","date_gmt":"2018-11-11T22:00:00","guid":{"rendered":"https:\/\/junts.enproceso.es\/si-hacemos-deporte-y-tenemos-una-alimentacion-sana-y-saludable-seremos-imparables\/"},"modified":"2023-06-08T10:47:08","modified_gmt":"2023-06-08T08:47:08","slug":"si-hacemos-deporte-y-tenemos-una-alimentacion-sana-y-saludable-seremos-imparables","status":"publish","type":"post","link":"https:\/\/juntscontraelcancer.cat\/es\/si-hacemos-deporte-y-tenemos-una-alimentacion-sana-y-saludable-seremos-imparables\/","title":{"rendered":"\u00abSi hacemos deporte y tenemos una alimentaci\u00f3n sana y saludable seremos imparables\u00bb"},"content":{"rendered":"<p><em><strong>La corredora de monta\u00f1a catalana, N\u00faria Picas, que desde el a\u00f1o 2010 ha ganado decenas de las carreras de monta\u00f1a m\u00e1s destacadas del mundo, colabora este a\u00f1o con la FECEC con motivo de la Semana Catalana de la Prevenci\u00f3n del C\u00e1ncer y nos ha concedido esta entrevista.<\/strong><\/em><\/p>\n<figure id=\"attachment_33403\" aria-describedby=\"caption-attachment-33403\" style=\"width: 550px\" class=\"wp-caption aligncenter\"><img loading=\"lazy\" decoding=\"async\" class=\"wp-image-33403 size-full\" src=\"https:\/\/juntscontraelcancer.cat\/wp-content\/uploads\/2023\/04\/cJordiSaragossa_020.jpg\" alt=\"(c)JordiSaragossa_020\" width=\"550\" height=\"330\" \/><figcaption id=\"caption-attachment-33403\" class=\"wp-caption-text\">Autor: Jordi Saragossa<\/figcaption><\/figure>\n<p>&nbsp;<\/p>\n<p><strong>Cuando empezaste a aficionarte a correr?<\/strong><br \/>\nEl siglo pasado! Siempre me ha gustado hacer deporte y relacionarme con la naturaleza. Nunca he pisado una pista de atletismo, pero cuando ten\u00eda 20 a\u00f1os, en 1999 concretamente, hice mi primera carrera de monta\u00f1a, fue la Marat\u00f3n del Aneto y me enganch\u00e9.<\/p>\n<p><strong>Participas en muchas carreras? \u00bfC\u00f3mo es tu d\u00eda a d\u00eda de entrenamientos?<\/strong><br \/>\nEntreno seis d\u00edas a la semana e intento combinar la carrera a pie con la bicicleta de carretera o de monta\u00f1a. Tambi\u00e9n hago trabajo de gimnasio para reforzar la musculatura. Suelen salir entre 15 y 20 horas de entrenamiento semanales. Todo este entrenamiento est\u00e1 controlado por mi entrenador, Eduard Barcel\u00f3.<\/p>\n<p><strong>Haces alg\u00fan tipo de dieta para mantener este alto nivel de rendimiento?<\/strong><br \/>\nNo hago ninguna dieta en mi d\u00eda a d\u00eda. Aqu\u00ed nos tenemos que aprovechar de nuestra dieta mediterr\u00e1nea, por tanto intento cuidarme y tener sentido com\u00fan con lo que como. De vez en cuando visito la nutricionista Sandra Sardina de Matar\u00f3, que me lleva el control y sobre todo me marca lo que tengo que comer durante la competici\u00f3n y los d\u00edas previos.<\/p>\n<p><strong>En la prevenci\u00f3n del c\u00e1ncer es muy importante la actividad f\u00edsica y la alimentaci\u00f3n saludable. \u00bfQu\u00e9 mensaje dar\u00edas a la poblaci\u00f3n respecto a estos dos factores?<\/strong><br \/>\nQue uno va ligado con lo otro y que si hacemos deporte y tenemos una alimentaci\u00f3n sana y saludable seremos imparables. La calidad y las ganas de vivir se multiplican por mil, y los factores de riesgo para contraer esta enfermedad se reducen considerablemente. No desperdiciemos la vida, que s\u00f3lo tenemos una!<\/p>\n<p><strong>Has colaborado en un spot contra el c\u00e1ncer de la FECEC. \u00bfQu\u00e9 te ha motivado a participar?<\/strong><br \/>\nPienso que es muy importante sensibilizarnos con este tema, alguien u otro tiene personas cercanas que sufren esta enfermedad, adem\u00e1s, hoy quiz\u00e1s no, pero ma\u00f1ana te puede tocar a ti. Tomamos conciencia entre todos. Hay que estar motivados para aportar nuestro granito de arena.<\/p>\n","protected":false},"excerpt":{"rendered":"<p>La corredora de monta\u00f1a catalana, N\u00faria Picas, que desde el a\u00f1o 2010 ha ganado decenas de las carreras de monta\u00f1a m\u00e1s destacadas del mundo, colabora este a\u00f1o con la FECEC con motivo de la Semana Catalana de la Prevenci\u00f3n del C\u00e1ncer y nos ha concedido esta entrevista.<\/p>\n","protected":false},"author":1,"featured_media":10145,"comment_status":"closed","ping_status":"open","sticky":false,"template":"","format":"standard","meta":{"_acf_changed":false,"inline_featured_image":false,"footnotes":""},"categories":[84,3,86,68],"tags":[],"class_list":["post-14489","post","type-post","status-publish","format-standard","has-post-thumbnail","hentry","category-actualidad","category-actualitat","category-destacadas","category-destaquem"],"acf":[],"yoast_head":"<!-- This site is optimized with the Yoast SEO plugin v27.3 - https:\/\/yoast.com\/product\/yoast-seo-wordpress\/ -->\n<title>&quot;Si hacemos deporte y tenemos una alimentaci\u00f3n sana y saludable seremos imparables&quot; - Junts contra el c\u00e0ncer - FECEC<\/title>\n<meta name=\"robots\" content=\"index, follow, max-snippet:-1, max-image-preview:large, max-video-preview:-1\" \/>\n<link rel=\"canonical\" href=\"https:\/\/juntscontraelcancer.cat\/es\/si-hacemos-deporte-y-tenemos-una-alimentacion-sana-y-saludable-seremos-imparables\/\" \/>\n<meta property=\"og:locale\" content=\"es_ES\" \/>\n<meta property=\"og:type\" content=\"article\" \/>\n<meta property=\"og:title\" content=\"&quot;Si hacemos deporte y tenemos una alimentaci\u00f3n sana y saludable seremos imparables&quot; - Junts contra el c\u00e0ncer - FECEC\" \/>\n<meta property=\"og:description\" content=\"La corredora de monta\u00f1a catalana, N\u00faria Picas, que desde el a\u00f1o 2010 ha ganado decenas de las carreras de monta\u00f1a m\u00e1s destacadas del mundo, colabora este a\u00f1o con la FECEC con motivo de la Semana Catalana de la Prevenci\u00f3n del C\u00e1ncer y nos ha concedido esta entrevista.\" \/>\n<meta property=\"og:url\" content=\"https:\/\/juntscontraelcancer.cat\/es\/si-hacemos-deporte-y-tenemos-una-alimentacion-sana-y-saludable-seremos-imparables\/\" \/>\n<meta property=\"og:site_name\" content=\"Junts contra el c\u00e0ncer - FECEC\" \/>\n<meta property=\"article:publisher\" content=\"https:\/\/www.facebook.com\/fecec.federacio\/\" \/>\n<meta property=\"article:published_time\" content=\"2018-11-11T22:00:00+00:00\" \/>\n<meta property=\"article:modified_time\" content=\"2023-06-08T08:47:08+00:00\" \/>\n<meta property=\"og:image\" content=\"https:\/\/juntscontraelcancer.cat\/wp-content\/uploads\/2023\/04\/cJordiSaragossa_020-1.jpg\" \/>\n\t<meta property=\"og:image:width\" content=\"550\" \/>\n\t<meta property=\"og:image:height\" content=\"330\" \/>\n\t<meta property=\"og:image:type\" content=\"image\/jpeg\" \/>\n<meta name=\"author\" content=\"Pukkas\" \/>\n<meta name=\"twitter:card\" content=\"summary_large_image\" \/>\n<meta name=\"twitter:creator\" content=\"@FececFederacio\" \/>\n<meta name=\"twitter:site\" content=\"@FececFederacio\" \/>\n<meta name=\"twitter:label1\" content=\"Escrito por\" \/>\n\t<meta name=\"twitter:data1\" content=\"Pukkas\" \/>\n\t<meta name=\"twitter:label2\" content=\"Tiempo de lectura\" \/>\n\t<meta name=\"twitter:data2\" content=\"2 minutos\" \/>\n<script type=\"application\/ld+json\" class=\"yoast-schema-graph\">{\"@context\":\"https:\\\/\\\/schema.org\",\"@graph\":[{\"@type\":\"Article\",\"@id\":\"https:\\\/\\\/juntscontraelcancer.cat\\\/es\\\/si-hacemos-deporte-y-tenemos-una-alimentacion-sana-y-saludable-seremos-imparables\\\/#article\",\"isPartOf\":{\"@id\":\"https:\\\/\\\/juntscontraelcancer.cat\\\/es\\\/si-hacemos-deporte-y-tenemos-una-alimentacion-sana-y-saludable-seremos-imparables\\\/\"},\"author\":{\"name\":\"Pukkas\",\"@id\":\"https:\\\/\\\/juntscontraelcancer.cat\\\/es\\\/#\\\/schema\\\/person\\\/14c85cb9b3aeddea8f9087bea375813f\"},\"headline\":\"\u00abSi hacemos deporte y tenemos una alimentaci\u00f3n sana y saludable seremos imparables\u00bb\",\"datePublished\":\"2018-11-11T22:00:00+00:00\",\"dateModified\":\"2023-06-08T08:47:08+00:00\",\"mainEntityOfPage\":{\"@id\":\"https:\\\/\\\/juntscontraelcancer.cat\\\/es\\\/si-hacemos-deporte-y-tenemos-una-alimentacion-sana-y-saludable-seremos-imparables\\\/\"},\"wordCount\":428,\"publisher\":{\"@id\":\"https:\\\/\\\/juntscontraelcancer.cat\\\/es\\\/#organization\"},\"image\":{\"@id\":\"https:\\\/\\\/juntscontraelcancer.cat\\\/es\\\/si-hacemos-deporte-y-tenemos-una-alimentacion-sana-y-saludable-seremos-imparables\\\/#primaryimage\"},\"thumbnailUrl\":\"https:\\\/\\\/juntscontraelcancer.cat\\\/wp-content\\\/uploads\\\/2023\\\/04\\\/cJordiSaragossa_020-1.jpg\",\"articleSection\":[\"Actualidad\",\"Actualitat\",\"Destacadas\",\"Destacats\"],\"inLanguage\":\"es\"},{\"@type\":\"WebPage\",\"@id\":\"https:\\\/\\\/juntscontraelcancer.cat\\\/es\\\/si-hacemos-deporte-y-tenemos-una-alimentacion-sana-y-saludable-seremos-imparables\\\/\",\"url\":\"https:\\\/\\\/juntscontraelcancer.cat\\\/es\\\/si-hacemos-deporte-y-tenemos-una-alimentacion-sana-y-saludable-seremos-imparables\\\/\",\"name\":\"\\\"Si hacemos deporte y tenemos una alimentaci\u00f3n sana y saludable seremos imparables\\\" - Junts contra el c\u00e0ncer - FECEC\",\"isPartOf\":{\"@id\":\"https:\\\/\\\/juntscontraelcancer.cat\\\/es\\\/#website\"},\"primaryImageOfPage\":{\"@id\":\"https:\\\/\\\/juntscontraelcancer.cat\\\/es\\\/si-hacemos-deporte-y-tenemos-una-alimentacion-sana-y-saludable-seremos-imparables\\\/#primaryimage\"},\"image\":{\"@id\":\"https:\\\/\\\/juntscontraelcancer.cat\\\/es\\\/si-hacemos-deporte-y-tenemos-una-alimentacion-sana-y-saludable-seremos-imparables\\\/#primaryimage\"},\"thumbnailUrl\":\"https:\\\/\\\/juntscontraelcancer.cat\\\/wp-content\\\/uploads\\\/2023\\\/04\\\/cJordiSaragossa_020-1.jpg\",\"datePublished\":\"2018-11-11T22:00:00+00:00\",\"dateModified\":\"2023-06-08T08:47:08+00:00\",\"breadcrumb\":{\"@id\":\"https:\\\/\\\/juntscontraelcancer.cat\\\/es\\\/si-hacemos-deporte-y-tenemos-una-alimentacion-sana-y-saludable-seremos-imparables\\\/#breadcrumb\"},\"inLanguage\":\"es\",\"potentialAction\":[{\"@type\":\"ReadAction\",\"target\":[\"https:\\\/\\\/juntscontraelcancer.cat\\\/es\\\/si-hacemos-deporte-y-tenemos-una-alimentacion-sana-y-saludable-seremos-imparables\\\/\"]}]},{\"@type\":\"ImageObject\",\"inLanguage\":\"es\",\"@id\":\"https:\\\/\\\/juntscontraelcancer.cat\\\/es\\\/si-hacemos-deporte-y-tenemos-una-alimentacion-sana-y-saludable-seremos-imparables\\\/#primaryimage\",\"url\":\"https:\\\/\\\/juntscontraelcancer.cat\\\/wp-content\\\/uploads\\\/2023\\\/04\\\/cJordiSaragossa_020-1.jpg\",\"contentUrl\":\"https:\\\/\\\/juntscontraelcancer.cat\\\/wp-content\\\/uploads\\\/2023\\\/04\\\/cJordiSaragossa_020-1.jpg\",\"width\":550,\"height\":330},{\"@type\":\"BreadcrumbList\",\"@id\":\"https:\\\/\\\/juntscontraelcancer.cat\\\/es\\\/si-hacemos-deporte-y-tenemos-una-alimentacion-sana-y-saludable-seremos-imparables\\\/#breadcrumb\",\"itemListElement\":[{\"@type\":\"ListItem\",\"position\":1,\"name\":\"Inicio\",\"item\":\"https:\\\/\\\/juntscontraelcancer.cat\\\/es\\\/\"},{\"@type\":\"ListItem\",\"position\":2,\"name\":\"\u00abSi hacemos deporte y tenemos una alimentaci\u00f3n sana y saludable seremos imparables\u00bb\"}]},{\"@type\":\"WebSite\",\"@id\":\"https:\\\/\\\/juntscontraelcancer.cat\\\/es\\\/#website\",\"url\":\"https:\\\/\\\/juntscontraelcancer.cat\\\/es\\\/\",\"name\":\"Junts contra el c\u00e0ncer - FECEC\",\"description\":\"\",\"publisher\":{\"@id\":\"https:\\\/\\\/juntscontraelcancer.cat\\\/es\\\/#organization\"},\"potentialAction\":[{\"@type\":\"SearchAction\",\"target\":{\"@type\":\"EntryPoint\",\"urlTemplate\":\"https:\\\/\\\/juntscontraelcancer.cat\\\/es\\\/?s={search_term_string}\"},\"query-input\":{\"@type\":\"PropertyValueSpecification\",\"valueRequired\":true,\"valueName\":\"search_term_string\"}}],\"inLanguage\":\"es\"},{\"@type\":\"Organization\",\"@id\":\"https:\\\/\\\/juntscontraelcancer.cat\\\/es\\\/#organization\",\"name\":\"Junts contra el c\u00e0ncer - FECEC\",\"url\":\"https:\\\/\\\/juntscontraelcancer.cat\\\/es\\\/\",\"logo\":{\"@type\":\"ImageObject\",\"inLanguage\":\"es\",\"@id\":\"https:\\\/\\\/juntscontraelcancer.cat\\\/es\\\/#\\\/schema\\\/logo\\\/image\\\/\",\"url\":\"https:\\\/\\\/juntscontraelcancer.cat\\\/wp-content\\\/uploads\\\/2023\\\/01\\\/logo-fecec-header.png\",\"contentUrl\":\"https:\\\/\\\/juntscontraelcancer.cat\\\/wp-content\\\/uploads\\\/2023\\\/01\\\/logo-fecec-header.png\",\"width\":126,\"height\":74,\"caption\":\"Junts contra el c\u00e0ncer - FECEC\"},\"image\":{\"@id\":\"https:\\\/\\\/juntscontraelcancer.cat\\\/es\\\/#\\\/schema\\\/logo\\\/image\\\/\"},\"sameAs\":[\"https:\\\/\\\/www.facebook.com\\\/fecec.federacio\\\/\",\"https:\\\/\\\/x.com\\\/FececFederacio\",\"https:\\\/\\\/www.instagram.com\\\/fececfederacio\\\/?hl=es\",\"https:\\\/\\\/www.youtube.com\\\/channel\\\/UCgAC_6c6hmHwMQhSCQyYBdA\"]},{\"@type\":\"Person\",\"@id\":\"https:\\\/\\\/juntscontraelcancer.cat\\\/es\\\/#\\\/schema\\\/person\\\/14c85cb9b3aeddea8f9087bea375813f\",\"name\":\"Pukkas\",\"image\":{\"@type\":\"ImageObject\",\"inLanguage\":\"es\",\"@id\":\"https:\\\/\\\/secure.gravatar.com\\\/avatar\\\/7433209641beafe57dbfd32b83f1c28fb7da2f23c98b47d02c7623ce350a0e9f?s=96&d=mm&r=g\",\"url\":\"https:\\\/\\\/secure.gravatar.com\\\/avatar\\\/7433209641beafe57dbfd32b83f1c28fb7da2f23c98b47d02c7623ce350a0e9f?s=96&d=mm&r=g\",\"contentUrl\":\"https:\\\/\\\/secure.gravatar.com\\\/avatar\\\/7433209641beafe57dbfd32b83f1c28fb7da2f23c98b47d02c7623ce350a0e9f?s=96&d=mm&r=g\",\"caption\":\"Pukkas\"},\"sameAs\":[\"https:\\\/\\\/juntscontraelcancer.cat\"]}]}<\/script>\n<!-- \/ Yoast SEO plugin. -->","yoast_head_json":{"title":"\"Si hacemos deporte y tenemos una alimentaci\u00f3n sana y saludable seremos imparables\" - Junts contra el c\u00e0ncer - FECEC","robots":{"index":"index","follow":"follow","max-snippet":"max-snippet:-1","max-image-preview":"max-image-preview:large","max-video-preview":"max-video-preview:-1"},"canonical":"https:\/\/juntscontraelcancer.cat\/es\/si-hacemos-deporte-y-tenemos-una-alimentacion-sana-y-saludable-seremos-imparables\/","og_locale":"es_ES","og_type":"article","og_title":"\"Si hacemos deporte y tenemos una alimentaci\u00f3n sana y saludable seremos imparables\" - Junts contra el c\u00e0ncer - FECEC","og_description":"La corredora de monta\u00f1a catalana, N\u00faria Picas, que desde el a\u00f1o 2010 ha ganado decenas de las carreras de monta\u00f1a m\u00e1s destacadas del mundo, colabora este a\u00f1o con la FECEC con motivo de la Semana Catalana de la Prevenci\u00f3n del C\u00e1ncer y nos ha concedido esta entrevista.","og_url":"https:\/\/juntscontraelcancer.cat\/es\/si-hacemos-deporte-y-tenemos-una-alimentacion-sana-y-saludable-seremos-imparables\/","og_site_name":"Junts contra el c\u00e0ncer - FECEC","article_publisher":"https:\/\/www.facebook.com\/fecec.federacio\/","article_published_time":"2018-11-11T22:00:00+00:00","article_modified_time":"2023-06-08T08:47:08+00:00","og_image":[{"width":550,"height":330,"url":"https:\/\/juntscontraelcancer.cat\/wp-content\/uploads\/2023\/04\/cJordiSaragossa_020-1.jpg","type":"image\/jpeg"}],"author":"Pukkas","twitter_card":"summary_large_image","twitter_creator":"@FececFederacio","twitter_site":"@FececFederacio","twitter_misc":{"Escrito por":"Pukkas","Tiempo de lectura":"2 minutos"},"schema":{"@context":"https:\/\/schema.org","@graph":[{"@type":"Article","@id":"https:\/\/juntscontraelcancer.cat\/es\/si-hacemos-deporte-y-tenemos-una-alimentacion-sana-y-saludable-seremos-imparables\/#article","isPartOf":{"@id":"https:\/\/juntscontraelcancer.cat\/es\/si-hacemos-deporte-y-tenemos-una-alimentacion-sana-y-saludable-seremos-imparables\/"},"author":{"name":"Pukkas","@id":"https:\/\/juntscontraelcancer.cat\/es\/#\/schema\/person\/14c85cb9b3aeddea8f9087bea375813f"},"headline":"\u00abSi hacemos deporte y tenemos una alimentaci\u00f3n sana y saludable seremos imparables\u00bb","datePublished":"2018-11-11T22:00:00+00:00","dateModified":"2023-06-08T08:47:08+00:00","mainEntityOfPage":{"@id":"https:\/\/juntscontraelcancer.cat\/es\/si-hacemos-deporte-y-tenemos-una-alimentacion-sana-y-saludable-seremos-imparables\/"},"wordCount":428,"publisher":{"@id":"https:\/\/juntscontraelcancer.cat\/es\/#organization"},"image":{"@id":"https:\/\/juntscontraelcancer.cat\/es\/si-hacemos-deporte-y-tenemos-una-alimentacion-sana-y-saludable-seremos-imparables\/#primaryimage"},"thumbnailUrl":"https:\/\/juntscontraelcancer.cat\/wp-content\/uploads\/2023\/04\/cJordiSaragossa_020-1.jpg","articleSection":["Actualidad","Actualitat","Destacadas","Destacats"],"inLanguage":"es"},{"@type":"WebPage","@id":"https:\/\/juntscontraelcancer.cat\/es\/si-hacemos-deporte-y-tenemos-una-alimentacion-sana-y-saludable-seremos-imparables\/","url":"https:\/\/juntscontraelcancer.cat\/es\/si-hacemos-deporte-y-tenemos-una-alimentacion-sana-y-saludable-seremos-imparables\/","name":"\"Si hacemos deporte y tenemos una alimentaci\u00f3n sana y saludable seremos imparables\" - Junts contra el c\u00e0ncer - FECEC","isPartOf":{"@id":"https:\/\/juntscontraelcancer.cat\/es\/#website"},"primaryImageOfPage":{"@id":"https:\/\/juntscontraelcancer.cat\/es\/si-hacemos-deporte-y-tenemos-una-alimentacion-sana-y-saludable-seremos-imparables\/#primaryimage"},"image":{"@id":"https:\/\/juntscontraelcancer.cat\/es\/si-hacemos-deporte-y-tenemos-una-alimentacion-sana-y-saludable-seremos-imparables\/#primaryimage"},"thumbnailUrl":"https:\/\/juntscontraelcancer.cat\/wp-content\/uploads\/2023\/04\/cJordiSaragossa_020-1.jpg","datePublished":"2018-11-11T22:00:00+00:00","dateModified":"2023-06-08T08:47:08+00:00","breadcrumb":{"@id":"https:\/\/juntscontraelcancer.cat\/es\/si-hacemos-deporte-y-tenemos-una-alimentacion-sana-y-saludable-seremos-imparables\/#breadcrumb"},"inLanguage":"es","potentialAction":[{"@type":"ReadAction","target":["https:\/\/juntscontraelcancer.cat\/es\/si-hacemos-deporte-y-tenemos-una-alimentacion-sana-y-saludable-seremos-imparables\/"]}]},{"@type":"ImageObject","inLanguage":"es","@id":"https:\/\/juntscontraelcancer.cat\/es\/si-hacemos-deporte-y-tenemos-una-alimentacion-sana-y-saludable-seremos-imparables\/#primaryimage","url":"https:\/\/juntscontraelcancer.cat\/wp-content\/uploads\/2023\/04\/cJordiSaragossa_020-1.jpg","contentUrl":"https:\/\/juntscontraelcancer.cat\/wp-content\/uploads\/2023\/04\/cJordiSaragossa_020-1.jpg","width":550,"height":330},{"@type":"BreadcrumbList","@id":"https:\/\/juntscontraelcancer.cat\/es\/si-hacemos-deporte-y-tenemos-una-alimentacion-sana-y-saludable-seremos-imparables\/#breadcrumb","itemListElement":[{"@type":"ListItem","position":1,"name":"Inicio","item":"https:\/\/juntscontraelcancer.cat\/es\/"},{"@type":"ListItem","position":2,"name":"\u00abSi hacemos deporte y tenemos una alimentaci\u00f3n sana y saludable seremos imparables\u00bb"}]},{"@type":"WebSite","@id":"https:\/\/juntscontraelcancer.cat\/es\/#website","url":"https:\/\/juntscontraelcancer.cat\/es\/","name":"Junts contra el c\u00e0ncer - FECEC","description":"","publisher":{"@id":"https:\/\/juntscontraelcancer.cat\/es\/#organization"},"potentialAction":[{"@type":"SearchAction","target":{"@type":"EntryPoint","urlTemplate":"https:\/\/juntscontraelcancer.cat\/es\/?s={search_term_string}"},"query-input":{"@type":"PropertyValueSpecification","valueRequired":true,"valueName":"search_term_string"}}],"inLanguage":"es"},{"@type":"Organization","@id":"https:\/\/juntscontraelcancer.cat\/es\/#organization","name":"Junts contra el c\u00e0ncer - FECEC","url":"https:\/\/juntscontraelcancer.cat\/es\/","logo":{"@type":"ImageObject","inLanguage":"es","@id":"https:\/\/juntscontraelcancer.cat\/es\/#\/schema\/logo\/image\/","url":"https:\/\/juntscontraelcancer.cat\/wp-content\/uploads\/2023\/01\/logo-fecec-header.png","contentUrl":"https:\/\/juntscontraelcancer.cat\/wp-content\/uploads\/2023\/01\/logo-fecec-header.png","width":126,"height":74,"caption":"Junts contra el c\u00e0ncer - FECEC"},"image":{"@id":"https:\/\/juntscontraelcancer.cat\/es\/#\/schema\/logo\/image\/"},"sameAs":["https:\/\/www.facebook.com\/fecec.federacio\/","https:\/\/x.com\/FececFederacio","https:\/\/www.instagram.com\/fececfederacio\/?hl=es","https:\/\/www.youtube.com\/channel\/UCgAC_6c6hmHwMQhSCQyYBdA"]},{"@type":"Person","@id":"https:\/\/juntscontraelcancer.cat\/es\/#\/schema\/person\/14c85cb9b3aeddea8f9087bea375813f","name":"Pukkas","image":{"@type":"ImageObject","inLanguage":"es","@id":"https:\/\/secure.gravatar.com\/avatar\/7433209641beafe57dbfd32b83f1c28fb7da2f23c98b47d02c7623ce350a0e9f?s=96&d=mm&r=g","url":"https:\/\/secure.gravatar.com\/avatar\/7433209641beafe57dbfd32b83f1c28fb7da2f23c98b47d02c7623ce350a0e9f?s=96&d=mm&r=g","contentUrl":"https:\/\/secure.gravatar.com\/avatar\/7433209641beafe57dbfd32b83f1c28fb7da2f23c98b47d02c7623ce350a0e9f?s=96&d=mm&r=g","caption":"Pukkas"},"sameAs":["https:\/\/juntscontraelcancer.cat"]}]}},"_links":{"self":[{"href":"https:\/\/juntscontraelcancer.cat\/es\/wp-json\/wp\/v2\/posts\/14489","targetHints":{"allow":["GET"]}}],"collection":[{"href":"https:\/\/juntscontraelcancer.cat\/es\/wp-json\/wp\/v2\/posts"}],"about":[{"href":"https:\/\/juntscontraelcancer.cat\/es\/wp-json\/wp\/v2\/types\/post"}],"author":[{"embeddable":true,"href":"https:\/\/juntscontraelcancer.cat\/es\/wp-json\/wp\/v2\/users\/1"}],"replies":[{"embeddable":true,"href":"https:\/\/juntscontraelcancer.cat\/es\/wp-json\/wp\/v2\/comments?post=14489"}],"version-history":[{"count":1,"href":"https:\/\/juntscontraelcancer.cat\/es\/wp-json\/wp\/v2\/posts\/14489\/revisions"}],"predecessor-version":[{"id":14490,"href":"https:\/\/juntscontraelcancer.cat\/es\/wp-json\/wp\/v2\/posts\/14489\/revisions\/14490"}],"wp:featuredmedia":[{"embeddable":true,"href":"https:\/\/juntscontraelcancer.cat\/es\/wp-json\/wp\/v2\/media\/10145"}],"wp:attachment":[{"href":"https:\/\/juntscontraelcancer.cat\/es\/wp-json\/wp\/v2\/media?parent=14489"}],"wp:term":[{"taxonomy":"category","embeddable":true,"href":"https:\/\/juntscontraelcancer.cat\/es\/wp-json\/wp\/v2\/categories?post=14489"},{"taxonomy":"post_tag","embeddable":true,"href":"https:\/\/juntscontraelcancer.cat\/es\/wp-json\/wp\/v2\/tags?post=14489"}],"curies":[{"name":"wp","href":"https:\/\/api.w.org\/{rel}","templated":true}]}}