{"id":14477,"date":"2018-10-22T00:00:00","date_gmt":"2018-10-21T22:00:00","guid":{"rendered":"https:\/\/junts.enproceso.es\/los-talleres-de-jo-tambe-menjo-fruita-de-la-fecec-comienzan-ahora-y-hasta-noviembre-en-las-escuelas-de-lleida\/"},"modified":"2023-06-08T10:47:09","modified_gmt":"2023-06-08T08:47:09","slug":"los-talleres-de-jo-tambe-menjo-fruita-de-la-fecec-comienzan-ahora-y-hasta-noviembre-en-las-escuelas-de-lleida","status":"publish","type":"post","link":"https:\/\/juntscontraelcancer.cat\/es\/los-talleres-de-jo-tambe-menjo-fruita-de-la-fecec-comienzan-ahora-y-hasta-noviembre-en-las-escuelas-de-lleida\/","title":{"rendered":"Los talleres de &#8216;Jo tamb\u00e9 menjo fruita&#8217; de la FECEC comienzan ahora y hasta noviembre en las escuelas de Lleida"},"content":{"rendered":"<p>La FECEC organiza 38 talleres de prevenci\u00f3n del c\u00e1ncer bajo el nombre &#8216;Jo tamb\u00e9 menso fruita&#8217;. Los talleres se est\u00e1n impartiendo a 24 centros educativos de los municipios de la provincia de Lleida y se alargar\u00e1n durante el mes de noviembre.<\/p>\n<p><img loading=\"lazy\" decoding=\"async\" class=\"aligncenter wp-image-33351\" src=\"https:\/\/juntscontraelcancer.cat\/wp-content\/uploads\/2023\/04\/Alpicat-general.jpg\" alt=\"Alpicat general\" width=\"500\" height=\"375\" \/><\/p>\n<p>Los municipios que participan en este programa son: Solsona, Cervera, Suerte, Puebla, Alpicat, San Lorenzo de Moruny, Mollerussa y Balaguer. Los taller cuentan con el apoyo de la Diputaci\u00f3n de Lleida.<\/p>\n<p>Este taller de prevenci\u00f3n del c\u00e1ncer promueve un estilo de vida saludable entre los ni\u00f1os y ni\u00f1as y sus familias, siempre bajo los valores de una alimentaci\u00f3n equilibrada y actividad f\u00edsica con una actitud amena y positiva.<\/p>\n<p>Los objetivos de esta actividad son: dar a conocer el C\u00f3digo Europeo Contra el C\u00e1ncer, concienciar a las familias de la importancia de una alimentaci\u00f3n sana para disfrutar de una vida saludable, sensibilizar a las familias de la necesidad de comer diariamente y de forma variada fruta y verdura, dar consejos simples de c\u00f3mo hacerlo, explicar a los ni\u00f1os porque es importante comer diariamente fruta y promover un estilo de vida saludable.<\/p>\n<p>El taller forma parte de una de las actividades del programa de prevenci\u00f3n del c\u00e1ncer de la FECEC y quiere concienciar a la poblaci\u00f3n de su responsabilidad sobre nuestra propia salud, y de la necesidad de adoptar estilos de vida saludables para prevenir el c\u00e1ncer y otras enfermedades tal como se recoge en\u00a0el\u00a0<a href=\"http:\/\/www.juntscontraelcancer.cat\/wp-content\/uploads\/CODI%20EUROPEU%20CONTRA%20EL%20C%C3%80NCER.pdf\"><strong>C\u00f3digo europeo contra el c\u00e1ncer.<\/strong><\/a><\/p>\n","protected":false},"excerpt":{"rendered":"<p>Los objetivos de esta actividad son: dar a conocer el C\u00f3digo Europeo Contra el C\u00e1ncer, concienciar a las familias de la importancia de una alimentaci\u00f3n sana para disfrutar de una vida saludable, sensibilizar a las familias de la necesidad de comer diariamente y de forma variada fruta y verdura.<\/p>\n","protected":false},"author":1,"featured_media":10076,"comment_status":"closed","ping_status":"open","sticky":false,"template":"","format":"standard","meta":{"_acf_changed":false,"inline_featured_image":false,"footnotes":""},"categories":[84,3,86,68],"tags":[],"class_list":["post-14477","post","type-post","status-publish","format-standard","has-post-thumbnail","hentry","category-actualidad","category-actualitat","category-destacadas","category-destaquem"],"acf":[],"yoast_head":"<!-- This site is optimized with the Yoast SEO plugin v27.3 - https:\/\/yoast.com\/product\/yoast-seo-wordpress\/ -->\n<title>Los talleres de &#039;Jo tamb\u00e9 menjo fruita&#039; de la FECEC comienzan ahora y hasta noviembre en las escuelas de Lleida - Junts contra el c\u00e0ncer - FECEC<\/title>\n<meta name=\"robots\" content=\"index, follow, max-snippet:-1, max-image-preview:large, max-video-preview:-1\" \/>\n<link rel=\"canonical\" href=\"https:\/\/juntscontraelcancer.cat\/es\/los-talleres-de-jo-tambe-menjo-fruita-de-la-fecec-comienzan-ahora-y-hasta-noviembre-en-las-escuelas-de-lleida\/\" \/>\n<meta property=\"og:locale\" content=\"es_ES\" \/>\n<meta property=\"og:type\" content=\"article\" \/>\n<meta property=\"og:title\" content=\"Los talleres de &#039;Jo tamb\u00e9 menjo fruita&#039; de la FECEC comienzan ahora y hasta noviembre en las escuelas de Lleida - Junts contra el c\u00e0ncer - FECEC\" \/>\n<meta property=\"og:description\" content=\"Los objetivos de esta actividad son: dar a conocer el C\u00f3digo Europeo Contra el C\u00e1ncer, concienciar a las familias de la importancia de una alimentaci\u00f3n sana para disfrutar de una vida saludable, sensibilizar a las familias de la necesidad de comer diariamente y de forma variada fruta y verdura.\" \/>\n<meta property=\"og:url\" content=\"https:\/\/juntscontraelcancer.cat\/es\/los-talleres-de-jo-tambe-menjo-fruita-de-la-fecec-comienzan-ahora-y-hasta-noviembre-en-las-escuelas-de-lleida\/\" \/>\n<meta property=\"og:site_name\" content=\"Junts contra el c\u00e0ncer - FECEC\" \/>\n<meta property=\"article:publisher\" content=\"https:\/\/www.facebook.com\/fecec.federacio\/\" \/>\n<meta property=\"article:published_time\" content=\"2018-10-21T22:00:00+00:00\" \/>\n<meta property=\"article:modified_time\" content=\"2023-06-08T08:47:09+00:00\" \/>\n<meta property=\"og:image\" content=\"https:\/\/juntscontraelcancer.cat\/wp-content\/uploads\/2023\/04\/Alpicat-general-1.jpg\" \/>\n\t<meta property=\"og:image:width\" content=\"811\" \/>\n\t<meta property=\"og:image:height\" content=\"608\" \/>\n\t<meta property=\"og:image:type\" content=\"image\/jpeg\" \/>\n<meta name=\"author\" content=\"Pukkas\" \/>\n<meta name=\"twitter:card\" content=\"summary_large_image\" \/>\n<meta name=\"twitter:creator\" content=\"@FececFederacio\" \/>\n<meta name=\"twitter:site\" content=\"@FececFederacio\" \/>\n<meta name=\"twitter:label1\" content=\"Escrito por\" \/>\n\t<meta name=\"twitter:data1\" content=\"Pukkas\" \/>\n\t<meta name=\"twitter:label2\" content=\"Tiempo de lectura\" \/>\n\t<meta name=\"twitter:data2\" content=\"1 minuto\" \/>\n<script type=\"application\/ld+json\" class=\"yoast-schema-graph\">{\"@context\":\"https:\\\/\\\/schema.org\",\"@graph\":[{\"@type\":\"Article\",\"@id\":\"https:\\\/\\\/juntscontraelcancer.cat\\\/es\\\/los-talleres-de-jo-tambe-menjo-fruita-de-la-fecec-comienzan-ahora-y-hasta-noviembre-en-las-escuelas-de-lleida\\\/#article\",\"isPartOf\":{\"@id\":\"https:\\\/\\\/juntscontraelcancer.cat\\\/es\\\/los-talleres-de-jo-tambe-menjo-fruita-de-la-fecec-comienzan-ahora-y-hasta-noviembre-en-las-escuelas-de-lleida\\\/\"},\"author\":{\"name\":\"Pukkas\",\"@id\":\"https:\\\/\\\/juntscontraelcancer.cat\\\/es\\\/#\\\/schema\\\/person\\\/14c85cb9b3aeddea8f9087bea375813f\"},\"headline\":\"Los talleres de &#8216;Jo tamb\u00e9 menjo fruita&#8217; de la FECEC comienzan ahora y hasta noviembre en las escuelas de Lleida\",\"datePublished\":\"2018-10-21T22:00:00+00:00\",\"dateModified\":\"2023-06-08T08:47:09+00:00\",\"mainEntityOfPage\":{\"@id\":\"https:\\\/\\\/juntscontraelcancer.cat\\\/es\\\/los-talleres-de-jo-tambe-menjo-fruita-de-la-fecec-comienzan-ahora-y-hasta-noviembre-en-las-escuelas-de-lleida\\\/\"},\"wordCount\":280,\"publisher\":{\"@id\":\"https:\\\/\\\/juntscontraelcancer.cat\\\/es\\\/#organization\"},\"image\":{\"@id\":\"https:\\\/\\\/juntscontraelcancer.cat\\\/es\\\/los-talleres-de-jo-tambe-menjo-fruita-de-la-fecec-comienzan-ahora-y-hasta-noviembre-en-las-escuelas-de-lleida\\\/#primaryimage\"},\"thumbnailUrl\":\"https:\\\/\\\/juntscontraelcancer.cat\\\/wp-content\\\/uploads\\\/2023\\\/04\\\/Alpicat-general-1.jpg\",\"articleSection\":[\"Actualidad\",\"Actualitat\",\"Destacadas\",\"Destacats\"],\"inLanguage\":\"es\"},{\"@type\":\"WebPage\",\"@id\":\"https:\\\/\\\/juntscontraelcancer.cat\\\/es\\\/los-talleres-de-jo-tambe-menjo-fruita-de-la-fecec-comienzan-ahora-y-hasta-noviembre-en-las-escuelas-de-lleida\\\/\",\"url\":\"https:\\\/\\\/juntscontraelcancer.cat\\\/es\\\/los-talleres-de-jo-tambe-menjo-fruita-de-la-fecec-comienzan-ahora-y-hasta-noviembre-en-las-escuelas-de-lleida\\\/\",\"name\":\"Los talleres de 'Jo tamb\u00e9 menjo fruita' de la FECEC comienzan ahora y hasta noviembre en las escuelas de Lleida - Junts contra el c\u00e0ncer - FECEC\",\"isPartOf\":{\"@id\":\"https:\\\/\\\/juntscontraelcancer.cat\\\/es\\\/#website\"},\"primaryImageOfPage\":{\"@id\":\"https:\\\/\\\/juntscontraelcancer.cat\\\/es\\\/los-talleres-de-jo-tambe-menjo-fruita-de-la-fecec-comienzan-ahora-y-hasta-noviembre-en-las-escuelas-de-lleida\\\/#primaryimage\"},\"image\":{\"@id\":\"https:\\\/\\\/juntscontraelcancer.cat\\\/es\\\/los-talleres-de-jo-tambe-menjo-fruita-de-la-fecec-comienzan-ahora-y-hasta-noviembre-en-las-escuelas-de-lleida\\\/#primaryimage\"},\"thumbnailUrl\":\"https:\\\/\\\/juntscontraelcancer.cat\\\/wp-content\\\/uploads\\\/2023\\\/04\\\/Alpicat-general-1.jpg\",\"datePublished\":\"2018-10-21T22:00:00+00:00\",\"dateModified\":\"2023-06-08T08:47:09+00:00\",\"breadcrumb\":{\"@id\":\"https:\\\/\\\/juntscontraelcancer.cat\\\/es\\\/los-talleres-de-jo-tambe-menjo-fruita-de-la-fecec-comienzan-ahora-y-hasta-noviembre-en-las-escuelas-de-lleida\\\/#breadcrumb\"},\"inLanguage\":\"es\",\"potentialAction\":[{\"@type\":\"ReadAction\",\"target\":[\"https:\\\/\\\/juntscontraelcancer.cat\\\/es\\\/los-talleres-de-jo-tambe-menjo-fruita-de-la-fecec-comienzan-ahora-y-hasta-noviembre-en-las-escuelas-de-lleida\\\/\"]}]},{\"@type\":\"ImageObject\",\"inLanguage\":\"es\",\"@id\":\"https:\\\/\\\/juntscontraelcancer.cat\\\/es\\\/los-talleres-de-jo-tambe-menjo-fruita-de-la-fecec-comienzan-ahora-y-hasta-noviembre-en-las-escuelas-de-lleida\\\/#primaryimage\",\"url\":\"https:\\\/\\\/juntscontraelcancer.cat\\\/wp-content\\\/uploads\\\/2023\\\/04\\\/Alpicat-general-1.jpg\",\"contentUrl\":\"https:\\\/\\\/juntscontraelcancer.cat\\\/wp-content\\\/uploads\\\/2023\\\/04\\\/Alpicat-general-1.jpg\",\"width\":811,\"height\":608},{\"@type\":\"BreadcrumbList\",\"@id\":\"https:\\\/\\\/juntscontraelcancer.cat\\\/es\\\/los-talleres-de-jo-tambe-menjo-fruita-de-la-fecec-comienzan-ahora-y-hasta-noviembre-en-las-escuelas-de-lleida\\\/#breadcrumb\",\"itemListElement\":[{\"@type\":\"ListItem\",\"position\":1,\"name\":\"Inicio\",\"item\":\"https:\\\/\\\/juntscontraelcancer.cat\\\/es\\\/\"},{\"@type\":\"ListItem\",\"position\":2,\"name\":\"Los talleres de &#8216;Jo tamb\u00e9 menjo fruita&#8217; de la FECEC comienzan ahora y hasta noviembre en las escuelas de Lleida\"}]},{\"@type\":\"WebSite\",\"@id\":\"https:\\\/\\\/juntscontraelcancer.cat\\\/es\\\/#website\",\"url\":\"https:\\\/\\\/juntscontraelcancer.cat\\\/es\\\/\",\"name\":\"Junts contra el c\u00e0ncer - FECEC\",\"description\":\"\",\"publisher\":{\"@id\":\"https:\\\/\\\/juntscontraelcancer.cat\\\/es\\\/#organization\"},\"potentialAction\":[{\"@type\":\"SearchAction\",\"target\":{\"@type\":\"EntryPoint\",\"urlTemplate\":\"https:\\\/\\\/juntscontraelcancer.cat\\\/es\\\/?s={search_term_string}\"},\"query-input\":{\"@type\":\"PropertyValueSpecification\",\"valueRequired\":true,\"valueName\":\"search_term_string\"}}],\"inLanguage\":\"es\"},{\"@type\":\"Organization\",\"@id\":\"https:\\\/\\\/juntscontraelcancer.cat\\\/es\\\/#organization\",\"name\":\"Junts contra el c\u00e0ncer - FECEC\",\"url\":\"https:\\\/\\\/juntscontraelcancer.cat\\\/es\\\/\",\"logo\":{\"@type\":\"ImageObject\",\"inLanguage\":\"es\",\"@id\":\"https:\\\/\\\/juntscontraelcancer.cat\\\/es\\\/#\\\/schema\\\/logo\\\/image\\\/\",\"url\":\"https:\\\/\\\/juntscontraelcancer.cat\\\/wp-content\\\/uploads\\\/2023\\\/01\\\/logo-fecec-header.png\",\"contentUrl\":\"https:\\\/\\\/juntscontraelcancer.cat\\\/wp-content\\\/uploads\\\/2023\\\/01\\\/logo-fecec-header.png\",\"width\":126,\"height\":74,\"caption\":\"Junts contra el c\u00e0ncer - FECEC\"},\"image\":{\"@id\":\"https:\\\/\\\/juntscontraelcancer.cat\\\/es\\\/#\\\/schema\\\/logo\\\/image\\\/\"},\"sameAs\":[\"https:\\\/\\\/www.facebook.com\\\/fecec.federacio\\\/\",\"https:\\\/\\\/x.com\\\/FececFederacio\",\"https:\\\/\\\/www.instagram.com\\\/fececfederacio\\\/?hl=es\",\"https:\\\/\\\/www.youtube.com\\\/channel\\\/UCgAC_6c6hmHwMQhSCQyYBdA\"]},{\"@type\":\"Person\",\"@id\":\"https:\\\/\\\/juntscontraelcancer.cat\\\/es\\\/#\\\/schema\\\/person\\\/14c85cb9b3aeddea8f9087bea375813f\",\"name\":\"Pukkas\",\"image\":{\"@type\":\"ImageObject\",\"inLanguage\":\"es\",\"@id\":\"https:\\\/\\\/secure.gravatar.com\\\/avatar\\\/7433209641beafe57dbfd32b83f1c28fb7da2f23c98b47d02c7623ce350a0e9f?s=96&d=mm&r=g\",\"url\":\"https:\\\/\\\/secure.gravatar.com\\\/avatar\\\/7433209641beafe57dbfd32b83f1c28fb7da2f23c98b47d02c7623ce350a0e9f?s=96&d=mm&r=g\",\"contentUrl\":\"https:\\\/\\\/secure.gravatar.com\\\/avatar\\\/7433209641beafe57dbfd32b83f1c28fb7da2f23c98b47d02c7623ce350a0e9f?s=96&d=mm&r=g\",\"caption\":\"Pukkas\"},\"sameAs\":[\"https:\\\/\\\/juntscontraelcancer.cat\"]}]}<\/script>\n<!-- \/ Yoast SEO plugin. -->","yoast_head_json":{"title":"Los talleres de 'Jo tamb\u00e9 menjo fruita' de la FECEC comienzan ahora y hasta noviembre en las escuelas de Lleida - Junts contra el c\u00e0ncer - FECEC","robots":{"index":"index","follow":"follow","max-snippet":"max-snippet:-1","max-image-preview":"max-image-preview:large","max-video-preview":"max-video-preview:-1"},"canonical":"https:\/\/juntscontraelcancer.cat\/es\/los-talleres-de-jo-tambe-menjo-fruita-de-la-fecec-comienzan-ahora-y-hasta-noviembre-en-las-escuelas-de-lleida\/","og_locale":"es_ES","og_type":"article","og_title":"Los talleres de 'Jo tamb\u00e9 menjo fruita' de la FECEC comienzan ahora y hasta noviembre en las escuelas de Lleida - Junts contra el c\u00e0ncer - FECEC","og_description":"Los objetivos de esta actividad son: dar a conocer el C\u00f3digo Europeo Contra el C\u00e1ncer, concienciar a las familias de la importancia de una alimentaci\u00f3n sana para disfrutar de una vida saludable, sensibilizar a las familias de la necesidad de comer diariamente y de forma variada fruta y verdura.","og_url":"https:\/\/juntscontraelcancer.cat\/es\/los-talleres-de-jo-tambe-menjo-fruita-de-la-fecec-comienzan-ahora-y-hasta-noviembre-en-las-escuelas-de-lleida\/","og_site_name":"Junts contra el c\u00e0ncer - FECEC","article_publisher":"https:\/\/www.facebook.com\/fecec.federacio\/","article_published_time":"2018-10-21T22:00:00+00:00","article_modified_time":"2023-06-08T08:47:09+00:00","og_image":[{"width":811,"height":608,"url":"https:\/\/juntscontraelcancer.cat\/wp-content\/uploads\/2023\/04\/Alpicat-general-1.jpg","type":"image\/jpeg"}],"author":"Pukkas","twitter_card":"summary_large_image","twitter_creator":"@FececFederacio","twitter_site":"@FececFederacio","twitter_misc":{"Escrito por":"Pukkas","Tiempo de lectura":"1 minuto"},"schema":{"@context":"https:\/\/schema.org","@graph":[{"@type":"Article","@id":"https:\/\/juntscontraelcancer.cat\/es\/los-talleres-de-jo-tambe-menjo-fruita-de-la-fecec-comienzan-ahora-y-hasta-noviembre-en-las-escuelas-de-lleida\/#article","isPartOf":{"@id":"https:\/\/juntscontraelcancer.cat\/es\/los-talleres-de-jo-tambe-menjo-fruita-de-la-fecec-comienzan-ahora-y-hasta-noviembre-en-las-escuelas-de-lleida\/"},"author":{"name":"Pukkas","@id":"https:\/\/juntscontraelcancer.cat\/es\/#\/schema\/person\/14c85cb9b3aeddea8f9087bea375813f"},"headline":"Los talleres de &#8216;Jo tamb\u00e9 menjo fruita&#8217; de la FECEC comienzan ahora y hasta noviembre en las escuelas de Lleida","datePublished":"2018-10-21T22:00:00+00:00","dateModified":"2023-06-08T08:47:09+00:00","mainEntityOfPage":{"@id":"https:\/\/juntscontraelcancer.cat\/es\/los-talleres-de-jo-tambe-menjo-fruita-de-la-fecec-comienzan-ahora-y-hasta-noviembre-en-las-escuelas-de-lleida\/"},"wordCount":280,"publisher":{"@id":"https:\/\/juntscontraelcancer.cat\/es\/#organization"},"image":{"@id":"https:\/\/juntscontraelcancer.cat\/es\/los-talleres-de-jo-tambe-menjo-fruita-de-la-fecec-comienzan-ahora-y-hasta-noviembre-en-las-escuelas-de-lleida\/#primaryimage"},"thumbnailUrl":"https:\/\/juntscontraelcancer.cat\/wp-content\/uploads\/2023\/04\/Alpicat-general-1.jpg","articleSection":["Actualidad","Actualitat","Destacadas","Destacats"],"inLanguage":"es"},{"@type":"WebPage","@id":"https:\/\/juntscontraelcancer.cat\/es\/los-talleres-de-jo-tambe-menjo-fruita-de-la-fecec-comienzan-ahora-y-hasta-noviembre-en-las-escuelas-de-lleida\/","url":"https:\/\/juntscontraelcancer.cat\/es\/los-talleres-de-jo-tambe-menjo-fruita-de-la-fecec-comienzan-ahora-y-hasta-noviembre-en-las-escuelas-de-lleida\/","name":"Los talleres de 'Jo tamb\u00e9 menjo fruita' de la FECEC comienzan ahora y hasta noviembre en las escuelas de Lleida - Junts contra el c\u00e0ncer - FECEC","isPartOf":{"@id":"https:\/\/juntscontraelcancer.cat\/es\/#website"},"primaryImageOfPage":{"@id":"https:\/\/juntscontraelcancer.cat\/es\/los-talleres-de-jo-tambe-menjo-fruita-de-la-fecec-comienzan-ahora-y-hasta-noviembre-en-las-escuelas-de-lleida\/#primaryimage"},"image":{"@id":"https:\/\/juntscontraelcancer.cat\/es\/los-talleres-de-jo-tambe-menjo-fruita-de-la-fecec-comienzan-ahora-y-hasta-noviembre-en-las-escuelas-de-lleida\/#primaryimage"},"thumbnailUrl":"https:\/\/juntscontraelcancer.cat\/wp-content\/uploads\/2023\/04\/Alpicat-general-1.jpg","datePublished":"2018-10-21T22:00:00+00:00","dateModified":"2023-06-08T08:47:09+00:00","breadcrumb":{"@id":"https:\/\/juntscontraelcancer.cat\/es\/los-talleres-de-jo-tambe-menjo-fruita-de-la-fecec-comienzan-ahora-y-hasta-noviembre-en-las-escuelas-de-lleida\/#breadcrumb"},"inLanguage":"es","potentialAction":[{"@type":"ReadAction","target":["https:\/\/juntscontraelcancer.cat\/es\/los-talleres-de-jo-tambe-menjo-fruita-de-la-fecec-comienzan-ahora-y-hasta-noviembre-en-las-escuelas-de-lleida\/"]}]},{"@type":"ImageObject","inLanguage":"es","@id":"https:\/\/juntscontraelcancer.cat\/es\/los-talleres-de-jo-tambe-menjo-fruita-de-la-fecec-comienzan-ahora-y-hasta-noviembre-en-las-escuelas-de-lleida\/#primaryimage","url":"https:\/\/juntscontraelcancer.cat\/wp-content\/uploads\/2023\/04\/Alpicat-general-1.jpg","contentUrl":"https:\/\/juntscontraelcancer.cat\/wp-content\/uploads\/2023\/04\/Alpicat-general-1.jpg","width":811,"height":608},{"@type":"BreadcrumbList","@id":"https:\/\/juntscontraelcancer.cat\/es\/los-talleres-de-jo-tambe-menjo-fruita-de-la-fecec-comienzan-ahora-y-hasta-noviembre-en-las-escuelas-de-lleida\/#breadcrumb","itemListElement":[{"@type":"ListItem","position":1,"name":"Inicio","item":"https:\/\/juntscontraelcancer.cat\/es\/"},{"@type":"ListItem","position":2,"name":"Los talleres de &#8216;Jo tamb\u00e9 menjo fruita&#8217; de la FECEC comienzan ahora y hasta noviembre en las escuelas de Lleida"}]},{"@type":"WebSite","@id":"https:\/\/juntscontraelcancer.cat\/es\/#website","url":"https:\/\/juntscontraelcancer.cat\/es\/","name":"Junts contra el c\u00e0ncer - FECEC","description":"","publisher":{"@id":"https:\/\/juntscontraelcancer.cat\/es\/#organization"},"potentialAction":[{"@type":"SearchAction","target":{"@type":"EntryPoint","urlTemplate":"https:\/\/juntscontraelcancer.cat\/es\/?s={search_term_string}"},"query-input":{"@type":"PropertyValueSpecification","valueRequired":true,"valueName":"search_term_string"}}],"inLanguage":"es"},{"@type":"Organization","@id":"https:\/\/juntscontraelcancer.cat\/es\/#organization","name":"Junts contra el c\u00e0ncer - FECEC","url":"https:\/\/juntscontraelcancer.cat\/es\/","logo":{"@type":"ImageObject","inLanguage":"es","@id":"https:\/\/juntscontraelcancer.cat\/es\/#\/schema\/logo\/image\/","url":"https:\/\/juntscontraelcancer.cat\/wp-content\/uploads\/2023\/01\/logo-fecec-header.png","contentUrl":"https:\/\/juntscontraelcancer.cat\/wp-content\/uploads\/2023\/01\/logo-fecec-header.png","width":126,"height":74,"caption":"Junts contra el c\u00e0ncer - FECEC"},"image":{"@id":"https:\/\/juntscontraelcancer.cat\/es\/#\/schema\/logo\/image\/"},"sameAs":["https:\/\/www.facebook.com\/fecec.federacio\/","https:\/\/x.com\/FececFederacio","https:\/\/www.instagram.com\/fececfederacio\/?hl=es","https:\/\/www.youtube.com\/channel\/UCgAC_6c6hmHwMQhSCQyYBdA"]},{"@type":"Person","@id":"https:\/\/juntscontraelcancer.cat\/es\/#\/schema\/person\/14c85cb9b3aeddea8f9087bea375813f","name":"Pukkas","image":{"@type":"ImageObject","inLanguage":"es","@id":"https:\/\/secure.gravatar.com\/avatar\/7433209641beafe57dbfd32b83f1c28fb7da2f23c98b47d02c7623ce350a0e9f?s=96&d=mm&r=g","url":"https:\/\/secure.gravatar.com\/avatar\/7433209641beafe57dbfd32b83f1c28fb7da2f23c98b47d02c7623ce350a0e9f?s=96&d=mm&r=g","contentUrl":"https:\/\/secure.gravatar.com\/avatar\/7433209641beafe57dbfd32b83f1c28fb7da2f23c98b47d02c7623ce350a0e9f?s=96&d=mm&r=g","caption":"Pukkas"},"sameAs":["https:\/\/juntscontraelcancer.cat"]}]}},"_links":{"self":[{"href":"https:\/\/juntscontraelcancer.cat\/es\/wp-json\/wp\/v2\/posts\/14477","targetHints":{"allow":["GET"]}}],"collection":[{"href":"https:\/\/juntscontraelcancer.cat\/es\/wp-json\/wp\/v2\/posts"}],"about":[{"href":"https:\/\/juntscontraelcancer.cat\/es\/wp-json\/wp\/v2\/types\/post"}],"author":[{"embeddable":true,"href":"https:\/\/juntscontraelcancer.cat\/es\/wp-json\/wp\/v2\/users\/1"}],"replies":[{"embeddable":true,"href":"https:\/\/juntscontraelcancer.cat\/es\/wp-json\/wp\/v2\/comments?post=14477"}],"version-history":[{"count":1,"href":"https:\/\/juntscontraelcancer.cat\/es\/wp-json\/wp\/v2\/posts\/14477\/revisions"}],"predecessor-version":[{"id":14478,"href":"https:\/\/juntscontraelcancer.cat\/es\/wp-json\/wp\/v2\/posts\/14477\/revisions\/14478"}],"wp:featuredmedia":[{"embeddable":true,"href":"https:\/\/juntscontraelcancer.cat\/es\/wp-json\/wp\/v2\/media\/10076"}],"wp:attachment":[{"href":"https:\/\/juntscontraelcancer.cat\/es\/wp-json\/wp\/v2\/media?parent=14477"}],"wp:term":[{"taxonomy":"category","embeddable":true,"href":"https:\/\/juntscontraelcancer.cat\/es\/wp-json\/wp\/v2\/categories?post=14477"},{"taxonomy":"post_tag","embeddable":true,"href":"https:\/\/juntscontraelcancer.cat\/es\/wp-json\/wp\/v2\/tags?post=14477"}],"curies":[{"name":"wp","href":"https:\/\/api.w.org\/{rel}","templated":true}]}}