{"id":14475,"date":"2018-10-16T00:00:00","date_gmt":"2018-10-15T22:00:00","guid":{"rendered":"https:\/\/junts.enproceso.es\/17-farmacias-de-ecoceutics-se-adhieren-a-la-campana-por-el-dia-mundial-del-cancer-de-mama-a-favor-de-la-fecec\/"},"modified":"2023-06-08T10:47:09","modified_gmt":"2023-06-08T08:47:09","slug":"17-farmacias-de-ecoceutics-se-adhieren-a-la-campana-por-el-dia-mundial-del-cancer-de-mama-a-favor-de-la-fecec","status":"publish","type":"post","link":"https:\/\/juntscontraelcancer.cat\/es\/17-farmacias-de-ecoceutics-se-adhieren-a-la-campana-por-el-dia-mundial-del-cancer-de-mama-a-favor-de-la-fecec\/","title":{"rendered":"17 FARMACIAS DE ECOCEUTICS SE ADHIEREN A LA CAMPA\u00d1A POR EL D\u00cdA MUNDIAL DEL C\u00c1NCER DE MAMA A FAVOR DE LA FECEC"},"content":{"rendered":"<p>Un total de 17 farmacias adheridas al Grupo Ecoceutics se ha sumado a la campa\u00f1a solidaria a favor de la FECEC con motivo del D\u00eda Mundial contra el c\u00e1ncer de mama, el 19 de octubre. En este sentido, cada una de estas farmacias ofrecer\u00e1 a sus clientes una pulsera solidaria por un precio de 1,5 euros.<\/p>\n<p><img loading=\"lazy\" decoding=\"async\" class=\"size-full wp-image-33318 aligncenter\" src=\"https:\/\/juntscontraelcancer.cat\/wp-content\/uploads\/2023\/04\/WhatsApp-Image-2018-10-10-at-11.56.58-2.jpeg\" alt=\"WhatsApp Image 2018-10-10 at 11.56.58 (2)\" width=\"375\" height=\"500\" \/><\/p>\n<p>El grupo ha distribuido packs de 70 pulseras en cada una de estas 17 farmacias repartidas por toda Catalu\u00f1a y el importe se destinar\u00e1 para contribuir a los programas de apoyo y prevenci\u00f3n a pacientes y familiares de c\u00e1ncer que promueve la federaci\u00f3n.<\/p>\n<p>Farmacias ecoceutics es una iniciativa creada en 1998 por un grupo de farmac\u00e9uticos con la misma visi\u00f3n de la profesi\u00f3n. Hoy en d\u00eda es un proyecto formado por farmac\u00e9uticos independientes, abierto a todos aquellos que compartan su filosof\u00eda, y que se quieran agrupar para hacer evolucionar su negocio mediante la creaci\u00f3n de un modelo de farmacia con imagen y procesos compartidos, que mejore as\u00ed su capacidad competitiva.<\/p>\n<p class=\"x_MsoNormal\">\n","protected":false},"excerpt":{"rendered":"<p>Cada una de estas farmacias ofrecer\u00e1 a sus clientes una pulsera solidaria por un precio de 1,5 euros. El grupo ha distribuido packs de 70 pulseras en cada una de estas farmacias repartidas por toda Catalu\u00f1a.<\/p>\n","protected":false},"author":1,"featured_media":10060,"comment_status":"closed","ping_status":"open","sticky":false,"template":"","format":"standard","meta":{"_acf_changed":false,"inline_featured_image":false,"footnotes":""},"categories":[84,3,86,68],"tags":[],"class_list":["post-14475","post","type-post","status-publish","format-standard","has-post-thumbnail","hentry","category-actualidad","category-actualitat","category-destacadas","category-destaquem"],"acf":[],"yoast_head":"<!-- This site is optimized with the Yoast SEO plugin v27.3 - https:\/\/yoast.com\/product\/yoast-seo-wordpress\/ -->\n<title>17 FARMACIAS DE ECOCEUTICS SE ADHIEREN A LA CAMPA\u00d1A POR EL D\u00cdA MUNDIAL DEL C\u00c1NCER DE MAMA A FAVOR DE LA FECEC - Junts contra el c\u00e0ncer - FECEC<\/title>\n<meta name=\"robots\" content=\"index, follow, max-snippet:-1, max-image-preview:large, max-video-preview:-1\" \/>\n<link rel=\"canonical\" href=\"https:\/\/juntscontraelcancer.cat\/es\/17-farmacias-de-ecoceutics-se-adhieren-a-la-campana-por-el-dia-mundial-del-cancer-de-mama-a-favor-de-la-fecec\/\" \/>\n<meta property=\"og:locale\" content=\"es_ES\" \/>\n<meta property=\"og:type\" content=\"article\" \/>\n<meta property=\"og:title\" content=\"17 FARMACIAS DE ECOCEUTICS SE ADHIEREN A LA CAMPA\u00d1A POR EL D\u00cdA MUNDIAL DEL C\u00c1NCER DE MAMA A FAVOR DE LA FECEC - Junts contra el c\u00e0ncer - FECEC\" \/>\n<meta property=\"og:description\" content=\"Cada una de estas farmacias ofrecer\u00e1 a sus clientes una pulsera solidaria por un precio de 1,5 euros. El grupo ha distribuido packs de 70 pulseras en cada una de estas farmacias repartidas por toda Catalu\u00f1a.\" \/>\n<meta property=\"og:url\" content=\"https:\/\/juntscontraelcancer.cat\/es\/17-farmacias-de-ecoceutics-se-adhieren-a-la-campana-por-el-dia-mundial-del-cancer-de-mama-a-favor-de-la-fecec\/\" \/>\n<meta property=\"og:site_name\" content=\"Junts contra el c\u00e0ncer - FECEC\" \/>\n<meta property=\"article:publisher\" content=\"https:\/\/www.facebook.com\/fecec.federacio\/\" \/>\n<meta property=\"article:published_time\" content=\"2018-10-15T22:00:00+00:00\" \/>\n<meta property=\"article:modified_time\" content=\"2023-06-08T08:47:09+00:00\" \/>\n<meta property=\"og:image\" content=\"https:\/\/juntscontraelcancer.cat\/wp-content\/uploads\/2023\/04\/WhatsApp-Image-2018-10-10-at-11.56.58-2-1.jpeg\" \/>\n\t<meta property=\"og:image:width\" content=\"375\" \/>\n\t<meta property=\"og:image:height\" content=\"500\" \/>\n\t<meta property=\"og:image:type\" content=\"image\/jpeg\" \/>\n<meta name=\"author\" content=\"Pukkas\" \/>\n<meta name=\"twitter:card\" content=\"summary_large_image\" \/>\n<meta name=\"twitter:creator\" content=\"@FececFederacio\" \/>\n<meta name=\"twitter:site\" content=\"@FececFederacio\" \/>\n<meta name=\"twitter:label1\" content=\"Escrito por\" \/>\n\t<meta name=\"twitter:data1\" content=\"Pukkas\" \/>\n\t<meta name=\"twitter:label2\" content=\"Tiempo de lectura\" \/>\n\t<meta name=\"twitter:data2\" content=\"1 minuto\" \/>\n<script type=\"application\/ld+json\" class=\"yoast-schema-graph\">{\"@context\":\"https:\\\/\\\/schema.org\",\"@graph\":[{\"@type\":\"Article\",\"@id\":\"https:\\\/\\\/juntscontraelcancer.cat\\\/es\\\/17-farmacias-de-ecoceutics-se-adhieren-a-la-campana-por-el-dia-mundial-del-cancer-de-mama-a-favor-de-la-fecec\\\/#article\",\"isPartOf\":{\"@id\":\"https:\\\/\\\/juntscontraelcancer.cat\\\/es\\\/17-farmacias-de-ecoceutics-se-adhieren-a-la-campana-por-el-dia-mundial-del-cancer-de-mama-a-favor-de-la-fecec\\\/\"},\"author\":{\"name\":\"Pukkas\",\"@id\":\"https:\\\/\\\/juntscontraelcancer.cat\\\/es\\\/#\\\/schema\\\/person\\\/14c85cb9b3aeddea8f9087bea375813f\"},\"headline\":\"17 FARMACIAS DE ECOCEUTICS SE ADHIEREN A LA CAMPA\u00d1A POR EL D\u00cdA MUNDIAL DEL C\u00c1NCER DE MAMA A FAVOR DE LA FECEC\",\"datePublished\":\"2018-10-15T22:00:00+00:00\",\"dateModified\":\"2023-06-08T08:47:09+00:00\",\"mainEntityOfPage\":{\"@id\":\"https:\\\/\\\/juntscontraelcancer.cat\\\/es\\\/17-farmacias-de-ecoceutics-se-adhieren-a-la-campana-por-el-dia-mundial-del-cancer-de-mama-a-favor-de-la-fecec\\\/\"},\"wordCount\":198,\"publisher\":{\"@id\":\"https:\\\/\\\/juntscontraelcancer.cat\\\/es\\\/#organization\"},\"image\":{\"@id\":\"https:\\\/\\\/juntscontraelcancer.cat\\\/es\\\/17-farmacias-de-ecoceutics-se-adhieren-a-la-campana-por-el-dia-mundial-del-cancer-de-mama-a-favor-de-la-fecec\\\/#primaryimage\"},\"thumbnailUrl\":\"https:\\\/\\\/juntscontraelcancer.cat\\\/wp-content\\\/uploads\\\/2023\\\/04\\\/WhatsApp-Image-2018-10-10-at-11.56.58-2-1.jpeg\",\"articleSection\":[\"Actualidad\",\"Actualitat\",\"Destacadas\",\"Destacats\"],\"inLanguage\":\"es\"},{\"@type\":\"WebPage\",\"@id\":\"https:\\\/\\\/juntscontraelcancer.cat\\\/es\\\/17-farmacias-de-ecoceutics-se-adhieren-a-la-campana-por-el-dia-mundial-del-cancer-de-mama-a-favor-de-la-fecec\\\/\",\"url\":\"https:\\\/\\\/juntscontraelcancer.cat\\\/es\\\/17-farmacias-de-ecoceutics-se-adhieren-a-la-campana-por-el-dia-mundial-del-cancer-de-mama-a-favor-de-la-fecec\\\/\",\"name\":\"17 FARMACIAS DE ECOCEUTICS SE ADHIEREN A LA CAMPA\u00d1A POR EL D\u00cdA MUNDIAL DEL C\u00c1NCER DE MAMA A FAVOR DE LA FECEC - Junts contra el c\u00e0ncer - FECEC\",\"isPartOf\":{\"@id\":\"https:\\\/\\\/juntscontraelcancer.cat\\\/es\\\/#website\"},\"primaryImageOfPage\":{\"@id\":\"https:\\\/\\\/juntscontraelcancer.cat\\\/es\\\/17-farmacias-de-ecoceutics-se-adhieren-a-la-campana-por-el-dia-mundial-del-cancer-de-mama-a-favor-de-la-fecec\\\/#primaryimage\"},\"image\":{\"@id\":\"https:\\\/\\\/juntscontraelcancer.cat\\\/es\\\/17-farmacias-de-ecoceutics-se-adhieren-a-la-campana-por-el-dia-mundial-del-cancer-de-mama-a-favor-de-la-fecec\\\/#primaryimage\"},\"thumbnailUrl\":\"https:\\\/\\\/juntscontraelcancer.cat\\\/wp-content\\\/uploads\\\/2023\\\/04\\\/WhatsApp-Image-2018-10-10-at-11.56.58-2-1.jpeg\",\"datePublished\":\"2018-10-15T22:00:00+00:00\",\"dateModified\":\"2023-06-08T08:47:09+00:00\",\"breadcrumb\":{\"@id\":\"https:\\\/\\\/juntscontraelcancer.cat\\\/es\\\/17-farmacias-de-ecoceutics-se-adhieren-a-la-campana-por-el-dia-mundial-del-cancer-de-mama-a-favor-de-la-fecec\\\/#breadcrumb\"},\"inLanguage\":\"es\",\"potentialAction\":[{\"@type\":\"ReadAction\",\"target\":[\"https:\\\/\\\/juntscontraelcancer.cat\\\/es\\\/17-farmacias-de-ecoceutics-se-adhieren-a-la-campana-por-el-dia-mundial-del-cancer-de-mama-a-favor-de-la-fecec\\\/\"]}]},{\"@type\":\"ImageObject\",\"inLanguage\":\"es\",\"@id\":\"https:\\\/\\\/juntscontraelcancer.cat\\\/es\\\/17-farmacias-de-ecoceutics-se-adhieren-a-la-campana-por-el-dia-mundial-del-cancer-de-mama-a-favor-de-la-fecec\\\/#primaryimage\",\"url\":\"https:\\\/\\\/juntscontraelcancer.cat\\\/wp-content\\\/uploads\\\/2023\\\/04\\\/WhatsApp-Image-2018-10-10-at-11.56.58-2-1.jpeg\",\"contentUrl\":\"https:\\\/\\\/juntscontraelcancer.cat\\\/wp-content\\\/uploads\\\/2023\\\/04\\\/WhatsApp-Image-2018-10-10-at-11.56.58-2-1.jpeg\",\"width\":375,\"height\":500},{\"@type\":\"BreadcrumbList\",\"@id\":\"https:\\\/\\\/juntscontraelcancer.cat\\\/es\\\/17-farmacias-de-ecoceutics-se-adhieren-a-la-campana-por-el-dia-mundial-del-cancer-de-mama-a-favor-de-la-fecec\\\/#breadcrumb\",\"itemListElement\":[{\"@type\":\"ListItem\",\"position\":1,\"name\":\"Inicio\",\"item\":\"https:\\\/\\\/juntscontraelcancer.cat\\\/es\\\/\"},{\"@type\":\"ListItem\",\"position\":2,\"name\":\"17 FARMACIAS DE ECOCEUTICS SE ADHIEREN A LA CAMPA\u00d1A POR EL D\u00cdA MUNDIAL DEL C\u00c1NCER DE MAMA A FAVOR DE LA FECEC\"}]},{\"@type\":\"WebSite\",\"@id\":\"https:\\\/\\\/juntscontraelcancer.cat\\\/es\\\/#website\",\"url\":\"https:\\\/\\\/juntscontraelcancer.cat\\\/es\\\/\",\"name\":\"Junts contra el c\u00e0ncer - FECEC\",\"description\":\"\",\"publisher\":{\"@id\":\"https:\\\/\\\/juntscontraelcancer.cat\\\/es\\\/#organization\"},\"potentialAction\":[{\"@type\":\"SearchAction\",\"target\":{\"@type\":\"EntryPoint\",\"urlTemplate\":\"https:\\\/\\\/juntscontraelcancer.cat\\\/es\\\/?s={search_term_string}\"},\"query-input\":{\"@type\":\"PropertyValueSpecification\",\"valueRequired\":true,\"valueName\":\"search_term_string\"}}],\"inLanguage\":\"es\"},{\"@type\":\"Organization\",\"@id\":\"https:\\\/\\\/juntscontraelcancer.cat\\\/es\\\/#organization\",\"name\":\"Junts contra el c\u00e0ncer - FECEC\",\"url\":\"https:\\\/\\\/juntscontraelcancer.cat\\\/es\\\/\",\"logo\":{\"@type\":\"ImageObject\",\"inLanguage\":\"es\",\"@id\":\"https:\\\/\\\/juntscontraelcancer.cat\\\/es\\\/#\\\/schema\\\/logo\\\/image\\\/\",\"url\":\"https:\\\/\\\/juntscontraelcancer.cat\\\/wp-content\\\/uploads\\\/2023\\\/01\\\/logo-fecec-header.png\",\"contentUrl\":\"https:\\\/\\\/juntscontraelcancer.cat\\\/wp-content\\\/uploads\\\/2023\\\/01\\\/logo-fecec-header.png\",\"width\":126,\"height\":74,\"caption\":\"Junts contra el c\u00e0ncer - FECEC\"},\"image\":{\"@id\":\"https:\\\/\\\/juntscontraelcancer.cat\\\/es\\\/#\\\/schema\\\/logo\\\/image\\\/\"},\"sameAs\":[\"https:\\\/\\\/www.facebook.com\\\/fecec.federacio\\\/\",\"https:\\\/\\\/x.com\\\/FececFederacio\",\"https:\\\/\\\/www.instagram.com\\\/fececfederacio\\\/?hl=es\",\"https:\\\/\\\/www.youtube.com\\\/channel\\\/UCgAC_6c6hmHwMQhSCQyYBdA\"]},{\"@type\":\"Person\",\"@id\":\"https:\\\/\\\/juntscontraelcancer.cat\\\/es\\\/#\\\/schema\\\/person\\\/14c85cb9b3aeddea8f9087bea375813f\",\"name\":\"Pukkas\",\"image\":{\"@type\":\"ImageObject\",\"inLanguage\":\"es\",\"@id\":\"https:\\\/\\\/secure.gravatar.com\\\/avatar\\\/7433209641beafe57dbfd32b83f1c28fb7da2f23c98b47d02c7623ce350a0e9f?s=96&d=mm&r=g\",\"url\":\"https:\\\/\\\/secure.gravatar.com\\\/avatar\\\/7433209641beafe57dbfd32b83f1c28fb7da2f23c98b47d02c7623ce350a0e9f?s=96&d=mm&r=g\",\"contentUrl\":\"https:\\\/\\\/secure.gravatar.com\\\/avatar\\\/7433209641beafe57dbfd32b83f1c28fb7da2f23c98b47d02c7623ce350a0e9f?s=96&d=mm&r=g\",\"caption\":\"Pukkas\"},\"sameAs\":[\"https:\\\/\\\/juntscontraelcancer.cat\"]}]}<\/script>\n<!-- \/ Yoast SEO plugin. -->","yoast_head_json":{"title":"17 FARMACIAS DE ECOCEUTICS SE ADHIEREN A LA CAMPA\u00d1A POR EL D\u00cdA MUNDIAL DEL C\u00c1NCER DE MAMA A FAVOR DE LA FECEC - Junts contra el c\u00e0ncer - FECEC","robots":{"index":"index","follow":"follow","max-snippet":"max-snippet:-1","max-image-preview":"max-image-preview:large","max-video-preview":"max-video-preview:-1"},"canonical":"https:\/\/juntscontraelcancer.cat\/es\/17-farmacias-de-ecoceutics-se-adhieren-a-la-campana-por-el-dia-mundial-del-cancer-de-mama-a-favor-de-la-fecec\/","og_locale":"es_ES","og_type":"article","og_title":"17 FARMACIAS DE ECOCEUTICS SE ADHIEREN A LA CAMPA\u00d1A POR EL D\u00cdA MUNDIAL DEL C\u00c1NCER DE MAMA A FAVOR DE LA FECEC - Junts contra el c\u00e0ncer - FECEC","og_description":"Cada una de estas farmacias ofrecer\u00e1 a sus clientes una pulsera solidaria por un precio de 1,5 euros. El grupo ha distribuido packs de 70 pulseras en cada una de estas farmacias repartidas por toda Catalu\u00f1a.","og_url":"https:\/\/juntscontraelcancer.cat\/es\/17-farmacias-de-ecoceutics-se-adhieren-a-la-campana-por-el-dia-mundial-del-cancer-de-mama-a-favor-de-la-fecec\/","og_site_name":"Junts contra el c\u00e0ncer - FECEC","article_publisher":"https:\/\/www.facebook.com\/fecec.federacio\/","article_published_time":"2018-10-15T22:00:00+00:00","article_modified_time":"2023-06-08T08:47:09+00:00","og_image":[{"width":375,"height":500,"url":"https:\/\/juntscontraelcancer.cat\/wp-content\/uploads\/2023\/04\/WhatsApp-Image-2018-10-10-at-11.56.58-2-1.jpeg","type":"image\/jpeg"}],"author":"Pukkas","twitter_card":"summary_large_image","twitter_creator":"@FececFederacio","twitter_site":"@FececFederacio","twitter_misc":{"Escrito por":"Pukkas","Tiempo de lectura":"1 minuto"},"schema":{"@context":"https:\/\/schema.org","@graph":[{"@type":"Article","@id":"https:\/\/juntscontraelcancer.cat\/es\/17-farmacias-de-ecoceutics-se-adhieren-a-la-campana-por-el-dia-mundial-del-cancer-de-mama-a-favor-de-la-fecec\/#article","isPartOf":{"@id":"https:\/\/juntscontraelcancer.cat\/es\/17-farmacias-de-ecoceutics-se-adhieren-a-la-campana-por-el-dia-mundial-del-cancer-de-mama-a-favor-de-la-fecec\/"},"author":{"name":"Pukkas","@id":"https:\/\/juntscontraelcancer.cat\/es\/#\/schema\/person\/14c85cb9b3aeddea8f9087bea375813f"},"headline":"17 FARMACIAS DE ECOCEUTICS SE ADHIEREN A LA CAMPA\u00d1A POR EL D\u00cdA MUNDIAL DEL C\u00c1NCER DE MAMA A FAVOR DE LA FECEC","datePublished":"2018-10-15T22:00:00+00:00","dateModified":"2023-06-08T08:47:09+00:00","mainEntityOfPage":{"@id":"https:\/\/juntscontraelcancer.cat\/es\/17-farmacias-de-ecoceutics-se-adhieren-a-la-campana-por-el-dia-mundial-del-cancer-de-mama-a-favor-de-la-fecec\/"},"wordCount":198,"publisher":{"@id":"https:\/\/juntscontraelcancer.cat\/es\/#organization"},"image":{"@id":"https:\/\/juntscontraelcancer.cat\/es\/17-farmacias-de-ecoceutics-se-adhieren-a-la-campana-por-el-dia-mundial-del-cancer-de-mama-a-favor-de-la-fecec\/#primaryimage"},"thumbnailUrl":"https:\/\/juntscontraelcancer.cat\/wp-content\/uploads\/2023\/04\/WhatsApp-Image-2018-10-10-at-11.56.58-2-1.jpeg","articleSection":["Actualidad","Actualitat","Destacadas","Destacats"],"inLanguage":"es"},{"@type":"WebPage","@id":"https:\/\/juntscontraelcancer.cat\/es\/17-farmacias-de-ecoceutics-se-adhieren-a-la-campana-por-el-dia-mundial-del-cancer-de-mama-a-favor-de-la-fecec\/","url":"https:\/\/juntscontraelcancer.cat\/es\/17-farmacias-de-ecoceutics-se-adhieren-a-la-campana-por-el-dia-mundial-del-cancer-de-mama-a-favor-de-la-fecec\/","name":"17 FARMACIAS DE ECOCEUTICS SE ADHIEREN A LA CAMPA\u00d1A POR EL D\u00cdA MUNDIAL DEL C\u00c1NCER DE MAMA A FAVOR DE LA FECEC - Junts contra el c\u00e0ncer - FECEC","isPartOf":{"@id":"https:\/\/juntscontraelcancer.cat\/es\/#website"},"primaryImageOfPage":{"@id":"https:\/\/juntscontraelcancer.cat\/es\/17-farmacias-de-ecoceutics-se-adhieren-a-la-campana-por-el-dia-mundial-del-cancer-de-mama-a-favor-de-la-fecec\/#primaryimage"},"image":{"@id":"https:\/\/juntscontraelcancer.cat\/es\/17-farmacias-de-ecoceutics-se-adhieren-a-la-campana-por-el-dia-mundial-del-cancer-de-mama-a-favor-de-la-fecec\/#primaryimage"},"thumbnailUrl":"https:\/\/juntscontraelcancer.cat\/wp-content\/uploads\/2023\/04\/WhatsApp-Image-2018-10-10-at-11.56.58-2-1.jpeg","datePublished":"2018-10-15T22:00:00+00:00","dateModified":"2023-06-08T08:47:09+00:00","breadcrumb":{"@id":"https:\/\/juntscontraelcancer.cat\/es\/17-farmacias-de-ecoceutics-se-adhieren-a-la-campana-por-el-dia-mundial-del-cancer-de-mama-a-favor-de-la-fecec\/#breadcrumb"},"inLanguage":"es","potentialAction":[{"@type":"ReadAction","target":["https:\/\/juntscontraelcancer.cat\/es\/17-farmacias-de-ecoceutics-se-adhieren-a-la-campana-por-el-dia-mundial-del-cancer-de-mama-a-favor-de-la-fecec\/"]}]},{"@type":"ImageObject","inLanguage":"es","@id":"https:\/\/juntscontraelcancer.cat\/es\/17-farmacias-de-ecoceutics-se-adhieren-a-la-campana-por-el-dia-mundial-del-cancer-de-mama-a-favor-de-la-fecec\/#primaryimage","url":"https:\/\/juntscontraelcancer.cat\/wp-content\/uploads\/2023\/04\/WhatsApp-Image-2018-10-10-at-11.56.58-2-1.jpeg","contentUrl":"https:\/\/juntscontraelcancer.cat\/wp-content\/uploads\/2023\/04\/WhatsApp-Image-2018-10-10-at-11.56.58-2-1.jpeg","width":375,"height":500},{"@type":"BreadcrumbList","@id":"https:\/\/juntscontraelcancer.cat\/es\/17-farmacias-de-ecoceutics-se-adhieren-a-la-campana-por-el-dia-mundial-del-cancer-de-mama-a-favor-de-la-fecec\/#breadcrumb","itemListElement":[{"@type":"ListItem","position":1,"name":"Inicio","item":"https:\/\/juntscontraelcancer.cat\/es\/"},{"@type":"ListItem","position":2,"name":"17 FARMACIAS DE ECOCEUTICS SE ADHIEREN A LA CAMPA\u00d1A POR EL D\u00cdA MUNDIAL DEL C\u00c1NCER DE MAMA A FAVOR DE LA FECEC"}]},{"@type":"WebSite","@id":"https:\/\/juntscontraelcancer.cat\/es\/#website","url":"https:\/\/juntscontraelcancer.cat\/es\/","name":"Junts contra el c\u00e0ncer - FECEC","description":"","publisher":{"@id":"https:\/\/juntscontraelcancer.cat\/es\/#organization"},"potentialAction":[{"@type":"SearchAction","target":{"@type":"EntryPoint","urlTemplate":"https:\/\/juntscontraelcancer.cat\/es\/?s={search_term_string}"},"query-input":{"@type":"PropertyValueSpecification","valueRequired":true,"valueName":"search_term_string"}}],"inLanguage":"es"},{"@type":"Organization","@id":"https:\/\/juntscontraelcancer.cat\/es\/#organization","name":"Junts contra el c\u00e0ncer - FECEC","url":"https:\/\/juntscontraelcancer.cat\/es\/","logo":{"@type":"ImageObject","inLanguage":"es","@id":"https:\/\/juntscontraelcancer.cat\/es\/#\/schema\/logo\/image\/","url":"https:\/\/juntscontraelcancer.cat\/wp-content\/uploads\/2023\/01\/logo-fecec-header.png","contentUrl":"https:\/\/juntscontraelcancer.cat\/wp-content\/uploads\/2023\/01\/logo-fecec-header.png","width":126,"height":74,"caption":"Junts contra el c\u00e0ncer - FECEC"},"image":{"@id":"https:\/\/juntscontraelcancer.cat\/es\/#\/schema\/logo\/image\/"},"sameAs":["https:\/\/www.facebook.com\/fecec.federacio\/","https:\/\/x.com\/FececFederacio","https:\/\/www.instagram.com\/fececfederacio\/?hl=es","https:\/\/www.youtube.com\/channel\/UCgAC_6c6hmHwMQhSCQyYBdA"]},{"@type":"Person","@id":"https:\/\/juntscontraelcancer.cat\/es\/#\/schema\/person\/14c85cb9b3aeddea8f9087bea375813f","name":"Pukkas","image":{"@type":"ImageObject","inLanguage":"es","@id":"https:\/\/secure.gravatar.com\/avatar\/7433209641beafe57dbfd32b83f1c28fb7da2f23c98b47d02c7623ce350a0e9f?s=96&d=mm&r=g","url":"https:\/\/secure.gravatar.com\/avatar\/7433209641beafe57dbfd32b83f1c28fb7da2f23c98b47d02c7623ce350a0e9f?s=96&d=mm&r=g","contentUrl":"https:\/\/secure.gravatar.com\/avatar\/7433209641beafe57dbfd32b83f1c28fb7da2f23c98b47d02c7623ce350a0e9f?s=96&d=mm&r=g","caption":"Pukkas"},"sameAs":["https:\/\/juntscontraelcancer.cat"]}]}},"_links":{"self":[{"href":"https:\/\/juntscontraelcancer.cat\/es\/wp-json\/wp\/v2\/posts\/14475","targetHints":{"allow":["GET"]}}],"collection":[{"href":"https:\/\/juntscontraelcancer.cat\/es\/wp-json\/wp\/v2\/posts"}],"about":[{"href":"https:\/\/juntscontraelcancer.cat\/es\/wp-json\/wp\/v2\/types\/post"}],"author":[{"embeddable":true,"href":"https:\/\/juntscontraelcancer.cat\/es\/wp-json\/wp\/v2\/users\/1"}],"replies":[{"embeddable":true,"href":"https:\/\/juntscontraelcancer.cat\/es\/wp-json\/wp\/v2\/comments?post=14475"}],"version-history":[{"count":1,"href":"https:\/\/juntscontraelcancer.cat\/es\/wp-json\/wp\/v2\/posts\/14475\/revisions"}],"predecessor-version":[{"id":14476,"href":"https:\/\/juntscontraelcancer.cat\/es\/wp-json\/wp\/v2\/posts\/14475\/revisions\/14476"}],"wp:featuredmedia":[{"embeddable":true,"href":"https:\/\/juntscontraelcancer.cat\/es\/wp-json\/wp\/v2\/media\/10060"}],"wp:attachment":[{"href":"https:\/\/juntscontraelcancer.cat\/es\/wp-json\/wp\/v2\/media?parent=14475"}],"wp:term":[{"taxonomy":"category","embeddable":true,"href":"https:\/\/juntscontraelcancer.cat\/es\/wp-json\/wp\/v2\/categories?post=14475"},{"taxonomy":"post_tag","embeddable":true,"href":"https:\/\/juntscontraelcancer.cat\/es\/wp-json\/wp\/v2\/tags?post=14475"}],"curies":[{"name":"wp","href":"https:\/\/api.w.org\/{rel}","templated":true}]}}