{"id":14467,"date":"2018-10-01T00:00:00","date_gmt":"2018-09-30T22:00:00","guid":{"rendered":"https:\/\/junts.enproceso.es\/6-de-octubre-dia-mundial-de-las-personas-ostomizadas\/"},"modified":"2023-06-08T10:47:10","modified_gmt":"2023-06-08T08:47:10","slug":"6-de-octubre-dia-mundial-de-las-personas-ostomizadas","status":"publish","type":"post","link":"https:\/\/juntscontraelcancer.cat\/es\/6-de-octubre-dia-mundial-de-las-personas-ostomizadas\/","title":{"rendered":"6 de octubre: D\u00eda Mundial de las personas ostomizadas"},"content":{"rendered":"<p class=\"font_8\">El 6 de octubre es <strong>el D\u00eda Mundial de la Ostomia.<\/strong> Por este motivo la Asociaci\u00f3n Catalana de Ostomizados (ACO) organiza la V Jornada sobre las personas ostomizadas bajo el lema &#8216;Vivir con una ostom\u00eda&#8217;. La jornada se celebrar\u00e1 el d\u00eda 8 de octubre, de 15 ha 18 h, en la Sala de Actos del Hospital Germans Trias i Pujol de Badalona y est\u00e1n invitadas todas aquellas personas ostomizadas y sus familiares, as\u00ed como profesionales sanitarios.<\/p>\n<p class=\"font_8\"><img loading=\"lazy\" decoding=\"async\" class=\"size-full wp-image-33249 aligncenter\" src=\"https:\/\/juntscontraelcancer.cat\/wp-content\/uploads\/2023\/04\/Viure-amb-una-ostomia-2018.jpg\" alt=\"Viure-amb-una-ostomia-2018\" width=\"389\" height=\"550\" \/><\/p>\n<p class=\"font_8\">\n<p>Hoy en d\u00eda todav\u00eda hay muchos prejuicios y tab\u00faes sobre la ostom\u00eda, como consecuencia hay un desconocimiento sobre qu\u00e9 es una ostom\u00eda y sobretodo que se puede convivir con completa normalidad. Esta falta de informaci\u00f3n dificulta la aceptaci\u00f3n y la adaptaci\u00f3n ante una ostom\u00eda.<\/p>\n<p>De ah\u00ed que el tema de la mesa coloquio de esta Jornada ser\u00e1 <strong>\u00ab\u00bfC\u00f3mo podemos dar visibilidad y normalidad a la ostom\u00eda?\u00bb<\/strong> con la participaci\u00f3n de la Referente Territorial del Programa Paciente \/ Cuidador Experto Catalu\u00f1a, Paloma Amil, la psic\u00f3loga cl\u00ednica, Cristina Bierge, la periodista, Ana Mcpherson, y la enfermera gestora de casos de c\u00e1ncer colorrectal, Lucia Ram\u00edrez.<\/p>\n<p>En esta jornada tambi\u00e9n se abordar\u00e1 el tema de las hernias paraestomales y su prevenci\u00f3n, con la intervenci\u00f3n de la enfermera cl\u00ednica experta en ostom\u00edas, M\u00aa Eugenia Zapatero y las fisioterapeutas Laia Blanco y St\u00e9phanie Kauffmann del centro RAPbarcelona.<\/p>\n<p class=\"font_8\">Por una cuesti\u00f3n de aforo de la sala se recomienda\u00a0<strong><a href=\"https:\/\/www.ostomitzats.cat\/v-jornada-persones-ostomitzades\">inscripci\u00f3n previa a trav\u00e9s de este enlace\u00a0<\/a><\/strong><\/p>\n<p class=\"font_8\"><strong>Inscripci\u00f3n gratu\u00efta:\u00a0<\/strong>93 240 58 88 o b\u00e9 per correu electr\u00f2nic a oncolliga@oncolliga.cat.<\/p>\n<p class=\"font_8\"><a href=\"https:\/\/docs.wixstatic.com\/ugd\/d1f0e8_8feb021b6ae04fc08fd57255bc942f07.pdf\"><strong>Descarga el programa de la jornada.<\/strong><\/a><\/p>\n<p class=\"font_8\">\n","protected":false},"excerpt":{"rendered":"<p>Por este motivo la Asociaci\u00f3n Catalana de Ostomizados (ACO) organiza la V Jornada sobre las personas ostomizadas bajo el lema Vivir con una ostom\u00eda. La jornada se celebrar\u00e1 el d\u00eda 8 de octubre. Puedes inscribirte en esta p\u00e1gina.<\/p>\n","protected":false},"author":1,"featured_media":9985,"comment_status":"closed","ping_status":"open","sticky":false,"template":"","format":"standard","meta":{"_acf_changed":false,"inline_featured_image":false,"footnotes":""},"categories":[84,3,86,68],"tags":[],"class_list":["post-14467","post","type-post","status-publish","format-standard","has-post-thumbnail","hentry","category-actualidad","category-actualitat","category-destacadas","category-destaquem"],"acf":[],"yoast_head":"<!-- This site is optimized with the Yoast SEO plugin v27.3 - https:\/\/yoast.com\/product\/yoast-seo-wordpress\/ -->\n<title>6 de octubre: D\u00eda Mundial de las personas ostomizadas - Junts contra el c\u00e0ncer - FECEC<\/title>\n<meta name=\"robots\" content=\"index, follow, max-snippet:-1, max-image-preview:large, max-video-preview:-1\" \/>\n<link rel=\"canonical\" href=\"https:\/\/juntscontraelcancer.cat\/es\/6-de-octubre-dia-mundial-de-las-personas-ostomizadas\/\" \/>\n<meta property=\"og:locale\" content=\"es_ES\" \/>\n<meta property=\"og:type\" content=\"article\" \/>\n<meta property=\"og:title\" content=\"6 de octubre: D\u00eda Mundial de las personas ostomizadas - Junts contra el c\u00e0ncer - FECEC\" \/>\n<meta property=\"og:description\" content=\"Por este motivo la Asociaci\u00f3n Catalana de Ostomizados (ACO) organiza la V Jornada sobre las personas ostomizadas bajo el lema Vivir con una ostom\u00eda. La jornada se celebrar\u00e1 el d\u00eda 8 de octubre. Puedes inscribirte en esta p\u00e1gina.\" \/>\n<meta property=\"og:url\" content=\"https:\/\/juntscontraelcancer.cat\/es\/6-de-octubre-dia-mundial-de-las-personas-ostomizadas\/\" \/>\n<meta property=\"og:site_name\" content=\"Junts contra el c\u00e0ncer - FECEC\" \/>\n<meta property=\"article:publisher\" content=\"https:\/\/www.facebook.com\/fecec.federacio\/\" \/>\n<meta property=\"article:published_time\" content=\"2018-09-30T22:00:00+00:00\" \/>\n<meta property=\"article:modified_time\" content=\"2023-06-08T08:47:10+00:00\" \/>\n<meta property=\"og:image\" content=\"https:\/\/juntscontraelcancer.cat\/wp-content\/uploads\/2023\/04\/1.-ostomia-destacat.jpg\" \/>\n\t<meta property=\"og:image:width\" content=\"354\" \/>\n\t<meta property=\"og:image:height\" content=\"145\" \/>\n\t<meta property=\"og:image:type\" content=\"image\/jpeg\" \/>\n<meta name=\"author\" content=\"Pukkas\" \/>\n<meta name=\"twitter:card\" content=\"summary_large_image\" \/>\n<meta name=\"twitter:creator\" content=\"@FececFederacio\" \/>\n<meta name=\"twitter:site\" content=\"@FececFederacio\" \/>\n<meta name=\"twitter:label1\" content=\"Escrito por\" \/>\n\t<meta name=\"twitter:data1\" content=\"Pukkas\" \/>\n\t<meta name=\"twitter:label2\" content=\"Tiempo de lectura\" \/>\n\t<meta name=\"twitter:data2\" content=\"1 minuto\" \/>\n<script type=\"application\/ld+json\" class=\"yoast-schema-graph\">{\"@context\":\"https:\\\/\\\/schema.org\",\"@graph\":[{\"@type\":\"Article\",\"@id\":\"https:\\\/\\\/juntscontraelcancer.cat\\\/es\\\/6-de-octubre-dia-mundial-de-las-personas-ostomizadas\\\/#article\",\"isPartOf\":{\"@id\":\"https:\\\/\\\/juntscontraelcancer.cat\\\/es\\\/6-de-octubre-dia-mundial-de-las-personas-ostomizadas\\\/\"},\"author\":{\"name\":\"Pukkas\",\"@id\":\"https:\\\/\\\/juntscontraelcancer.cat\\\/es\\\/#\\\/schema\\\/person\\\/14c85cb9b3aeddea8f9087bea375813f\"},\"headline\":\"6 de octubre: D\u00eda Mundial de las personas ostomizadas\",\"datePublished\":\"2018-09-30T22:00:00+00:00\",\"dateModified\":\"2023-06-08T08:47:10+00:00\",\"mainEntityOfPage\":{\"@id\":\"https:\\\/\\\/juntscontraelcancer.cat\\\/es\\\/6-de-octubre-dia-mundial-de-las-personas-ostomizadas\\\/\"},\"wordCount\":289,\"publisher\":{\"@id\":\"https:\\\/\\\/juntscontraelcancer.cat\\\/es\\\/#organization\"},\"image\":{\"@id\":\"https:\\\/\\\/juntscontraelcancer.cat\\\/es\\\/6-de-octubre-dia-mundial-de-las-personas-ostomizadas\\\/#primaryimage\"},\"thumbnailUrl\":\"https:\\\/\\\/juntscontraelcancer.cat\\\/wp-content\\\/uploads\\\/2023\\\/04\\\/1.-ostomia-destacat.jpg\",\"articleSection\":[\"Actualidad\",\"Actualitat\",\"Destacadas\",\"Destacats\"],\"inLanguage\":\"es\"},{\"@type\":\"WebPage\",\"@id\":\"https:\\\/\\\/juntscontraelcancer.cat\\\/es\\\/6-de-octubre-dia-mundial-de-las-personas-ostomizadas\\\/\",\"url\":\"https:\\\/\\\/juntscontraelcancer.cat\\\/es\\\/6-de-octubre-dia-mundial-de-las-personas-ostomizadas\\\/\",\"name\":\"6 de octubre: D\u00eda Mundial de las personas ostomizadas - Junts contra el c\u00e0ncer - FECEC\",\"isPartOf\":{\"@id\":\"https:\\\/\\\/juntscontraelcancer.cat\\\/es\\\/#website\"},\"primaryImageOfPage\":{\"@id\":\"https:\\\/\\\/juntscontraelcancer.cat\\\/es\\\/6-de-octubre-dia-mundial-de-las-personas-ostomizadas\\\/#primaryimage\"},\"image\":{\"@id\":\"https:\\\/\\\/juntscontraelcancer.cat\\\/es\\\/6-de-octubre-dia-mundial-de-las-personas-ostomizadas\\\/#primaryimage\"},\"thumbnailUrl\":\"https:\\\/\\\/juntscontraelcancer.cat\\\/wp-content\\\/uploads\\\/2023\\\/04\\\/1.-ostomia-destacat.jpg\",\"datePublished\":\"2018-09-30T22:00:00+00:00\",\"dateModified\":\"2023-06-08T08:47:10+00:00\",\"breadcrumb\":{\"@id\":\"https:\\\/\\\/juntscontraelcancer.cat\\\/es\\\/6-de-octubre-dia-mundial-de-las-personas-ostomizadas\\\/#breadcrumb\"},\"inLanguage\":\"es\",\"potentialAction\":[{\"@type\":\"ReadAction\",\"target\":[\"https:\\\/\\\/juntscontraelcancer.cat\\\/es\\\/6-de-octubre-dia-mundial-de-las-personas-ostomizadas\\\/\"]}]},{\"@type\":\"ImageObject\",\"inLanguage\":\"es\",\"@id\":\"https:\\\/\\\/juntscontraelcancer.cat\\\/es\\\/6-de-octubre-dia-mundial-de-las-personas-ostomizadas\\\/#primaryimage\",\"url\":\"https:\\\/\\\/juntscontraelcancer.cat\\\/wp-content\\\/uploads\\\/2023\\\/04\\\/1.-ostomia-destacat.jpg\",\"contentUrl\":\"https:\\\/\\\/juntscontraelcancer.cat\\\/wp-content\\\/uploads\\\/2023\\\/04\\\/1.-ostomia-destacat.jpg\",\"width\":354,\"height\":145},{\"@type\":\"BreadcrumbList\",\"@id\":\"https:\\\/\\\/juntscontraelcancer.cat\\\/es\\\/6-de-octubre-dia-mundial-de-las-personas-ostomizadas\\\/#breadcrumb\",\"itemListElement\":[{\"@type\":\"ListItem\",\"position\":1,\"name\":\"Inicio\",\"item\":\"https:\\\/\\\/juntscontraelcancer.cat\\\/es\\\/\"},{\"@type\":\"ListItem\",\"position\":2,\"name\":\"6 de octubre: D\u00eda Mundial de las personas ostomizadas\"}]},{\"@type\":\"WebSite\",\"@id\":\"https:\\\/\\\/juntscontraelcancer.cat\\\/es\\\/#website\",\"url\":\"https:\\\/\\\/juntscontraelcancer.cat\\\/es\\\/\",\"name\":\"Junts contra el c\u00e0ncer - FECEC\",\"description\":\"\",\"publisher\":{\"@id\":\"https:\\\/\\\/juntscontraelcancer.cat\\\/es\\\/#organization\"},\"potentialAction\":[{\"@type\":\"SearchAction\",\"target\":{\"@type\":\"EntryPoint\",\"urlTemplate\":\"https:\\\/\\\/juntscontraelcancer.cat\\\/es\\\/?s={search_term_string}\"},\"query-input\":{\"@type\":\"PropertyValueSpecification\",\"valueRequired\":true,\"valueName\":\"search_term_string\"}}],\"inLanguage\":\"es\"},{\"@type\":\"Organization\",\"@id\":\"https:\\\/\\\/juntscontraelcancer.cat\\\/es\\\/#organization\",\"name\":\"Junts contra el c\u00e0ncer - FECEC\",\"url\":\"https:\\\/\\\/juntscontraelcancer.cat\\\/es\\\/\",\"logo\":{\"@type\":\"ImageObject\",\"inLanguage\":\"es\",\"@id\":\"https:\\\/\\\/juntscontraelcancer.cat\\\/es\\\/#\\\/schema\\\/logo\\\/image\\\/\",\"url\":\"https:\\\/\\\/juntscontraelcancer.cat\\\/wp-content\\\/uploads\\\/2023\\\/01\\\/logo-fecec-header.png\",\"contentUrl\":\"https:\\\/\\\/juntscontraelcancer.cat\\\/wp-content\\\/uploads\\\/2023\\\/01\\\/logo-fecec-header.png\",\"width\":126,\"height\":74,\"caption\":\"Junts contra el c\u00e0ncer - FECEC\"},\"image\":{\"@id\":\"https:\\\/\\\/juntscontraelcancer.cat\\\/es\\\/#\\\/schema\\\/logo\\\/image\\\/\"},\"sameAs\":[\"https:\\\/\\\/www.facebook.com\\\/fecec.federacio\\\/\",\"https:\\\/\\\/x.com\\\/FececFederacio\",\"https:\\\/\\\/www.instagram.com\\\/fececfederacio\\\/?hl=es\",\"https:\\\/\\\/www.youtube.com\\\/channel\\\/UCgAC_6c6hmHwMQhSCQyYBdA\"]},{\"@type\":\"Person\",\"@id\":\"https:\\\/\\\/juntscontraelcancer.cat\\\/es\\\/#\\\/schema\\\/person\\\/14c85cb9b3aeddea8f9087bea375813f\",\"name\":\"Pukkas\",\"image\":{\"@type\":\"ImageObject\",\"inLanguage\":\"es\",\"@id\":\"https:\\\/\\\/secure.gravatar.com\\\/avatar\\\/7433209641beafe57dbfd32b83f1c28fb7da2f23c98b47d02c7623ce350a0e9f?s=96&d=mm&r=g\",\"url\":\"https:\\\/\\\/secure.gravatar.com\\\/avatar\\\/7433209641beafe57dbfd32b83f1c28fb7da2f23c98b47d02c7623ce350a0e9f?s=96&d=mm&r=g\",\"contentUrl\":\"https:\\\/\\\/secure.gravatar.com\\\/avatar\\\/7433209641beafe57dbfd32b83f1c28fb7da2f23c98b47d02c7623ce350a0e9f?s=96&d=mm&r=g\",\"caption\":\"Pukkas\"},\"sameAs\":[\"https:\\\/\\\/juntscontraelcancer.cat\"]}]}<\/script>\n<!-- \/ Yoast SEO plugin. -->","yoast_head_json":{"title":"6 de octubre: D\u00eda Mundial de las personas ostomizadas - Junts contra el c\u00e0ncer - FECEC","robots":{"index":"index","follow":"follow","max-snippet":"max-snippet:-1","max-image-preview":"max-image-preview:large","max-video-preview":"max-video-preview:-1"},"canonical":"https:\/\/juntscontraelcancer.cat\/es\/6-de-octubre-dia-mundial-de-las-personas-ostomizadas\/","og_locale":"es_ES","og_type":"article","og_title":"6 de octubre: D\u00eda Mundial de las personas ostomizadas - Junts contra el c\u00e0ncer - FECEC","og_description":"Por este motivo la Asociaci\u00f3n Catalana de Ostomizados (ACO) organiza la V Jornada sobre las personas ostomizadas bajo el lema Vivir con una ostom\u00eda. La jornada se celebrar\u00e1 el d\u00eda 8 de octubre. Puedes inscribirte en esta p\u00e1gina.","og_url":"https:\/\/juntscontraelcancer.cat\/es\/6-de-octubre-dia-mundial-de-las-personas-ostomizadas\/","og_site_name":"Junts contra el c\u00e0ncer - FECEC","article_publisher":"https:\/\/www.facebook.com\/fecec.federacio\/","article_published_time":"2018-09-30T22:00:00+00:00","article_modified_time":"2023-06-08T08:47:10+00:00","og_image":[{"width":354,"height":145,"url":"https:\/\/juntscontraelcancer.cat\/wp-content\/uploads\/2023\/04\/1.-ostomia-destacat.jpg","type":"image\/jpeg"}],"author":"Pukkas","twitter_card":"summary_large_image","twitter_creator":"@FececFederacio","twitter_site":"@FececFederacio","twitter_misc":{"Escrito por":"Pukkas","Tiempo de lectura":"1 minuto"},"schema":{"@context":"https:\/\/schema.org","@graph":[{"@type":"Article","@id":"https:\/\/juntscontraelcancer.cat\/es\/6-de-octubre-dia-mundial-de-las-personas-ostomizadas\/#article","isPartOf":{"@id":"https:\/\/juntscontraelcancer.cat\/es\/6-de-octubre-dia-mundial-de-las-personas-ostomizadas\/"},"author":{"name":"Pukkas","@id":"https:\/\/juntscontraelcancer.cat\/es\/#\/schema\/person\/14c85cb9b3aeddea8f9087bea375813f"},"headline":"6 de octubre: D\u00eda Mundial de las personas ostomizadas","datePublished":"2018-09-30T22:00:00+00:00","dateModified":"2023-06-08T08:47:10+00:00","mainEntityOfPage":{"@id":"https:\/\/juntscontraelcancer.cat\/es\/6-de-octubre-dia-mundial-de-las-personas-ostomizadas\/"},"wordCount":289,"publisher":{"@id":"https:\/\/juntscontraelcancer.cat\/es\/#organization"},"image":{"@id":"https:\/\/juntscontraelcancer.cat\/es\/6-de-octubre-dia-mundial-de-las-personas-ostomizadas\/#primaryimage"},"thumbnailUrl":"https:\/\/juntscontraelcancer.cat\/wp-content\/uploads\/2023\/04\/1.-ostomia-destacat.jpg","articleSection":["Actualidad","Actualitat","Destacadas","Destacats"],"inLanguage":"es"},{"@type":"WebPage","@id":"https:\/\/juntscontraelcancer.cat\/es\/6-de-octubre-dia-mundial-de-las-personas-ostomizadas\/","url":"https:\/\/juntscontraelcancer.cat\/es\/6-de-octubre-dia-mundial-de-las-personas-ostomizadas\/","name":"6 de octubre: D\u00eda Mundial de las personas ostomizadas - Junts contra el c\u00e0ncer - FECEC","isPartOf":{"@id":"https:\/\/juntscontraelcancer.cat\/es\/#website"},"primaryImageOfPage":{"@id":"https:\/\/juntscontraelcancer.cat\/es\/6-de-octubre-dia-mundial-de-las-personas-ostomizadas\/#primaryimage"},"image":{"@id":"https:\/\/juntscontraelcancer.cat\/es\/6-de-octubre-dia-mundial-de-las-personas-ostomizadas\/#primaryimage"},"thumbnailUrl":"https:\/\/juntscontraelcancer.cat\/wp-content\/uploads\/2023\/04\/1.-ostomia-destacat.jpg","datePublished":"2018-09-30T22:00:00+00:00","dateModified":"2023-06-08T08:47:10+00:00","breadcrumb":{"@id":"https:\/\/juntscontraelcancer.cat\/es\/6-de-octubre-dia-mundial-de-las-personas-ostomizadas\/#breadcrumb"},"inLanguage":"es","potentialAction":[{"@type":"ReadAction","target":["https:\/\/juntscontraelcancer.cat\/es\/6-de-octubre-dia-mundial-de-las-personas-ostomizadas\/"]}]},{"@type":"ImageObject","inLanguage":"es","@id":"https:\/\/juntscontraelcancer.cat\/es\/6-de-octubre-dia-mundial-de-las-personas-ostomizadas\/#primaryimage","url":"https:\/\/juntscontraelcancer.cat\/wp-content\/uploads\/2023\/04\/1.-ostomia-destacat.jpg","contentUrl":"https:\/\/juntscontraelcancer.cat\/wp-content\/uploads\/2023\/04\/1.-ostomia-destacat.jpg","width":354,"height":145},{"@type":"BreadcrumbList","@id":"https:\/\/juntscontraelcancer.cat\/es\/6-de-octubre-dia-mundial-de-las-personas-ostomizadas\/#breadcrumb","itemListElement":[{"@type":"ListItem","position":1,"name":"Inicio","item":"https:\/\/juntscontraelcancer.cat\/es\/"},{"@type":"ListItem","position":2,"name":"6 de octubre: D\u00eda Mundial de las personas ostomizadas"}]},{"@type":"WebSite","@id":"https:\/\/juntscontraelcancer.cat\/es\/#website","url":"https:\/\/juntscontraelcancer.cat\/es\/","name":"Junts contra el c\u00e0ncer - FECEC","description":"","publisher":{"@id":"https:\/\/juntscontraelcancer.cat\/es\/#organization"},"potentialAction":[{"@type":"SearchAction","target":{"@type":"EntryPoint","urlTemplate":"https:\/\/juntscontraelcancer.cat\/es\/?s={search_term_string}"},"query-input":{"@type":"PropertyValueSpecification","valueRequired":true,"valueName":"search_term_string"}}],"inLanguage":"es"},{"@type":"Organization","@id":"https:\/\/juntscontraelcancer.cat\/es\/#organization","name":"Junts contra el c\u00e0ncer - FECEC","url":"https:\/\/juntscontraelcancer.cat\/es\/","logo":{"@type":"ImageObject","inLanguage":"es","@id":"https:\/\/juntscontraelcancer.cat\/es\/#\/schema\/logo\/image\/","url":"https:\/\/juntscontraelcancer.cat\/wp-content\/uploads\/2023\/01\/logo-fecec-header.png","contentUrl":"https:\/\/juntscontraelcancer.cat\/wp-content\/uploads\/2023\/01\/logo-fecec-header.png","width":126,"height":74,"caption":"Junts contra el c\u00e0ncer - FECEC"},"image":{"@id":"https:\/\/juntscontraelcancer.cat\/es\/#\/schema\/logo\/image\/"},"sameAs":["https:\/\/www.facebook.com\/fecec.federacio\/","https:\/\/x.com\/FececFederacio","https:\/\/www.instagram.com\/fececfederacio\/?hl=es","https:\/\/www.youtube.com\/channel\/UCgAC_6c6hmHwMQhSCQyYBdA"]},{"@type":"Person","@id":"https:\/\/juntscontraelcancer.cat\/es\/#\/schema\/person\/14c85cb9b3aeddea8f9087bea375813f","name":"Pukkas","image":{"@type":"ImageObject","inLanguage":"es","@id":"https:\/\/secure.gravatar.com\/avatar\/7433209641beafe57dbfd32b83f1c28fb7da2f23c98b47d02c7623ce350a0e9f?s=96&d=mm&r=g","url":"https:\/\/secure.gravatar.com\/avatar\/7433209641beafe57dbfd32b83f1c28fb7da2f23c98b47d02c7623ce350a0e9f?s=96&d=mm&r=g","contentUrl":"https:\/\/secure.gravatar.com\/avatar\/7433209641beafe57dbfd32b83f1c28fb7da2f23c98b47d02c7623ce350a0e9f?s=96&d=mm&r=g","caption":"Pukkas"},"sameAs":["https:\/\/juntscontraelcancer.cat"]}]}},"_links":{"self":[{"href":"https:\/\/juntscontraelcancer.cat\/es\/wp-json\/wp\/v2\/posts\/14467","targetHints":{"allow":["GET"]}}],"collection":[{"href":"https:\/\/juntscontraelcancer.cat\/es\/wp-json\/wp\/v2\/posts"}],"about":[{"href":"https:\/\/juntscontraelcancer.cat\/es\/wp-json\/wp\/v2\/types\/post"}],"author":[{"embeddable":true,"href":"https:\/\/juntscontraelcancer.cat\/es\/wp-json\/wp\/v2\/users\/1"}],"replies":[{"embeddable":true,"href":"https:\/\/juntscontraelcancer.cat\/es\/wp-json\/wp\/v2\/comments?post=14467"}],"version-history":[{"count":1,"href":"https:\/\/juntscontraelcancer.cat\/es\/wp-json\/wp\/v2\/posts\/14467\/revisions"}],"predecessor-version":[{"id":14468,"href":"https:\/\/juntscontraelcancer.cat\/es\/wp-json\/wp\/v2\/posts\/14467\/revisions\/14468"}],"wp:featuredmedia":[{"embeddable":true,"href":"https:\/\/juntscontraelcancer.cat\/es\/wp-json\/wp\/v2\/media\/9985"}],"wp:attachment":[{"href":"https:\/\/juntscontraelcancer.cat\/es\/wp-json\/wp\/v2\/media?parent=14467"}],"wp:term":[{"taxonomy":"category","embeddable":true,"href":"https:\/\/juntscontraelcancer.cat\/es\/wp-json\/wp\/v2\/categories?post=14467"},{"taxonomy":"post_tag","embeddable":true,"href":"https:\/\/juntscontraelcancer.cat\/es\/wp-json\/wp\/v2\/tags?post=14467"}],"curies":[{"name":"wp","href":"https:\/\/api.w.org\/{rel}","templated":true}]}}