{"id":14453,"date":"2018-05-28T00:00:00","date_gmt":"2018-05-27T22:00:00","guid":{"rendered":"https:\/\/junts.enproceso.es\/aprovada-la-memoria-anual-de-la-fecec-de-2017\/"},"modified":"2023-06-08T10:47:12","modified_gmt":"2023-06-08T08:47:12","slug":"aprovada-la-memoria-anual-de-la-fecec-de-2017","status":"publish","type":"post","link":"https:\/\/juntscontraelcancer.cat\/es\/aprovada-la-memoria-anual-de-la-fecec-de-2017\/","title":{"rendered":"Aprovada la memoria anual de la FECEC de 2017"},"content":{"rendered":"<p>La Junta y la Asamblea General de la FECEC, reunida el mes de mayo, aprob\u00f3, entre otros puntos las cuentas del a\u00f1o 2017 y la Memoria de Actividades de la Federaci\u00f3n.<\/p>\n<p><img loading=\"lazy\" decoding=\"async\" class=\"aligncenter wp-image-32848\" src=\"https:\/\/juntscontraelcancer.cat\/wp-content\/uploads\/2023\/04\/memoria-fecec-2017.jpg\" alt=\"memoria fecec 2017\" width=\"500\" height=\"368\" \/><\/p>\n<p>&nbsp;<\/p>\n<p>La FECEC representa, con las entidades federadas, a un total de 15.000 pacientes y familias que han sido atendidas por las entidades, 4700 voluntarios oncol\u00f3gicos, 87,450 socios que dan apoyo econ\u00f3mico y 120 trabajadores.<\/p>\n<p>As\u00ed durante el 2017, cabe destacar que desde el mes de octubre, la FECEC ha sido elegida miembro de la Junta Directiva de la Mesa del Tercer Sector Social de Catalu\u00f1a para el mandato 2017-2020.<\/p>\n<p>En cuanto al programa de servicios a las entidades, durante el a\u00f1o 2017, la FECEC ha asistido a 47 reuniones en representaci\u00f3n de las entidades federadas en m\u00e1s de 15 \u00f3rganos y entidades. Tambi\u00e9n ha atendido y derivado 164 peticiones externas hacia las entidades federadas y ha enviado 25 boletines, 42 recortes de prensa semanal. Finalmente, ha participado en 8 jornadas de divulgaci\u00f3n y ha organizado las 8 reuniones de los 2 grupos de trabajo.<\/p>\n<p>Otro de los objetivos de la FECEC es promover y llevar a cabo estudios de investigaci\u00f3n sobre el c\u00e1ncer a nivel psicosocial. Tambi\u00e9n, cada a\u00f1o, elabora un censo de informaci\u00f3n sobre la actividad del sector.<\/p>\n<p>En este sentido en 2017, la federaci\u00f3n ha editado la FECEC en Cifras 2016, donde se detallan los diferentes servicios y actuaciones que se han realizado durante el a\u00f1o en el conjunto de las entidades para atender el total de 15.000 pacientes y familias.<\/p>\n<p>En cuanto al programa de prevenci\u00f3n y divulgaci\u00f3n, durante el 2017, la FECEC ha organizado 76 actos con 60.470 participantes y un impacto a m\u00e1s de 210.000 personas.<\/p>\n<p>En la misma l\u00ednea y dentro del programa de Fomento del Voluntariado en el \u00e1mbito oncol\u00f3gico, la FECEC ha organizado 4 cursos de formaci\u00f3n con 310 voluntarios formados y se han organizado 4 sesiones para formar 13 coordinadores de voluntariado.<\/p>\n<p>Finalmente, dentro del programa Despu\u00e9s del C\u00e1ncer, destacar que el &#8216;Reanudar, Servicio de Orientaci\u00f3n Laboral Despu\u00e9s del C\u00e1ncer, iniciado en abril de 2017, ha atendido a 22 usuarios de los cuales 4 han encontrado un trabajo.<\/p>\n<p>Destacar tambi\u00e9n que el espacio digital <a href=\"http:\/\/despresdelcancer.cat\">www.despresdelcancer.cat <\/a>ha recibido el premio estatal de mejor web de &#8216;Somos Pacientes&#8217; y que el lanzamiento de la prueba piloto en el vall\u00e8s Oriental de &#8216;Qu\u00e9 hacer cuando aparece el c\u00e1ncer en el trabajo&#8217; ya cuenta con 13 alianzas en el el territorio 3 empresas OncoCompromeses y 8 intervenciones.<\/p>\n<p>Dentro de este mismo programa de Despu\u00e9s del C\u00e1ncer, destacar la Jornada de Trabajo con el Instituto Catal\u00e1n de Evaluaciones M\u00e9dicas (ICAM) en abril.<\/p>\n<p><strong><a href=\"http:\/\/www.juntscontraelcancer.cat\/wp-content\/uploads\/2018\/05\/604_MEMORIA_fecec-2017-ilovepdf-compressed.pdf\">Puedes descargarte la memoria completa aqu\u00ed:<\/a><\/strong><\/p>\n","protected":false},"excerpt":{"rendered":"<p>La FECEC representa, con las entidades federadas, a un total de 15.000 pacientes y familias que han sido atendidas por las entidades, 4700 voluntarios oncol\u00f3gicos, 87,450 socios que dan apoyo econ\u00f3mico y 120 trabajadores. As\u00ed durante el 2017, cabe destacar que desde el mes de octubre, la FECEC ha sido elegida miembro de la Junta Directiva de la Mesa del Tercer Sector Social de Catalu\u00f1a para el mandato 2017-2020.<\/p>\n","protected":false},"author":1,"featured_media":9776,"comment_status":"closed","ping_status":"open","sticky":false,"template":"","format":"standard","meta":{"_acf_changed":false,"inline_featured_image":false,"footnotes":""},"categories":[84,3,86,68],"tags":[],"class_list":["post-14453","post","type-post","status-publish","format-standard","has-post-thumbnail","hentry","category-actualidad","category-actualitat","category-destacadas","category-destaquem"],"acf":[],"yoast_head":"<!-- This site is optimized with the Yoast SEO plugin v27.3 - https:\/\/yoast.com\/product\/yoast-seo-wordpress\/ -->\n<title>Aprovada la memoria anual de la FECEC de 2017 - Junts contra el c\u00e0ncer - FECEC<\/title>\n<meta name=\"robots\" content=\"index, follow, max-snippet:-1, max-image-preview:large, max-video-preview:-1\" \/>\n<link rel=\"canonical\" href=\"https:\/\/juntscontraelcancer.cat\/es\/aprovada-la-memoria-anual-de-la-fecec-de-2017\/\" \/>\n<meta property=\"og:locale\" content=\"es_ES\" \/>\n<meta property=\"og:type\" content=\"article\" \/>\n<meta property=\"og:title\" content=\"Aprovada la memoria anual de la FECEC de 2017 - Junts contra el c\u00e0ncer - FECEC\" \/>\n<meta property=\"og:description\" content=\"La FECEC representa, con las entidades federadas, a un total de 15.000 pacientes y familias que han sido atendidas por las entidades, 4700 voluntarios oncol\u00f3gicos, 87,450 socios que dan apoyo econ\u00f3mico y 120 trabajadores. As\u00ed durante el 2017, cabe destacar que desde el mes de octubre, la FECEC ha sido elegida miembro de la Junta Directiva de la Mesa del Tercer Sector Social de Catalu\u00f1a para el mandato 2017-2020.\" \/>\n<meta property=\"og:url\" content=\"https:\/\/juntscontraelcancer.cat\/es\/aprovada-la-memoria-anual-de-la-fecec-de-2017\/\" \/>\n<meta property=\"og:site_name\" content=\"Junts contra el c\u00e0ncer - FECEC\" \/>\n<meta property=\"article:publisher\" content=\"https:\/\/www.facebook.com\/fecec.federacio\/\" \/>\n<meta property=\"article:published_time\" content=\"2018-05-27T22:00:00+00:00\" \/>\n<meta property=\"article:modified_time\" content=\"2023-06-08T08:47:12+00:00\" \/>\n<meta property=\"og:image\" content=\"https:\/\/juntscontraelcancer.cat\/wp-content\/uploads\/2023\/04\/destacat-memoria-fecec-2017.jpg\" \/>\n\t<meta property=\"og:image:width\" content=\"354\" \/>\n\t<meta property=\"og:image:height\" content=\"145\" \/>\n\t<meta property=\"og:image:type\" content=\"image\/jpeg\" \/>\n<meta name=\"author\" content=\"Pukkas\" \/>\n<meta name=\"twitter:card\" content=\"summary_large_image\" \/>\n<meta name=\"twitter:creator\" content=\"@FececFederacio\" \/>\n<meta name=\"twitter:site\" content=\"@FececFederacio\" \/>\n<meta name=\"twitter:label1\" content=\"Escrito por\" \/>\n\t<meta name=\"twitter:data1\" content=\"Pukkas\" \/>\n\t<meta name=\"twitter:label2\" content=\"Tiempo de lectura\" \/>\n\t<meta name=\"twitter:data2\" content=\"2 minutos\" \/>\n<script type=\"application\/ld+json\" class=\"yoast-schema-graph\">{\"@context\":\"https:\\\/\\\/schema.org\",\"@graph\":[{\"@type\":\"Article\",\"@id\":\"https:\\\/\\\/juntscontraelcancer.cat\\\/es\\\/aprovada-la-memoria-anual-de-la-fecec-de-2017\\\/#article\",\"isPartOf\":{\"@id\":\"https:\\\/\\\/juntscontraelcancer.cat\\\/es\\\/aprovada-la-memoria-anual-de-la-fecec-de-2017\\\/\"},\"author\":{\"name\":\"Pukkas\",\"@id\":\"https:\\\/\\\/juntscontraelcancer.cat\\\/es\\\/#\\\/schema\\\/person\\\/14c85cb9b3aeddea8f9087bea375813f\"},\"headline\":\"Aprovada la memoria anual de la FECEC de 2017\",\"datePublished\":\"2018-05-27T22:00:00+00:00\",\"dateModified\":\"2023-06-08T08:47:12+00:00\",\"mainEntityOfPage\":{\"@id\":\"https:\\\/\\\/juntscontraelcancer.cat\\\/es\\\/aprovada-la-memoria-anual-de-la-fecec-de-2017\\\/\"},\"wordCount\":457,\"publisher\":{\"@id\":\"https:\\\/\\\/juntscontraelcancer.cat\\\/es\\\/#organization\"},\"image\":{\"@id\":\"https:\\\/\\\/juntscontraelcancer.cat\\\/es\\\/aprovada-la-memoria-anual-de-la-fecec-de-2017\\\/#primaryimage\"},\"thumbnailUrl\":\"https:\\\/\\\/juntscontraelcancer.cat\\\/wp-content\\\/uploads\\\/2023\\\/04\\\/destacat-memoria-fecec-2017.jpg\",\"articleSection\":[\"Actualidad\",\"Actualitat\",\"Destacadas\",\"Destacats\"],\"inLanguage\":\"es\"},{\"@type\":\"WebPage\",\"@id\":\"https:\\\/\\\/juntscontraelcancer.cat\\\/es\\\/aprovada-la-memoria-anual-de-la-fecec-de-2017\\\/\",\"url\":\"https:\\\/\\\/juntscontraelcancer.cat\\\/es\\\/aprovada-la-memoria-anual-de-la-fecec-de-2017\\\/\",\"name\":\"Aprovada la memoria anual de la FECEC de 2017 - Junts contra el c\u00e0ncer - FECEC\",\"isPartOf\":{\"@id\":\"https:\\\/\\\/juntscontraelcancer.cat\\\/es\\\/#website\"},\"primaryImageOfPage\":{\"@id\":\"https:\\\/\\\/juntscontraelcancer.cat\\\/es\\\/aprovada-la-memoria-anual-de-la-fecec-de-2017\\\/#primaryimage\"},\"image\":{\"@id\":\"https:\\\/\\\/juntscontraelcancer.cat\\\/es\\\/aprovada-la-memoria-anual-de-la-fecec-de-2017\\\/#primaryimage\"},\"thumbnailUrl\":\"https:\\\/\\\/juntscontraelcancer.cat\\\/wp-content\\\/uploads\\\/2023\\\/04\\\/destacat-memoria-fecec-2017.jpg\",\"datePublished\":\"2018-05-27T22:00:00+00:00\",\"dateModified\":\"2023-06-08T08:47:12+00:00\",\"breadcrumb\":{\"@id\":\"https:\\\/\\\/juntscontraelcancer.cat\\\/es\\\/aprovada-la-memoria-anual-de-la-fecec-de-2017\\\/#breadcrumb\"},\"inLanguage\":\"es\",\"potentialAction\":[{\"@type\":\"ReadAction\",\"target\":[\"https:\\\/\\\/juntscontraelcancer.cat\\\/es\\\/aprovada-la-memoria-anual-de-la-fecec-de-2017\\\/\"]}]},{\"@type\":\"ImageObject\",\"inLanguage\":\"es\",\"@id\":\"https:\\\/\\\/juntscontraelcancer.cat\\\/es\\\/aprovada-la-memoria-anual-de-la-fecec-de-2017\\\/#primaryimage\",\"url\":\"https:\\\/\\\/juntscontraelcancer.cat\\\/wp-content\\\/uploads\\\/2023\\\/04\\\/destacat-memoria-fecec-2017.jpg\",\"contentUrl\":\"https:\\\/\\\/juntscontraelcancer.cat\\\/wp-content\\\/uploads\\\/2023\\\/04\\\/destacat-memoria-fecec-2017.jpg\",\"width\":354,\"height\":145},{\"@type\":\"BreadcrumbList\",\"@id\":\"https:\\\/\\\/juntscontraelcancer.cat\\\/es\\\/aprovada-la-memoria-anual-de-la-fecec-de-2017\\\/#breadcrumb\",\"itemListElement\":[{\"@type\":\"ListItem\",\"position\":1,\"name\":\"Inicio\",\"item\":\"https:\\\/\\\/juntscontraelcancer.cat\\\/es\\\/\"},{\"@type\":\"ListItem\",\"position\":2,\"name\":\"Aprovada la memoria anual de la FECEC de 2017\"}]},{\"@type\":\"WebSite\",\"@id\":\"https:\\\/\\\/juntscontraelcancer.cat\\\/es\\\/#website\",\"url\":\"https:\\\/\\\/juntscontraelcancer.cat\\\/es\\\/\",\"name\":\"Junts contra el c\u00e0ncer - FECEC\",\"description\":\"\",\"publisher\":{\"@id\":\"https:\\\/\\\/juntscontraelcancer.cat\\\/es\\\/#organization\"},\"potentialAction\":[{\"@type\":\"SearchAction\",\"target\":{\"@type\":\"EntryPoint\",\"urlTemplate\":\"https:\\\/\\\/juntscontraelcancer.cat\\\/es\\\/?s={search_term_string}\"},\"query-input\":{\"@type\":\"PropertyValueSpecification\",\"valueRequired\":true,\"valueName\":\"search_term_string\"}}],\"inLanguage\":\"es\"},{\"@type\":\"Organization\",\"@id\":\"https:\\\/\\\/juntscontraelcancer.cat\\\/es\\\/#organization\",\"name\":\"Junts contra el c\u00e0ncer - FECEC\",\"url\":\"https:\\\/\\\/juntscontraelcancer.cat\\\/es\\\/\",\"logo\":{\"@type\":\"ImageObject\",\"inLanguage\":\"es\",\"@id\":\"https:\\\/\\\/juntscontraelcancer.cat\\\/es\\\/#\\\/schema\\\/logo\\\/image\\\/\",\"url\":\"https:\\\/\\\/juntscontraelcancer.cat\\\/wp-content\\\/uploads\\\/2023\\\/01\\\/logo-fecec-header.png\",\"contentUrl\":\"https:\\\/\\\/juntscontraelcancer.cat\\\/wp-content\\\/uploads\\\/2023\\\/01\\\/logo-fecec-header.png\",\"width\":126,\"height\":74,\"caption\":\"Junts contra el c\u00e0ncer - FECEC\"},\"image\":{\"@id\":\"https:\\\/\\\/juntscontraelcancer.cat\\\/es\\\/#\\\/schema\\\/logo\\\/image\\\/\"},\"sameAs\":[\"https:\\\/\\\/www.facebook.com\\\/fecec.federacio\\\/\",\"https:\\\/\\\/x.com\\\/FececFederacio\",\"https:\\\/\\\/www.instagram.com\\\/fececfederacio\\\/?hl=es\",\"https:\\\/\\\/www.youtube.com\\\/channel\\\/UCgAC_6c6hmHwMQhSCQyYBdA\"]},{\"@type\":\"Person\",\"@id\":\"https:\\\/\\\/juntscontraelcancer.cat\\\/es\\\/#\\\/schema\\\/person\\\/14c85cb9b3aeddea8f9087bea375813f\",\"name\":\"Pukkas\",\"image\":{\"@type\":\"ImageObject\",\"inLanguage\":\"es\",\"@id\":\"https:\\\/\\\/secure.gravatar.com\\\/avatar\\\/7433209641beafe57dbfd32b83f1c28fb7da2f23c98b47d02c7623ce350a0e9f?s=96&d=mm&r=g\",\"url\":\"https:\\\/\\\/secure.gravatar.com\\\/avatar\\\/7433209641beafe57dbfd32b83f1c28fb7da2f23c98b47d02c7623ce350a0e9f?s=96&d=mm&r=g\",\"contentUrl\":\"https:\\\/\\\/secure.gravatar.com\\\/avatar\\\/7433209641beafe57dbfd32b83f1c28fb7da2f23c98b47d02c7623ce350a0e9f?s=96&d=mm&r=g\",\"caption\":\"Pukkas\"},\"sameAs\":[\"https:\\\/\\\/juntscontraelcancer.cat\"]}]}<\/script>\n<!-- \/ Yoast SEO plugin. -->","yoast_head_json":{"title":"Aprovada la memoria anual de la FECEC de 2017 - Junts contra el c\u00e0ncer - FECEC","robots":{"index":"index","follow":"follow","max-snippet":"max-snippet:-1","max-image-preview":"max-image-preview:large","max-video-preview":"max-video-preview:-1"},"canonical":"https:\/\/juntscontraelcancer.cat\/es\/aprovada-la-memoria-anual-de-la-fecec-de-2017\/","og_locale":"es_ES","og_type":"article","og_title":"Aprovada la memoria anual de la FECEC de 2017 - Junts contra el c\u00e0ncer - FECEC","og_description":"La FECEC representa, con las entidades federadas, a un total de 15.000 pacientes y familias que han sido atendidas por las entidades, 4700 voluntarios oncol\u00f3gicos, 87,450 socios que dan apoyo econ\u00f3mico y 120 trabajadores. As\u00ed durante el 2017, cabe destacar que desde el mes de octubre, la FECEC ha sido elegida miembro de la Junta Directiva de la Mesa del Tercer Sector Social de Catalu\u00f1a para el mandato 2017-2020.","og_url":"https:\/\/juntscontraelcancer.cat\/es\/aprovada-la-memoria-anual-de-la-fecec-de-2017\/","og_site_name":"Junts contra el c\u00e0ncer - FECEC","article_publisher":"https:\/\/www.facebook.com\/fecec.federacio\/","article_published_time":"2018-05-27T22:00:00+00:00","article_modified_time":"2023-06-08T08:47:12+00:00","og_image":[{"width":354,"height":145,"url":"https:\/\/juntscontraelcancer.cat\/wp-content\/uploads\/2023\/04\/destacat-memoria-fecec-2017.jpg","type":"image\/jpeg"}],"author":"Pukkas","twitter_card":"summary_large_image","twitter_creator":"@FececFederacio","twitter_site":"@FececFederacio","twitter_misc":{"Escrito por":"Pukkas","Tiempo de lectura":"2 minutos"},"schema":{"@context":"https:\/\/schema.org","@graph":[{"@type":"Article","@id":"https:\/\/juntscontraelcancer.cat\/es\/aprovada-la-memoria-anual-de-la-fecec-de-2017\/#article","isPartOf":{"@id":"https:\/\/juntscontraelcancer.cat\/es\/aprovada-la-memoria-anual-de-la-fecec-de-2017\/"},"author":{"name":"Pukkas","@id":"https:\/\/juntscontraelcancer.cat\/es\/#\/schema\/person\/14c85cb9b3aeddea8f9087bea375813f"},"headline":"Aprovada la memoria anual de la FECEC de 2017","datePublished":"2018-05-27T22:00:00+00:00","dateModified":"2023-06-08T08:47:12+00:00","mainEntityOfPage":{"@id":"https:\/\/juntscontraelcancer.cat\/es\/aprovada-la-memoria-anual-de-la-fecec-de-2017\/"},"wordCount":457,"publisher":{"@id":"https:\/\/juntscontraelcancer.cat\/es\/#organization"},"image":{"@id":"https:\/\/juntscontraelcancer.cat\/es\/aprovada-la-memoria-anual-de-la-fecec-de-2017\/#primaryimage"},"thumbnailUrl":"https:\/\/juntscontraelcancer.cat\/wp-content\/uploads\/2023\/04\/destacat-memoria-fecec-2017.jpg","articleSection":["Actualidad","Actualitat","Destacadas","Destacats"],"inLanguage":"es"},{"@type":"WebPage","@id":"https:\/\/juntscontraelcancer.cat\/es\/aprovada-la-memoria-anual-de-la-fecec-de-2017\/","url":"https:\/\/juntscontraelcancer.cat\/es\/aprovada-la-memoria-anual-de-la-fecec-de-2017\/","name":"Aprovada la memoria anual de la FECEC de 2017 - Junts contra el c\u00e0ncer - FECEC","isPartOf":{"@id":"https:\/\/juntscontraelcancer.cat\/es\/#website"},"primaryImageOfPage":{"@id":"https:\/\/juntscontraelcancer.cat\/es\/aprovada-la-memoria-anual-de-la-fecec-de-2017\/#primaryimage"},"image":{"@id":"https:\/\/juntscontraelcancer.cat\/es\/aprovada-la-memoria-anual-de-la-fecec-de-2017\/#primaryimage"},"thumbnailUrl":"https:\/\/juntscontraelcancer.cat\/wp-content\/uploads\/2023\/04\/destacat-memoria-fecec-2017.jpg","datePublished":"2018-05-27T22:00:00+00:00","dateModified":"2023-06-08T08:47:12+00:00","breadcrumb":{"@id":"https:\/\/juntscontraelcancer.cat\/es\/aprovada-la-memoria-anual-de-la-fecec-de-2017\/#breadcrumb"},"inLanguage":"es","potentialAction":[{"@type":"ReadAction","target":["https:\/\/juntscontraelcancer.cat\/es\/aprovada-la-memoria-anual-de-la-fecec-de-2017\/"]}]},{"@type":"ImageObject","inLanguage":"es","@id":"https:\/\/juntscontraelcancer.cat\/es\/aprovada-la-memoria-anual-de-la-fecec-de-2017\/#primaryimage","url":"https:\/\/juntscontraelcancer.cat\/wp-content\/uploads\/2023\/04\/destacat-memoria-fecec-2017.jpg","contentUrl":"https:\/\/juntscontraelcancer.cat\/wp-content\/uploads\/2023\/04\/destacat-memoria-fecec-2017.jpg","width":354,"height":145},{"@type":"BreadcrumbList","@id":"https:\/\/juntscontraelcancer.cat\/es\/aprovada-la-memoria-anual-de-la-fecec-de-2017\/#breadcrumb","itemListElement":[{"@type":"ListItem","position":1,"name":"Inicio","item":"https:\/\/juntscontraelcancer.cat\/es\/"},{"@type":"ListItem","position":2,"name":"Aprovada la memoria anual de la FECEC de 2017"}]},{"@type":"WebSite","@id":"https:\/\/juntscontraelcancer.cat\/es\/#website","url":"https:\/\/juntscontraelcancer.cat\/es\/","name":"Junts contra el c\u00e0ncer - FECEC","description":"","publisher":{"@id":"https:\/\/juntscontraelcancer.cat\/es\/#organization"},"potentialAction":[{"@type":"SearchAction","target":{"@type":"EntryPoint","urlTemplate":"https:\/\/juntscontraelcancer.cat\/es\/?s={search_term_string}"},"query-input":{"@type":"PropertyValueSpecification","valueRequired":true,"valueName":"search_term_string"}}],"inLanguage":"es"},{"@type":"Organization","@id":"https:\/\/juntscontraelcancer.cat\/es\/#organization","name":"Junts contra el c\u00e0ncer - FECEC","url":"https:\/\/juntscontraelcancer.cat\/es\/","logo":{"@type":"ImageObject","inLanguage":"es","@id":"https:\/\/juntscontraelcancer.cat\/es\/#\/schema\/logo\/image\/","url":"https:\/\/juntscontraelcancer.cat\/wp-content\/uploads\/2023\/01\/logo-fecec-header.png","contentUrl":"https:\/\/juntscontraelcancer.cat\/wp-content\/uploads\/2023\/01\/logo-fecec-header.png","width":126,"height":74,"caption":"Junts contra el c\u00e0ncer - FECEC"},"image":{"@id":"https:\/\/juntscontraelcancer.cat\/es\/#\/schema\/logo\/image\/"},"sameAs":["https:\/\/www.facebook.com\/fecec.federacio\/","https:\/\/x.com\/FececFederacio","https:\/\/www.instagram.com\/fececfederacio\/?hl=es","https:\/\/www.youtube.com\/channel\/UCgAC_6c6hmHwMQhSCQyYBdA"]},{"@type":"Person","@id":"https:\/\/juntscontraelcancer.cat\/es\/#\/schema\/person\/14c85cb9b3aeddea8f9087bea375813f","name":"Pukkas","image":{"@type":"ImageObject","inLanguage":"es","@id":"https:\/\/secure.gravatar.com\/avatar\/7433209641beafe57dbfd32b83f1c28fb7da2f23c98b47d02c7623ce350a0e9f?s=96&d=mm&r=g","url":"https:\/\/secure.gravatar.com\/avatar\/7433209641beafe57dbfd32b83f1c28fb7da2f23c98b47d02c7623ce350a0e9f?s=96&d=mm&r=g","contentUrl":"https:\/\/secure.gravatar.com\/avatar\/7433209641beafe57dbfd32b83f1c28fb7da2f23c98b47d02c7623ce350a0e9f?s=96&d=mm&r=g","caption":"Pukkas"},"sameAs":["https:\/\/juntscontraelcancer.cat"]}]}},"_links":{"self":[{"href":"https:\/\/juntscontraelcancer.cat\/es\/wp-json\/wp\/v2\/posts\/14453","targetHints":{"allow":["GET"]}}],"collection":[{"href":"https:\/\/juntscontraelcancer.cat\/es\/wp-json\/wp\/v2\/posts"}],"about":[{"href":"https:\/\/juntscontraelcancer.cat\/es\/wp-json\/wp\/v2\/types\/post"}],"author":[{"embeddable":true,"href":"https:\/\/juntscontraelcancer.cat\/es\/wp-json\/wp\/v2\/users\/1"}],"replies":[{"embeddable":true,"href":"https:\/\/juntscontraelcancer.cat\/es\/wp-json\/wp\/v2\/comments?post=14453"}],"version-history":[{"count":1,"href":"https:\/\/juntscontraelcancer.cat\/es\/wp-json\/wp\/v2\/posts\/14453\/revisions"}],"predecessor-version":[{"id":14454,"href":"https:\/\/juntscontraelcancer.cat\/es\/wp-json\/wp\/v2\/posts\/14453\/revisions\/14454"}],"wp:featuredmedia":[{"embeddable":true,"href":"https:\/\/juntscontraelcancer.cat\/es\/wp-json\/wp\/v2\/media\/9776"}],"wp:attachment":[{"href":"https:\/\/juntscontraelcancer.cat\/es\/wp-json\/wp\/v2\/media?parent=14453"}],"wp:term":[{"taxonomy":"category","embeddable":true,"href":"https:\/\/juntscontraelcancer.cat\/es\/wp-json\/wp\/v2\/categories?post=14453"},{"taxonomy":"post_tag","embeddable":true,"href":"https:\/\/juntscontraelcancer.cat\/es\/wp-json\/wp\/v2\/tags?post=14453"}],"curies":[{"name":"wp","href":"https:\/\/api.w.org\/{rel}","templated":true}]}}