{"id":14447,"date":"2018-05-11T00:00:00","date_gmt":"2018-05-10T22:00:00","guid":{"rendered":"https:\/\/junts.enproceso.es\/la-fecec-organitza-en-mayo-los-talleres-de-jo-tambe-menjo-fruita-en-las-escuelas-de-sant-sadurni\/"},"modified":"2023-06-08T10:47:13","modified_gmt":"2023-06-08T08:47:13","slug":"la-fecec-organitza-en-mayo-los-talleres-de-jo-tambe-menjo-fruita-en-las-escuelas-de-sant-sadurni","status":"publish","type":"post","link":"https:\/\/juntscontraelcancer.cat\/es\/la-fecec-organitza-en-mayo-los-talleres-de-jo-tambe-menjo-fruita-en-las-escuelas-de-sant-sadurni\/","title":{"rendered":"La FECEC organitza en mayo los talleres de \u2018Jo tamb\u00e9 menjo fruita\u2019 en las escuelas de Sant Sadurn\u00ed"},"content":{"rendered":"<p>Los d\u00edas 11 y 16 de mayo, la FECEC lleva los talleres de &#8216;Jo tamb\u00e9 menjo fruita&#8217; en las escuelas de Sant Sadurn\u00ed. La actividad va dirigida a ni\u00f1os y ni\u00f1as de P5, que tienen entre 4 y 5 a\u00f1os. Ellos son los prescriptores que deben animar a la familia a consumir fruta de una manera habitual. A trav\u00e9s de un cuento, el monitor explica a los ni\u00f1os las propiedades y beneficios de comer fruta a diario y, al final, se propone hacer una manualidad en forma de fruta.<\/p>\n<p><img loading=\"lazy\" decoding=\"async\" class=\"aligncenter wp-image-26242 size-full\" src=\"https:\/\/juntscontraelcancer.cat\/wp-content\/uploads\/2023\/04\/thao.jpg\" alt=\"programa Thao a Balaguer\" width=\"500\" height=\"375\" \/><\/p>\n<p>El taller &#8216;Jo tamb\u00e9 menjo fruita&#8217; promueve un estilo de vida saludable entre los ni\u00f1os y ni\u00f1as y sus familias, siempre bajo los valores de una alimentaci\u00f3n equilibrada y actividad f\u00edsica con una actitud amena y positiva. Las escuelas que han participado en este programa son: Sant Josep, El Carme y Jacint Verdaguer.<\/p>\n<p>El taller &#8216;Jo tamb\u00e9 menjo fruita&#8217; forma parte de una de las actividades del programa de prevenci\u00f3n de la FECEC y quiere concienciar a la poblaci\u00f3n de su responsabilidad para con la propia salud, y de la necesidad de adoptar estilos de vida saludables para de prevenir el c\u00e1ncer y otras enfermedades tal como se recoge en el C\u00f3digo europeo contra el c\u00e1ncer.<\/p>\n<p>&nbsp;<\/p>\n","protected":false},"excerpt":{"rendered":"<p>El taller &#8216;Jo tamb\u00e9 menjo fruita&#8217; promueve un estilo de vida saludable entre los ni\u00f1os y ni\u00f1as y sus familias, siempre bajo los valores de una alimentaci\u00f3n equilibrada y actividad f\u00edsica con una actitud amena y positiva. Las escuelas que han participado en este programa son: Sant Josep, El Carme y Jacint Verdaguer.<\/p>\n","protected":false},"author":1,"featured_media":6078,"comment_status":"closed","ping_status":"open","sticky":false,"template":"","format":"standard","meta":{"_acf_changed":false,"inline_featured_image":false,"footnotes":""},"categories":[84,3,86,68],"tags":[],"class_list":["post-14447","post","type-post","status-publish","format-standard","has-post-thumbnail","hentry","category-actualidad","category-actualitat","category-destacadas","category-destaquem"],"acf":[],"yoast_head":"<!-- This site is optimized with the Yoast SEO plugin v27.3 - https:\/\/yoast.com\/product\/yoast-seo-wordpress\/ -->\n<title>La FECEC organitza en mayo los talleres de \u2018Jo tamb\u00e9 menjo fruita\u2019 en las escuelas de Sant Sadurn\u00ed - Junts contra el c\u00e0ncer - FECEC<\/title>\n<meta name=\"robots\" content=\"index, follow, max-snippet:-1, max-image-preview:large, max-video-preview:-1\" \/>\n<link rel=\"canonical\" href=\"https:\/\/juntscontraelcancer.cat\/es\/la-fecec-organitza-en-mayo-los-talleres-de-jo-tambe-menjo-fruita-en-las-escuelas-de-sant-sadurni\/\" \/>\n<meta property=\"og:locale\" content=\"es_ES\" \/>\n<meta property=\"og:type\" content=\"article\" \/>\n<meta property=\"og:title\" content=\"La FECEC organitza en mayo los talleres de \u2018Jo tamb\u00e9 menjo fruita\u2019 en las escuelas de Sant Sadurn\u00ed - Junts contra el c\u00e0ncer - FECEC\" \/>\n<meta property=\"og:description\" content=\"El taller &#039;Jo tamb\u00e9 menjo fruita&#039; promueve un estilo de vida saludable entre los ni\u00f1os y ni\u00f1as y sus familias, siempre bajo los valores de una alimentaci\u00f3n equilibrada y actividad f\u00edsica con una actitud amena y positiva. Las escuelas que han participado en este programa son: Sant Josep, El Carme y Jacint Verdaguer.\" \/>\n<meta property=\"og:url\" content=\"https:\/\/juntscontraelcancer.cat\/es\/la-fecec-organitza-en-mayo-los-talleres-de-jo-tambe-menjo-fruita-en-las-escuelas-de-sant-sadurni\/\" \/>\n<meta property=\"og:site_name\" content=\"Junts contra el c\u00e0ncer - FECEC\" \/>\n<meta property=\"article:publisher\" content=\"https:\/\/www.facebook.com\/fecec.federacio\/\" \/>\n<meta property=\"article:published_time\" content=\"2018-05-10T22:00:00+00:00\" \/>\n<meta property=\"article:modified_time\" content=\"2023-06-08T08:47:13+00:00\" \/>\n<meta property=\"og:image\" content=\"https:\/\/juntscontraelcancer.cat\/wp-content\/uploads\/2023\/04\/thao-1.jpg\" \/>\n\t<meta property=\"og:image:width\" content=\"500\" \/>\n\t<meta property=\"og:image:height\" content=\"375\" \/>\n\t<meta property=\"og:image:type\" content=\"image\/jpeg\" \/>\n<meta name=\"author\" content=\"Pukkas\" \/>\n<meta name=\"twitter:card\" content=\"summary_large_image\" \/>\n<meta name=\"twitter:creator\" content=\"@FececFederacio\" \/>\n<meta name=\"twitter:site\" content=\"@FececFederacio\" \/>\n<meta name=\"twitter:label1\" content=\"Escrito por\" \/>\n\t<meta name=\"twitter:data1\" content=\"Pukkas\" \/>\n\t<meta name=\"twitter:label2\" content=\"Tiempo de lectura\" \/>\n\t<meta name=\"twitter:data2\" content=\"1 minuto\" \/>\n<script type=\"application\/ld+json\" class=\"yoast-schema-graph\">{\"@context\":\"https:\\\/\\\/schema.org\",\"@graph\":[{\"@type\":\"Article\",\"@id\":\"https:\\\/\\\/juntscontraelcancer.cat\\\/es\\\/la-fecec-organitza-en-mayo-los-talleres-de-jo-tambe-menjo-fruita-en-las-escuelas-de-sant-sadurni\\\/#article\",\"isPartOf\":{\"@id\":\"https:\\\/\\\/juntscontraelcancer.cat\\\/es\\\/la-fecec-organitza-en-mayo-los-talleres-de-jo-tambe-menjo-fruita-en-las-escuelas-de-sant-sadurni\\\/\"},\"author\":{\"name\":\"Pukkas\",\"@id\":\"https:\\\/\\\/juntscontraelcancer.cat\\\/es\\\/#\\\/schema\\\/person\\\/14c85cb9b3aeddea8f9087bea375813f\"},\"headline\":\"La FECEC organitza en mayo los talleres de \u2018Jo tamb\u00e9 menjo fruita\u2019 en las escuelas de Sant Sadurn\u00ed\",\"datePublished\":\"2018-05-10T22:00:00+00:00\",\"dateModified\":\"2023-06-08T08:47:13+00:00\",\"mainEntityOfPage\":{\"@id\":\"https:\\\/\\\/juntscontraelcancer.cat\\\/es\\\/la-fecec-organitza-en-mayo-los-talleres-de-jo-tambe-menjo-fruita-en-las-escuelas-de-sant-sadurni\\\/\"},\"wordCount\":235,\"publisher\":{\"@id\":\"https:\\\/\\\/juntscontraelcancer.cat\\\/es\\\/#organization\"},\"image\":{\"@id\":\"https:\\\/\\\/juntscontraelcancer.cat\\\/es\\\/la-fecec-organitza-en-mayo-los-talleres-de-jo-tambe-menjo-fruita-en-las-escuelas-de-sant-sadurni\\\/#primaryimage\"},\"thumbnailUrl\":\"https:\\\/\\\/juntscontraelcancer.cat\\\/wp-content\\\/uploads\\\/2023\\\/04\\\/thao-1.jpg\",\"articleSection\":[\"Actualidad\",\"Actualitat\",\"Destacadas\",\"Destacats\"],\"inLanguage\":\"es\"},{\"@type\":\"WebPage\",\"@id\":\"https:\\\/\\\/juntscontraelcancer.cat\\\/es\\\/la-fecec-organitza-en-mayo-los-talleres-de-jo-tambe-menjo-fruita-en-las-escuelas-de-sant-sadurni\\\/\",\"url\":\"https:\\\/\\\/juntscontraelcancer.cat\\\/es\\\/la-fecec-organitza-en-mayo-los-talleres-de-jo-tambe-menjo-fruita-en-las-escuelas-de-sant-sadurni\\\/\",\"name\":\"La FECEC organitza en mayo los talleres de \u2018Jo tamb\u00e9 menjo fruita\u2019 en las escuelas de Sant Sadurn\u00ed - Junts contra el c\u00e0ncer - FECEC\",\"isPartOf\":{\"@id\":\"https:\\\/\\\/juntscontraelcancer.cat\\\/es\\\/#website\"},\"primaryImageOfPage\":{\"@id\":\"https:\\\/\\\/juntscontraelcancer.cat\\\/es\\\/la-fecec-organitza-en-mayo-los-talleres-de-jo-tambe-menjo-fruita-en-las-escuelas-de-sant-sadurni\\\/#primaryimage\"},\"image\":{\"@id\":\"https:\\\/\\\/juntscontraelcancer.cat\\\/es\\\/la-fecec-organitza-en-mayo-los-talleres-de-jo-tambe-menjo-fruita-en-las-escuelas-de-sant-sadurni\\\/#primaryimage\"},\"thumbnailUrl\":\"https:\\\/\\\/juntscontraelcancer.cat\\\/wp-content\\\/uploads\\\/2023\\\/04\\\/thao-1.jpg\",\"datePublished\":\"2018-05-10T22:00:00+00:00\",\"dateModified\":\"2023-06-08T08:47:13+00:00\",\"breadcrumb\":{\"@id\":\"https:\\\/\\\/juntscontraelcancer.cat\\\/es\\\/la-fecec-organitza-en-mayo-los-talleres-de-jo-tambe-menjo-fruita-en-las-escuelas-de-sant-sadurni\\\/#breadcrumb\"},\"inLanguage\":\"es\",\"potentialAction\":[{\"@type\":\"ReadAction\",\"target\":[\"https:\\\/\\\/juntscontraelcancer.cat\\\/es\\\/la-fecec-organitza-en-mayo-los-talleres-de-jo-tambe-menjo-fruita-en-las-escuelas-de-sant-sadurni\\\/\"]}]},{\"@type\":\"ImageObject\",\"inLanguage\":\"es\",\"@id\":\"https:\\\/\\\/juntscontraelcancer.cat\\\/es\\\/la-fecec-organitza-en-mayo-los-talleres-de-jo-tambe-menjo-fruita-en-las-escuelas-de-sant-sadurni\\\/#primaryimage\",\"url\":\"https:\\\/\\\/juntscontraelcancer.cat\\\/wp-content\\\/uploads\\\/2023\\\/04\\\/thao-1.jpg\",\"contentUrl\":\"https:\\\/\\\/juntscontraelcancer.cat\\\/wp-content\\\/uploads\\\/2023\\\/04\\\/thao-1.jpg\",\"width\":500,\"height\":375},{\"@type\":\"BreadcrumbList\",\"@id\":\"https:\\\/\\\/juntscontraelcancer.cat\\\/es\\\/la-fecec-organitza-en-mayo-los-talleres-de-jo-tambe-menjo-fruita-en-las-escuelas-de-sant-sadurni\\\/#breadcrumb\",\"itemListElement\":[{\"@type\":\"ListItem\",\"position\":1,\"name\":\"Inicio\",\"item\":\"https:\\\/\\\/juntscontraelcancer.cat\\\/es\\\/\"},{\"@type\":\"ListItem\",\"position\":2,\"name\":\"La FECEC organitza en mayo los talleres de \u2018Jo tamb\u00e9 menjo fruita\u2019 en las escuelas de Sant Sadurn\u00ed\"}]},{\"@type\":\"WebSite\",\"@id\":\"https:\\\/\\\/juntscontraelcancer.cat\\\/es\\\/#website\",\"url\":\"https:\\\/\\\/juntscontraelcancer.cat\\\/es\\\/\",\"name\":\"Junts contra el c\u00e0ncer - FECEC\",\"description\":\"\",\"publisher\":{\"@id\":\"https:\\\/\\\/juntscontraelcancer.cat\\\/es\\\/#organization\"},\"potentialAction\":[{\"@type\":\"SearchAction\",\"target\":{\"@type\":\"EntryPoint\",\"urlTemplate\":\"https:\\\/\\\/juntscontraelcancer.cat\\\/es\\\/?s={search_term_string}\"},\"query-input\":{\"@type\":\"PropertyValueSpecification\",\"valueRequired\":true,\"valueName\":\"search_term_string\"}}],\"inLanguage\":\"es\"},{\"@type\":\"Organization\",\"@id\":\"https:\\\/\\\/juntscontraelcancer.cat\\\/es\\\/#organization\",\"name\":\"Junts contra el c\u00e0ncer - FECEC\",\"url\":\"https:\\\/\\\/juntscontraelcancer.cat\\\/es\\\/\",\"logo\":{\"@type\":\"ImageObject\",\"inLanguage\":\"es\",\"@id\":\"https:\\\/\\\/juntscontraelcancer.cat\\\/es\\\/#\\\/schema\\\/logo\\\/image\\\/\",\"url\":\"https:\\\/\\\/juntscontraelcancer.cat\\\/wp-content\\\/uploads\\\/2023\\\/01\\\/logo-fecec-header.png\",\"contentUrl\":\"https:\\\/\\\/juntscontraelcancer.cat\\\/wp-content\\\/uploads\\\/2023\\\/01\\\/logo-fecec-header.png\",\"width\":126,\"height\":74,\"caption\":\"Junts contra el c\u00e0ncer - FECEC\"},\"image\":{\"@id\":\"https:\\\/\\\/juntscontraelcancer.cat\\\/es\\\/#\\\/schema\\\/logo\\\/image\\\/\"},\"sameAs\":[\"https:\\\/\\\/www.facebook.com\\\/fecec.federacio\\\/\",\"https:\\\/\\\/x.com\\\/FececFederacio\",\"https:\\\/\\\/www.instagram.com\\\/fececfederacio\\\/?hl=es\",\"https:\\\/\\\/www.youtube.com\\\/channel\\\/UCgAC_6c6hmHwMQhSCQyYBdA\"]},{\"@type\":\"Person\",\"@id\":\"https:\\\/\\\/juntscontraelcancer.cat\\\/es\\\/#\\\/schema\\\/person\\\/14c85cb9b3aeddea8f9087bea375813f\",\"name\":\"Pukkas\",\"image\":{\"@type\":\"ImageObject\",\"inLanguage\":\"es\",\"@id\":\"https:\\\/\\\/secure.gravatar.com\\\/avatar\\\/7433209641beafe57dbfd32b83f1c28fb7da2f23c98b47d02c7623ce350a0e9f?s=96&d=mm&r=g\",\"url\":\"https:\\\/\\\/secure.gravatar.com\\\/avatar\\\/7433209641beafe57dbfd32b83f1c28fb7da2f23c98b47d02c7623ce350a0e9f?s=96&d=mm&r=g\",\"contentUrl\":\"https:\\\/\\\/secure.gravatar.com\\\/avatar\\\/7433209641beafe57dbfd32b83f1c28fb7da2f23c98b47d02c7623ce350a0e9f?s=96&d=mm&r=g\",\"caption\":\"Pukkas\"},\"sameAs\":[\"https:\\\/\\\/juntscontraelcancer.cat\"]}]}<\/script>\n<!-- \/ Yoast SEO plugin. -->","yoast_head_json":{"title":"La FECEC organitza en mayo los talleres de \u2018Jo tamb\u00e9 menjo fruita\u2019 en las escuelas de Sant Sadurn\u00ed - Junts contra el c\u00e0ncer - FECEC","robots":{"index":"index","follow":"follow","max-snippet":"max-snippet:-1","max-image-preview":"max-image-preview:large","max-video-preview":"max-video-preview:-1"},"canonical":"https:\/\/juntscontraelcancer.cat\/es\/la-fecec-organitza-en-mayo-los-talleres-de-jo-tambe-menjo-fruita-en-las-escuelas-de-sant-sadurni\/","og_locale":"es_ES","og_type":"article","og_title":"La FECEC organitza en mayo los talleres de \u2018Jo tamb\u00e9 menjo fruita\u2019 en las escuelas de Sant Sadurn\u00ed - Junts contra el c\u00e0ncer - FECEC","og_description":"El taller 'Jo tamb\u00e9 menjo fruita' promueve un estilo de vida saludable entre los ni\u00f1os y ni\u00f1as y sus familias, siempre bajo los valores de una alimentaci\u00f3n equilibrada y actividad f\u00edsica con una actitud amena y positiva. Las escuelas que han participado en este programa son: Sant Josep, El Carme y Jacint Verdaguer.","og_url":"https:\/\/juntscontraelcancer.cat\/es\/la-fecec-organitza-en-mayo-los-talleres-de-jo-tambe-menjo-fruita-en-las-escuelas-de-sant-sadurni\/","og_site_name":"Junts contra el c\u00e0ncer - FECEC","article_publisher":"https:\/\/www.facebook.com\/fecec.federacio\/","article_published_time":"2018-05-10T22:00:00+00:00","article_modified_time":"2023-06-08T08:47:13+00:00","og_image":[{"width":500,"height":375,"url":"https:\/\/juntscontraelcancer.cat\/wp-content\/uploads\/2023\/04\/thao-1.jpg","type":"image\/jpeg"}],"author":"Pukkas","twitter_card":"summary_large_image","twitter_creator":"@FececFederacio","twitter_site":"@FececFederacio","twitter_misc":{"Escrito por":"Pukkas","Tiempo de lectura":"1 minuto"},"schema":{"@context":"https:\/\/schema.org","@graph":[{"@type":"Article","@id":"https:\/\/juntscontraelcancer.cat\/es\/la-fecec-organitza-en-mayo-los-talleres-de-jo-tambe-menjo-fruita-en-las-escuelas-de-sant-sadurni\/#article","isPartOf":{"@id":"https:\/\/juntscontraelcancer.cat\/es\/la-fecec-organitza-en-mayo-los-talleres-de-jo-tambe-menjo-fruita-en-las-escuelas-de-sant-sadurni\/"},"author":{"name":"Pukkas","@id":"https:\/\/juntscontraelcancer.cat\/es\/#\/schema\/person\/14c85cb9b3aeddea8f9087bea375813f"},"headline":"La FECEC organitza en mayo los talleres de \u2018Jo tamb\u00e9 menjo fruita\u2019 en las escuelas de Sant Sadurn\u00ed","datePublished":"2018-05-10T22:00:00+00:00","dateModified":"2023-06-08T08:47:13+00:00","mainEntityOfPage":{"@id":"https:\/\/juntscontraelcancer.cat\/es\/la-fecec-organitza-en-mayo-los-talleres-de-jo-tambe-menjo-fruita-en-las-escuelas-de-sant-sadurni\/"},"wordCount":235,"publisher":{"@id":"https:\/\/juntscontraelcancer.cat\/es\/#organization"},"image":{"@id":"https:\/\/juntscontraelcancer.cat\/es\/la-fecec-organitza-en-mayo-los-talleres-de-jo-tambe-menjo-fruita-en-las-escuelas-de-sant-sadurni\/#primaryimage"},"thumbnailUrl":"https:\/\/juntscontraelcancer.cat\/wp-content\/uploads\/2023\/04\/thao-1.jpg","articleSection":["Actualidad","Actualitat","Destacadas","Destacats"],"inLanguage":"es"},{"@type":"WebPage","@id":"https:\/\/juntscontraelcancer.cat\/es\/la-fecec-organitza-en-mayo-los-talleres-de-jo-tambe-menjo-fruita-en-las-escuelas-de-sant-sadurni\/","url":"https:\/\/juntscontraelcancer.cat\/es\/la-fecec-organitza-en-mayo-los-talleres-de-jo-tambe-menjo-fruita-en-las-escuelas-de-sant-sadurni\/","name":"La FECEC organitza en mayo los talleres de \u2018Jo tamb\u00e9 menjo fruita\u2019 en las escuelas de Sant Sadurn\u00ed - Junts contra el c\u00e0ncer - FECEC","isPartOf":{"@id":"https:\/\/juntscontraelcancer.cat\/es\/#website"},"primaryImageOfPage":{"@id":"https:\/\/juntscontraelcancer.cat\/es\/la-fecec-organitza-en-mayo-los-talleres-de-jo-tambe-menjo-fruita-en-las-escuelas-de-sant-sadurni\/#primaryimage"},"image":{"@id":"https:\/\/juntscontraelcancer.cat\/es\/la-fecec-organitza-en-mayo-los-talleres-de-jo-tambe-menjo-fruita-en-las-escuelas-de-sant-sadurni\/#primaryimage"},"thumbnailUrl":"https:\/\/juntscontraelcancer.cat\/wp-content\/uploads\/2023\/04\/thao-1.jpg","datePublished":"2018-05-10T22:00:00+00:00","dateModified":"2023-06-08T08:47:13+00:00","breadcrumb":{"@id":"https:\/\/juntscontraelcancer.cat\/es\/la-fecec-organitza-en-mayo-los-talleres-de-jo-tambe-menjo-fruita-en-las-escuelas-de-sant-sadurni\/#breadcrumb"},"inLanguage":"es","potentialAction":[{"@type":"ReadAction","target":["https:\/\/juntscontraelcancer.cat\/es\/la-fecec-organitza-en-mayo-los-talleres-de-jo-tambe-menjo-fruita-en-las-escuelas-de-sant-sadurni\/"]}]},{"@type":"ImageObject","inLanguage":"es","@id":"https:\/\/juntscontraelcancer.cat\/es\/la-fecec-organitza-en-mayo-los-talleres-de-jo-tambe-menjo-fruita-en-las-escuelas-de-sant-sadurni\/#primaryimage","url":"https:\/\/juntscontraelcancer.cat\/wp-content\/uploads\/2023\/04\/thao-1.jpg","contentUrl":"https:\/\/juntscontraelcancer.cat\/wp-content\/uploads\/2023\/04\/thao-1.jpg","width":500,"height":375},{"@type":"BreadcrumbList","@id":"https:\/\/juntscontraelcancer.cat\/es\/la-fecec-organitza-en-mayo-los-talleres-de-jo-tambe-menjo-fruita-en-las-escuelas-de-sant-sadurni\/#breadcrumb","itemListElement":[{"@type":"ListItem","position":1,"name":"Inicio","item":"https:\/\/juntscontraelcancer.cat\/es\/"},{"@type":"ListItem","position":2,"name":"La FECEC organitza en mayo los talleres de \u2018Jo tamb\u00e9 menjo fruita\u2019 en las escuelas de Sant Sadurn\u00ed"}]},{"@type":"WebSite","@id":"https:\/\/juntscontraelcancer.cat\/es\/#website","url":"https:\/\/juntscontraelcancer.cat\/es\/","name":"Junts contra el c\u00e0ncer - FECEC","description":"","publisher":{"@id":"https:\/\/juntscontraelcancer.cat\/es\/#organization"},"potentialAction":[{"@type":"SearchAction","target":{"@type":"EntryPoint","urlTemplate":"https:\/\/juntscontraelcancer.cat\/es\/?s={search_term_string}"},"query-input":{"@type":"PropertyValueSpecification","valueRequired":true,"valueName":"search_term_string"}}],"inLanguage":"es"},{"@type":"Organization","@id":"https:\/\/juntscontraelcancer.cat\/es\/#organization","name":"Junts contra el c\u00e0ncer - FECEC","url":"https:\/\/juntscontraelcancer.cat\/es\/","logo":{"@type":"ImageObject","inLanguage":"es","@id":"https:\/\/juntscontraelcancer.cat\/es\/#\/schema\/logo\/image\/","url":"https:\/\/juntscontraelcancer.cat\/wp-content\/uploads\/2023\/01\/logo-fecec-header.png","contentUrl":"https:\/\/juntscontraelcancer.cat\/wp-content\/uploads\/2023\/01\/logo-fecec-header.png","width":126,"height":74,"caption":"Junts contra el c\u00e0ncer - FECEC"},"image":{"@id":"https:\/\/juntscontraelcancer.cat\/es\/#\/schema\/logo\/image\/"},"sameAs":["https:\/\/www.facebook.com\/fecec.federacio\/","https:\/\/x.com\/FececFederacio","https:\/\/www.instagram.com\/fececfederacio\/?hl=es","https:\/\/www.youtube.com\/channel\/UCgAC_6c6hmHwMQhSCQyYBdA"]},{"@type":"Person","@id":"https:\/\/juntscontraelcancer.cat\/es\/#\/schema\/person\/14c85cb9b3aeddea8f9087bea375813f","name":"Pukkas","image":{"@type":"ImageObject","inLanguage":"es","@id":"https:\/\/secure.gravatar.com\/avatar\/7433209641beafe57dbfd32b83f1c28fb7da2f23c98b47d02c7623ce350a0e9f?s=96&d=mm&r=g","url":"https:\/\/secure.gravatar.com\/avatar\/7433209641beafe57dbfd32b83f1c28fb7da2f23c98b47d02c7623ce350a0e9f?s=96&d=mm&r=g","contentUrl":"https:\/\/secure.gravatar.com\/avatar\/7433209641beafe57dbfd32b83f1c28fb7da2f23c98b47d02c7623ce350a0e9f?s=96&d=mm&r=g","caption":"Pukkas"},"sameAs":["https:\/\/juntscontraelcancer.cat"]}]}},"_links":{"self":[{"href":"https:\/\/juntscontraelcancer.cat\/es\/wp-json\/wp\/v2\/posts\/14447","targetHints":{"allow":["GET"]}}],"collection":[{"href":"https:\/\/juntscontraelcancer.cat\/es\/wp-json\/wp\/v2\/posts"}],"about":[{"href":"https:\/\/juntscontraelcancer.cat\/es\/wp-json\/wp\/v2\/types\/post"}],"author":[{"embeddable":true,"href":"https:\/\/juntscontraelcancer.cat\/es\/wp-json\/wp\/v2\/users\/1"}],"replies":[{"embeddable":true,"href":"https:\/\/juntscontraelcancer.cat\/es\/wp-json\/wp\/v2\/comments?post=14447"}],"version-history":[{"count":1,"href":"https:\/\/juntscontraelcancer.cat\/es\/wp-json\/wp\/v2\/posts\/14447\/revisions"}],"predecessor-version":[{"id":14448,"href":"https:\/\/juntscontraelcancer.cat\/es\/wp-json\/wp\/v2\/posts\/14447\/revisions\/14448"}],"wp:featuredmedia":[{"embeddable":true,"href":"https:\/\/juntscontraelcancer.cat\/es\/wp-json\/wp\/v2\/media\/6078"}],"wp:attachment":[{"href":"https:\/\/juntscontraelcancer.cat\/es\/wp-json\/wp\/v2\/media?parent=14447"}],"wp:term":[{"taxonomy":"category","embeddable":true,"href":"https:\/\/juntscontraelcancer.cat\/es\/wp-json\/wp\/v2\/categories?post=14447"},{"taxonomy":"post_tag","embeddable":true,"href":"https:\/\/juntscontraelcancer.cat\/es\/wp-json\/wp\/v2\/tags?post=14447"}],"curies":[{"name":"wp","href":"https:\/\/api.w.org\/{rel}","templated":true}]}}