{"id":14441,"date":"2018-04-09T00:00:00","date_gmt":"2018-04-08T22:00:00","guid":{"rendered":"https:\/\/junts.enproceso.es\/la-fecec-colabora-en-la-jornada-para-pacientes-con-cancer-2018-organizada-por-estro\/"},"modified":"2023-06-08T10:47:14","modified_gmt":"2023-06-08T08:47:14","slug":"la-fecec-colabora-en-la-jornada-para-pacientes-con-cancer-2018-organizada-por-estro","status":"publish","type":"post","link":"https:\/\/juntscontraelcancer.cat\/es\/la-fecec-colabora-en-la-jornada-para-pacientes-con-cancer-2018-organizada-por-estro\/","title":{"rendered":"La FECEC colabora en la Jornada para pacientes con c\u00e1ncer 2018 organizada por ESTRO"},"content":{"rendered":"<p style=\"text-align: justify;\">Del 20 al 24 de abril la European Society for Therapeutic Radiology and Oncology (ESTRO), celebrar\u00e1 en Barcelona el Congreso Estro 37 para pacientes con c\u00e1ncer.<\/p>\n<p style=\"text-align: justify;\"><img loading=\"lazy\" decoding=\"async\" class=\"size-full wp-image-32661 aligncenter\" src=\"https:\/\/juntscontraelcancer.cat\/wp-content\/uploads\/2023\/04\/Poster-ESTRO-1.jpg\" alt=\"P\u00f2ster ESTRO\" width=\"500\" height=\"686\" \/><\/p>\n<p style=\"text-align: justify;\">\n<p>Aprovechando esta ocasi\u00f3n el d\u00eda 21 de abril, a partir de las 17 horas, se har\u00e1 una jornada para pacientes con c\u00e1ncer y asociaciones de pacientes con c\u00e1ncer en el CCIB del Forum de Barcelona. La FECEC y las entidades que representa colaboran en esta jornada.<\/p>\n<p>Las jornadas de ESTRO pretenden fomentar el papel de la Oncolog\u00eda Radioter\u00e1pica para mejorar la atenci\u00f3n de los pacientes con c\u00e1ncer en el tratamiento. La jornada incluye charlas dirigidas por expertos para reflexionar sobre las necesidades que tienen los pacientes y los profesionales de oncolog\u00eda radioter\u00e1pica y talleres de nutrici\u00f3n, danza terapia y maquillaje terap\u00e9utico.<\/p>\n<p>Los pacientes con c\u00e1ncer interesados en asistir a las jornadas pueden ponerse en contacto a trav\u00e9s de sus entidades y deber\u00e1n rellenar el formulario de inscripci\u00f3n, seleccionar el taller al que quieren asistir.<\/p>\n<p>Pueden entregar la inscripci\u00f3n en alguna de las Asociaciones de pacientes con c\u00e1ncer colaboradoras de la jornada: AECC (Asociaci\u00f3n espa\u00f1ola contra el C\u00e1ncer), Grupo \u00c1gata, Oncolliga y FECEC (Federaci\u00f3n catalana de entidades contra el c\u00e1ncer).<\/p>\n<p>Recordemos que es un aforo limitado y se aceptar\u00e1n asistentes por orden de recepci\u00f3n de inscripci\u00f3n. Es por ello que animamos a todas nuestras entidades a difundir esta jornada entre sus usuarios.<\/p>\n<p style=\"text-align: justify;\">Pod\u00e9is descargar el programa\u00a0<strong><a href=\"http:\/\/www.juntscontraelcancer.cat\/wp-content\/uploads\/2018\/03\/jornada-estro-2018.pdf\">aqu\u00ed<\/a><\/strong>\u00a0o visitar la <strong><a href=\"https:\/\/cmoffice.estronet.eu\/cmgateway\/estro37\/index.html?module=registration&amp;config=normal\">p\u00e1gina de ESTRO<\/a><\/strong> para obtener m\u00e1ss informaci\u00f3n.<\/p>\n<p style=\"text-align: justify;\">ESTRO es una organizaci\u00f3n sin \u00e1nimo de lucro cient\u00edfica que fomenta el papel de la Oncolog\u00eda Radioter\u00e1pica para mejorar la atenci\u00f3n de los pacientes en el tratamiento multimodal del c\u00e1ncer. Las jornadas son, pues, una oportunidad para la creaci\u00f3n de redes centradas en iniciativas de investigaci\u00f3n y desarrollos para alcanzar la excelencia en la atenci\u00f3n al paciente.<\/p>\n<p>&nbsp;<\/p>\n","protected":false},"excerpt":{"rendered":"<p>Las jornadas de ESTRO pretenden fomentar el papel de la Oncolog\u00eda Radioter\u00e1pica para mejorar la atenci\u00f3n de los pacientes con c\u00e1ncer en el tratamiento. La jornada incluye charlas dirigidas por expertos para reflexionar sobre las necesidades que tienen los pacientes y los profesionales de oncolog\u00eda radioter\u00e1pica y talleres de nutrici\u00f3n, danza terapia y maquillaje terap\u00e9utico.<\/p>\n","protected":false},"author":1,"featured_media":9564,"comment_status":"closed","ping_status":"open","sticky":false,"template":"","format":"standard","meta":{"_acf_changed":false,"inline_featured_image":false,"footnotes":""},"categories":[84,3,86,68],"tags":[],"class_list":["post-14441","post","type-post","status-publish","format-standard","has-post-thumbnail","hentry","category-actualidad","category-actualitat","category-destacadas","category-destaquem"],"acf":[],"yoast_head":"<!-- This site is optimized with the Yoast SEO plugin v27.3 - https:\/\/yoast.com\/product\/yoast-seo-wordpress\/ -->\n<title>La FECEC colabora en la Jornada para pacientes con c\u00e1ncer 2018 organizada por ESTRO - Junts contra el c\u00e0ncer - FECEC<\/title>\n<meta name=\"robots\" content=\"index, follow, max-snippet:-1, max-image-preview:large, max-video-preview:-1\" \/>\n<link rel=\"canonical\" href=\"https:\/\/juntscontraelcancer.cat\/es\/la-fecec-colabora-en-la-jornada-para-pacientes-con-cancer-2018-organizada-por-estro\/\" \/>\n<meta property=\"og:locale\" content=\"es_ES\" \/>\n<meta property=\"og:type\" content=\"article\" \/>\n<meta property=\"og:title\" content=\"La FECEC colabora en la Jornada para pacientes con c\u00e1ncer 2018 organizada por ESTRO - Junts contra el c\u00e0ncer - FECEC\" \/>\n<meta property=\"og:description\" content=\"Las jornadas de ESTRO pretenden fomentar el papel de la Oncolog\u00eda Radioter\u00e1pica para mejorar la atenci\u00f3n de los pacientes con c\u00e1ncer en el tratamiento. La jornada incluye charlas dirigidas por expertos para reflexionar sobre las necesidades que tienen los pacientes y los profesionales de oncolog\u00eda radioter\u00e1pica y talleres de nutrici\u00f3n, danza terapia y maquillaje terap\u00e9utico.\" \/>\n<meta property=\"og:url\" content=\"https:\/\/juntscontraelcancer.cat\/es\/la-fecec-colabora-en-la-jornada-para-pacientes-con-cancer-2018-organizada-por-estro\/\" \/>\n<meta property=\"og:site_name\" content=\"Junts contra el c\u00e0ncer - FECEC\" \/>\n<meta property=\"article:publisher\" content=\"https:\/\/www.facebook.com\/fecec.federacio\/\" \/>\n<meta property=\"article:published_time\" content=\"2018-04-08T22:00:00+00:00\" \/>\n<meta property=\"article:modified_time\" content=\"2023-06-08T08:47:14+00:00\" \/>\n<meta property=\"og:image\" content=\"https:\/\/juntscontraelcancer.cat\/wp-content\/uploads\/2023\/04\/destacat-estro-1.jpg\" \/>\n\t<meta property=\"og:image:width\" content=\"260\" \/>\n\t<meta property=\"og:image:height\" content=\"145\" \/>\n\t<meta property=\"og:image:type\" content=\"image\/jpeg\" \/>\n<meta name=\"author\" content=\"Pukkas\" \/>\n<meta name=\"twitter:card\" content=\"summary_large_image\" \/>\n<meta name=\"twitter:creator\" content=\"@FececFederacio\" \/>\n<meta name=\"twitter:site\" content=\"@FececFederacio\" \/>\n<meta name=\"twitter:label1\" content=\"Escrito por\" \/>\n\t<meta name=\"twitter:data1\" content=\"Pukkas\" \/>\n\t<meta name=\"twitter:label2\" content=\"Tiempo de lectura\" \/>\n\t<meta name=\"twitter:data2\" content=\"2 minutos\" \/>\n<script type=\"application\/ld+json\" class=\"yoast-schema-graph\">{\"@context\":\"https:\\\/\\\/schema.org\",\"@graph\":[{\"@type\":\"Article\",\"@id\":\"https:\\\/\\\/juntscontraelcancer.cat\\\/es\\\/la-fecec-colabora-en-la-jornada-para-pacientes-con-cancer-2018-organizada-por-estro\\\/#article\",\"isPartOf\":{\"@id\":\"https:\\\/\\\/juntscontraelcancer.cat\\\/es\\\/la-fecec-colabora-en-la-jornada-para-pacientes-con-cancer-2018-organizada-por-estro\\\/\"},\"author\":{\"name\":\"Pukkas\",\"@id\":\"https:\\\/\\\/juntscontraelcancer.cat\\\/es\\\/#\\\/schema\\\/person\\\/14c85cb9b3aeddea8f9087bea375813f\"},\"headline\":\"La FECEC colabora en la Jornada para pacientes con c\u00e1ncer 2018 organizada por ESTRO\",\"datePublished\":\"2018-04-08T22:00:00+00:00\",\"dateModified\":\"2023-06-08T08:47:14+00:00\",\"mainEntityOfPage\":{\"@id\":\"https:\\\/\\\/juntscontraelcancer.cat\\\/es\\\/la-fecec-colabora-en-la-jornada-para-pacientes-con-cancer-2018-organizada-por-estro\\\/\"},\"wordCount\":349,\"publisher\":{\"@id\":\"https:\\\/\\\/juntscontraelcancer.cat\\\/es\\\/#organization\"},\"image\":{\"@id\":\"https:\\\/\\\/juntscontraelcancer.cat\\\/es\\\/la-fecec-colabora-en-la-jornada-para-pacientes-con-cancer-2018-organizada-por-estro\\\/#primaryimage\"},\"thumbnailUrl\":\"https:\\\/\\\/juntscontraelcancer.cat\\\/wp-content\\\/uploads\\\/2023\\\/04\\\/destacat-estro-1.jpg\",\"articleSection\":[\"Actualidad\",\"Actualitat\",\"Destacadas\",\"Destacats\"],\"inLanguage\":\"es\"},{\"@type\":\"WebPage\",\"@id\":\"https:\\\/\\\/juntscontraelcancer.cat\\\/es\\\/la-fecec-colabora-en-la-jornada-para-pacientes-con-cancer-2018-organizada-por-estro\\\/\",\"url\":\"https:\\\/\\\/juntscontraelcancer.cat\\\/es\\\/la-fecec-colabora-en-la-jornada-para-pacientes-con-cancer-2018-organizada-por-estro\\\/\",\"name\":\"La FECEC colabora en la Jornada para pacientes con c\u00e1ncer 2018 organizada por ESTRO - Junts contra el c\u00e0ncer - FECEC\",\"isPartOf\":{\"@id\":\"https:\\\/\\\/juntscontraelcancer.cat\\\/es\\\/#website\"},\"primaryImageOfPage\":{\"@id\":\"https:\\\/\\\/juntscontraelcancer.cat\\\/es\\\/la-fecec-colabora-en-la-jornada-para-pacientes-con-cancer-2018-organizada-por-estro\\\/#primaryimage\"},\"image\":{\"@id\":\"https:\\\/\\\/juntscontraelcancer.cat\\\/es\\\/la-fecec-colabora-en-la-jornada-para-pacientes-con-cancer-2018-organizada-por-estro\\\/#primaryimage\"},\"thumbnailUrl\":\"https:\\\/\\\/juntscontraelcancer.cat\\\/wp-content\\\/uploads\\\/2023\\\/04\\\/destacat-estro-1.jpg\",\"datePublished\":\"2018-04-08T22:00:00+00:00\",\"dateModified\":\"2023-06-08T08:47:14+00:00\",\"breadcrumb\":{\"@id\":\"https:\\\/\\\/juntscontraelcancer.cat\\\/es\\\/la-fecec-colabora-en-la-jornada-para-pacientes-con-cancer-2018-organizada-por-estro\\\/#breadcrumb\"},\"inLanguage\":\"es\",\"potentialAction\":[{\"@type\":\"ReadAction\",\"target\":[\"https:\\\/\\\/juntscontraelcancer.cat\\\/es\\\/la-fecec-colabora-en-la-jornada-para-pacientes-con-cancer-2018-organizada-por-estro\\\/\"]}]},{\"@type\":\"ImageObject\",\"inLanguage\":\"es\",\"@id\":\"https:\\\/\\\/juntscontraelcancer.cat\\\/es\\\/la-fecec-colabora-en-la-jornada-para-pacientes-con-cancer-2018-organizada-por-estro\\\/#primaryimage\",\"url\":\"https:\\\/\\\/juntscontraelcancer.cat\\\/wp-content\\\/uploads\\\/2023\\\/04\\\/destacat-estro-1.jpg\",\"contentUrl\":\"https:\\\/\\\/juntscontraelcancer.cat\\\/wp-content\\\/uploads\\\/2023\\\/04\\\/destacat-estro-1.jpg\",\"width\":260,\"height\":145},{\"@type\":\"BreadcrumbList\",\"@id\":\"https:\\\/\\\/juntscontraelcancer.cat\\\/es\\\/la-fecec-colabora-en-la-jornada-para-pacientes-con-cancer-2018-organizada-por-estro\\\/#breadcrumb\",\"itemListElement\":[{\"@type\":\"ListItem\",\"position\":1,\"name\":\"Inicio\",\"item\":\"https:\\\/\\\/juntscontraelcancer.cat\\\/es\\\/\"},{\"@type\":\"ListItem\",\"position\":2,\"name\":\"La FECEC colabora en la Jornada para pacientes con c\u00e1ncer 2018 organizada por ESTRO\"}]},{\"@type\":\"WebSite\",\"@id\":\"https:\\\/\\\/juntscontraelcancer.cat\\\/es\\\/#website\",\"url\":\"https:\\\/\\\/juntscontraelcancer.cat\\\/es\\\/\",\"name\":\"Junts contra el c\u00e0ncer - FECEC\",\"description\":\"\",\"publisher\":{\"@id\":\"https:\\\/\\\/juntscontraelcancer.cat\\\/es\\\/#organization\"},\"potentialAction\":[{\"@type\":\"SearchAction\",\"target\":{\"@type\":\"EntryPoint\",\"urlTemplate\":\"https:\\\/\\\/juntscontraelcancer.cat\\\/es\\\/?s={search_term_string}\"},\"query-input\":{\"@type\":\"PropertyValueSpecification\",\"valueRequired\":true,\"valueName\":\"search_term_string\"}}],\"inLanguage\":\"es\"},{\"@type\":\"Organization\",\"@id\":\"https:\\\/\\\/juntscontraelcancer.cat\\\/es\\\/#organization\",\"name\":\"Junts contra el c\u00e0ncer - FECEC\",\"url\":\"https:\\\/\\\/juntscontraelcancer.cat\\\/es\\\/\",\"logo\":{\"@type\":\"ImageObject\",\"inLanguage\":\"es\",\"@id\":\"https:\\\/\\\/juntscontraelcancer.cat\\\/es\\\/#\\\/schema\\\/logo\\\/image\\\/\",\"url\":\"https:\\\/\\\/juntscontraelcancer.cat\\\/wp-content\\\/uploads\\\/2023\\\/01\\\/logo-fecec-header.png\",\"contentUrl\":\"https:\\\/\\\/juntscontraelcancer.cat\\\/wp-content\\\/uploads\\\/2023\\\/01\\\/logo-fecec-header.png\",\"width\":126,\"height\":74,\"caption\":\"Junts contra el c\u00e0ncer - FECEC\"},\"image\":{\"@id\":\"https:\\\/\\\/juntscontraelcancer.cat\\\/es\\\/#\\\/schema\\\/logo\\\/image\\\/\"},\"sameAs\":[\"https:\\\/\\\/www.facebook.com\\\/fecec.federacio\\\/\",\"https:\\\/\\\/x.com\\\/FececFederacio\",\"https:\\\/\\\/www.instagram.com\\\/fececfederacio\\\/?hl=es\",\"https:\\\/\\\/www.youtube.com\\\/channel\\\/UCgAC_6c6hmHwMQhSCQyYBdA\"]},{\"@type\":\"Person\",\"@id\":\"https:\\\/\\\/juntscontraelcancer.cat\\\/es\\\/#\\\/schema\\\/person\\\/14c85cb9b3aeddea8f9087bea375813f\",\"name\":\"Pukkas\",\"image\":{\"@type\":\"ImageObject\",\"inLanguage\":\"es\",\"@id\":\"https:\\\/\\\/secure.gravatar.com\\\/avatar\\\/7433209641beafe57dbfd32b83f1c28fb7da2f23c98b47d02c7623ce350a0e9f?s=96&d=mm&r=g\",\"url\":\"https:\\\/\\\/secure.gravatar.com\\\/avatar\\\/7433209641beafe57dbfd32b83f1c28fb7da2f23c98b47d02c7623ce350a0e9f?s=96&d=mm&r=g\",\"contentUrl\":\"https:\\\/\\\/secure.gravatar.com\\\/avatar\\\/7433209641beafe57dbfd32b83f1c28fb7da2f23c98b47d02c7623ce350a0e9f?s=96&d=mm&r=g\",\"caption\":\"Pukkas\"},\"sameAs\":[\"https:\\\/\\\/juntscontraelcancer.cat\"]}]}<\/script>\n<!-- \/ Yoast SEO plugin. -->","yoast_head_json":{"title":"La FECEC colabora en la Jornada para pacientes con c\u00e1ncer 2018 organizada por ESTRO - Junts contra el c\u00e0ncer - FECEC","robots":{"index":"index","follow":"follow","max-snippet":"max-snippet:-1","max-image-preview":"max-image-preview:large","max-video-preview":"max-video-preview:-1"},"canonical":"https:\/\/juntscontraelcancer.cat\/es\/la-fecec-colabora-en-la-jornada-para-pacientes-con-cancer-2018-organizada-por-estro\/","og_locale":"es_ES","og_type":"article","og_title":"La FECEC colabora en la Jornada para pacientes con c\u00e1ncer 2018 organizada por ESTRO - Junts contra el c\u00e0ncer - FECEC","og_description":"Las jornadas de ESTRO pretenden fomentar el papel de la Oncolog\u00eda Radioter\u00e1pica para mejorar la atenci\u00f3n de los pacientes con c\u00e1ncer en el tratamiento. La jornada incluye charlas dirigidas por expertos para reflexionar sobre las necesidades que tienen los pacientes y los profesionales de oncolog\u00eda radioter\u00e1pica y talleres de nutrici\u00f3n, danza terapia y maquillaje terap\u00e9utico.","og_url":"https:\/\/juntscontraelcancer.cat\/es\/la-fecec-colabora-en-la-jornada-para-pacientes-con-cancer-2018-organizada-por-estro\/","og_site_name":"Junts contra el c\u00e0ncer - FECEC","article_publisher":"https:\/\/www.facebook.com\/fecec.federacio\/","article_published_time":"2018-04-08T22:00:00+00:00","article_modified_time":"2023-06-08T08:47:14+00:00","og_image":[{"width":260,"height":145,"url":"https:\/\/juntscontraelcancer.cat\/wp-content\/uploads\/2023\/04\/destacat-estro-1.jpg","type":"image\/jpeg"}],"author":"Pukkas","twitter_card":"summary_large_image","twitter_creator":"@FececFederacio","twitter_site":"@FececFederacio","twitter_misc":{"Escrito por":"Pukkas","Tiempo de lectura":"2 minutos"},"schema":{"@context":"https:\/\/schema.org","@graph":[{"@type":"Article","@id":"https:\/\/juntscontraelcancer.cat\/es\/la-fecec-colabora-en-la-jornada-para-pacientes-con-cancer-2018-organizada-por-estro\/#article","isPartOf":{"@id":"https:\/\/juntscontraelcancer.cat\/es\/la-fecec-colabora-en-la-jornada-para-pacientes-con-cancer-2018-organizada-por-estro\/"},"author":{"name":"Pukkas","@id":"https:\/\/juntscontraelcancer.cat\/es\/#\/schema\/person\/14c85cb9b3aeddea8f9087bea375813f"},"headline":"La FECEC colabora en la Jornada para pacientes con c\u00e1ncer 2018 organizada por ESTRO","datePublished":"2018-04-08T22:00:00+00:00","dateModified":"2023-06-08T08:47:14+00:00","mainEntityOfPage":{"@id":"https:\/\/juntscontraelcancer.cat\/es\/la-fecec-colabora-en-la-jornada-para-pacientes-con-cancer-2018-organizada-por-estro\/"},"wordCount":349,"publisher":{"@id":"https:\/\/juntscontraelcancer.cat\/es\/#organization"},"image":{"@id":"https:\/\/juntscontraelcancer.cat\/es\/la-fecec-colabora-en-la-jornada-para-pacientes-con-cancer-2018-organizada-por-estro\/#primaryimage"},"thumbnailUrl":"https:\/\/juntscontraelcancer.cat\/wp-content\/uploads\/2023\/04\/destacat-estro-1.jpg","articleSection":["Actualidad","Actualitat","Destacadas","Destacats"],"inLanguage":"es"},{"@type":"WebPage","@id":"https:\/\/juntscontraelcancer.cat\/es\/la-fecec-colabora-en-la-jornada-para-pacientes-con-cancer-2018-organizada-por-estro\/","url":"https:\/\/juntscontraelcancer.cat\/es\/la-fecec-colabora-en-la-jornada-para-pacientes-con-cancer-2018-organizada-por-estro\/","name":"La FECEC colabora en la Jornada para pacientes con c\u00e1ncer 2018 organizada por ESTRO - Junts contra el c\u00e0ncer - FECEC","isPartOf":{"@id":"https:\/\/juntscontraelcancer.cat\/es\/#website"},"primaryImageOfPage":{"@id":"https:\/\/juntscontraelcancer.cat\/es\/la-fecec-colabora-en-la-jornada-para-pacientes-con-cancer-2018-organizada-por-estro\/#primaryimage"},"image":{"@id":"https:\/\/juntscontraelcancer.cat\/es\/la-fecec-colabora-en-la-jornada-para-pacientes-con-cancer-2018-organizada-por-estro\/#primaryimage"},"thumbnailUrl":"https:\/\/juntscontraelcancer.cat\/wp-content\/uploads\/2023\/04\/destacat-estro-1.jpg","datePublished":"2018-04-08T22:00:00+00:00","dateModified":"2023-06-08T08:47:14+00:00","breadcrumb":{"@id":"https:\/\/juntscontraelcancer.cat\/es\/la-fecec-colabora-en-la-jornada-para-pacientes-con-cancer-2018-organizada-por-estro\/#breadcrumb"},"inLanguage":"es","potentialAction":[{"@type":"ReadAction","target":["https:\/\/juntscontraelcancer.cat\/es\/la-fecec-colabora-en-la-jornada-para-pacientes-con-cancer-2018-organizada-por-estro\/"]}]},{"@type":"ImageObject","inLanguage":"es","@id":"https:\/\/juntscontraelcancer.cat\/es\/la-fecec-colabora-en-la-jornada-para-pacientes-con-cancer-2018-organizada-por-estro\/#primaryimage","url":"https:\/\/juntscontraelcancer.cat\/wp-content\/uploads\/2023\/04\/destacat-estro-1.jpg","contentUrl":"https:\/\/juntscontraelcancer.cat\/wp-content\/uploads\/2023\/04\/destacat-estro-1.jpg","width":260,"height":145},{"@type":"BreadcrumbList","@id":"https:\/\/juntscontraelcancer.cat\/es\/la-fecec-colabora-en-la-jornada-para-pacientes-con-cancer-2018-organizada-por-estro\/#breadcrumb","itemListElement":[{"@type":"ListItem","position":1,"name":"Inicio","item":"https:\/\/juntscontraelcancer.cat\/es\/"},{"@type":"ListItem","position":2,"name":"La FECEC colabora en la Jornada para pacientes con c\u00e1ncer 2018 organizada por ESTRO"}]},{"@type":"WebSite","@id":"https:\/\/juntscontraelcancer.cat\/es\/#website","url":"https:\/\/juntscontraelcancer.cat\/es\/","name":"Junts contra el c\u00e0ncer - FECEC","description":"","publisher":{"@id":"https:\/\/juntscontraelcancer.cat\/es\/#organization"},"potentialAction":[{"@type":"SearchAction","target":{"@type":"EntryPoint","urlTemplate":"https:\/\/juntscontraelcancer.cat\/es\/?s={search_term_string}"},"query-input":{"@type":"PropertyValueSpecification","valueRequired":true,"valueName":"search_term_string"}}],"inLanguage":"es"},{"@type":"Organization","@id":"https:\/\/juntscontraelcancer.cat\/es\/#organization","name":"Junts contra el c\u00e0ncer - FECEC","url":"https:\/\/juntscontraelcancer.cat\/es\/","logo":{"@type":"ImageObject","inLanguage":"es","@id":"https:\/\/juntscontraelcancer.cat\/es\/#\/schema\/logo\/image\/","url":"https:\/\/juntscontraelcancer.cat\/wp-content\/uploads\/2023\/01\/logo-fecec-header.png","contentUrl":"https:\/\/juntscontraelcancer.cat\/wp-content\/uploads\/2023\/01\/logo-fecec-header.png","width":126,"height":74,"caption":"Junts contra el c\u00e0ncer - FECEC"},"image":{"@id":"https:\/\/juntscontraelcancer.cat\/es\/#\/schema\/logo\/image\/"},"sameAs":["https:\/\/www.facebook.com\/fecec.federacio\/","https:\/\/x.com\/FececFederacio","https:\/\/www.instagram.com\/fececfederacio\/?hl=es","https:\/\/www.youtube.com\/channel\/UCgAC_6c6hmHwMQhSCQyYBdA"]},{"@type":"Person","@id":"https:\/\/juntscontraelcancer.cat\/es\/#\/schema\/person\/14c85cb9b3aeddea8f9087bea375813f","name":"Pukkas","image":{"@type":"ImageObject","inLanguage":"es","@id":"https:\/\/secure.gravatar.com\/avatar\/7433209641beafe57dbfd32b83f1c28fb7da2f23c98b47d02c7623ce350a0e9f?s=96&d=mm&r=g","url":"https:\/\/secure.gravatar.com\/avatar\/7433209641beafe57dbfd32b83f1c28fb7da2f23c98b47d02c7623ce350a0e9f?s=96&d=mm&r=g","contentUrl":"https:\/\/secure.gravatar.com\/avatar\/7433209641beafe57dbfd32b83f1c28fb7da2f23c98b47d02c7623ce350a0e9f?s=96&d=mm&r=g","caption":"Pukkas"},"sameAs":["https:\/\/juntscontraelcancer.cat"]}]}},"_links":{"self":[{"href":"https:\/\/juntscontraelcancer.cat\/es\/wp-json\/wp\/v2\/posts\/14441","targetHints":{"allow":["GET"]}}],"collection":[{"href":"https:\/\/juntscontraelcancer.cat\/es\/wp-json\/wp\/v2\/posts"}],"about":[{"href":"https:\/\/juntscontraelcancer.cat\/es\/wp-json\/wp\/v2\/types\/post"}],"author":[{"embeddable":true,"href":"https:\/\/juntscontraelcancer.cat\/es\/wp-json\/wp\/v2\/users\/1"}],"replies":[{"embeddable":true,"href":"https:\/\/juntscontraelcancer.cat\/es\/wp-json\/wp\/v2\/comments?post=14441"}],"version-history":[{"count":1,"href":"https:\/\/juntscontraelcancer.cat\/es\/wp-json\/wp\/v2\/posts\/14441\/revisions"}],"predecessor-version":[{"id":14442,"href":"https:\/\/juntscontraelcancer.cat\/es\/wp-json\/wp\/v2\/posts\/14441\/revisions\/14442"}],"wp:featuredmedia":[{"embeddable":true,"href":"https:\/\/juntscontraelcancer.cat\/es\/wp-json\/wp\/v2\/media\/9564"}],"wp:attachment":[{"href":"https:\/\/juntscontraelcancer.cat\/es\/wp-json\/wp\/v2\/media?parent=14441"}],"wp:term":[{"taxonomy":"category","embeddable":true,"href":"https:\/\/juntscontraelcancer.cat\/es\/wp-json\/wp\/v2\/categories?post=14441"},{"taxonomy":"post_tag","embeddable":true,"href":"https:\/\/juntscontraelcancer.cat\/es\/wp-json\/wp\/v2\/tags?post=14441"}],"curies":[{"name":"wp","href":"https:\/\/api.w.org\/{rel}","templated":true}]}}