{"id":14427,"date":"2018-02-15T00:00:00","date_gmt":"2018-02-14T22:00:00","guid":{"rendered":"https:\/\/junts.enproceso.es\/15-de-febrero-dia-internacional-del-nino-con-cancer\/"},"modified":"2023-06-08T10:47:16","modified_gmt":"2023-06-08T08:47:16","slug":"15-de-febrero-dia-internacional-del-nino-con-cancer","status":"publish","type":"post","link":"https:\/\/juntscontraelcancer.cat\/es\/15-de-febrero-dia-internacional-del-nino-con-cancer\/","title":{"rendered":"15 de febrero: D\u00eda Internacional del Ni\u00f1o con C\u00e1ncer"},"content":{"rendered":"<p>Desde hace 15 a\u00f1os en Luxemburgo, la Organizaci\u00f3n Internacional del C\u00e1ncer Infantil declar\u00f3 el 15 de febrero como el D\u00eda Internacional del Ni\u00f1o con C\u00e1ncer,\u00a0un d\u00eda pensado para concienciar y sensibilizar a la sociedad sobre las necesidades y problemas que tienen que afrontar los ni\u00f1os y adolescentes enfermos de c\u00e1ncer y sus familias.<\/p>\n<p><img loading=\"lazy\" decoding=\"async\" class=\"size-full wp-image-32612 aligncenter\" src=\"https:\/\/juntscontraelcancer.cat\/wp-content\/uploads\/2023\/04\/1.-cancer-infantil.jpg\" alt=\"1. cancer infantil\" width=\"664\" height=\"374\" \/><\/p>\n<p>Con motivo de este d\u00eda, la Asociaci\u00f3n de Familiares y Amigos de Ni\u00f1os Oncol\u00f3gicos de Catalu\u00f1a (AFANOC), entidad adherida a la FECEC, ha puesto en marcha la campa\u00f1a #llumpelcancerinfantil. La idea es que la luz es el elemento que hace que las cosas sean visibles y por tanto, tomemos conciencia de ellas. La luz aporta claridad en todos los sentidos, nos gu\u00eda en la oscuridad y nos ilumina para hacer mejor las cosas.<\/p>\n<p>Utilizando estas frases como met\u00e1fora de la tarea que hace la entidad, se quiere hacer visible una realidad a menudo desconocida y que, con ella, intentamos aportar algo de claridad a la situaci\u00f3n que enfrentan las familias con un ni\u00f1o o adolescente enfermo. Los guiamos por un camino lleno de incertidumbres y momentos de oscuridad, un camino dif\u00edcil que tendremos que afrontar todos juntos, durante el tiempo que dure la enfermedad. La idea es hacer visible esta realidad el pr\u00f3ximo 15 de febrero llenando las redes sociales de luz con una fotograf\u00eda que simbolice tu manera de il\u00b7luminarte y colg\u00e1ndola en las redes con el hashtag #llumpelcancerinfantil.<\/p>\n<p>En Espa\u00f1a, cada a\u00f1o se diagnostican cerca de 1.400 nuevos casos de ni\u00f1os con c\u00e1ncer de 0 a 18 a\u00f1os. A pesar de ser una enfermedad rara, el c\u00e1ncer infantil es la primera causa de muerte por enfermedad hasta los 14 a\u00f1os.<\/p>\n<p>El tipo de c\u00e1ncer m\u00e1s frecuente en los ni\u00f1os es la Leucemia (25%), seguido de los tumores del Sistema Nervioso Central (19,6%) y los linfomas (13,6%), seg\u00fan el Registro Nacional de Tumores Infantiles. El RNTI contribuye a la lucha contra el c\u00e1ncer en la infancia mediante el estudio de la supervivencia de los ni\u00f1os con c\u00e1ncer en Espa\u00f1a y su comparaci\u00f3n internacional; el estudio de la incidencia y sus tendencias; y colaborando al estudio de factores de riesgo causal.<\/p>\n<p>La tasa de supervivencia a 5 a\u00f1os de 0 a 14 a\u00f1os alcanza casi el 80%, seg\u00fan la Sociedad Espa\u00f1ola de Hemato-Oncolog\u00eda Pedi\u00e1trica\u00a0(<a style=\"font-style: inherit; font-weight: inherit;\" href=\"http:\/\/www.sehop.org\/\">http:\/\/www.sehop.org<\/a>). Un dato esperanzador que aspira a ser del 100% ya que una sola muerte por c\u00e1ncer infantil es demasiado.<\/p>\n<p>En cuanto a los datos sobre adolescentes, no se registran debidamente en el Registro de Tumores Infantiles (<a style=\"font-style: inherit; font-weight: inherit;\" href=\"http:\/\/www.uv.es\/rnti\/\">http:\/\/www.uv.es\/rnti\/<\/a>\u00a0), ya que en la mayor\u00eda de los casos son tratados en Unidades de Adultos.<\/p>\n<p>El Dia Internacional del ni\u00f1o con c\u00e1ncer es un d\u00eda para subrayar que todos los ni\u00f1os necesitan tener acceso a un diagn\u00f3stico y un tratamiento preciso y a tiempo y, tambi\u00e9n, que <strong>todo ni\u00f1o con c\u00e1ncer merece la mejor atenci\u00f3n m\u00e9dica y psicol\u00f3gica, independientemente de su pa\u00eds de origen, raza, estatus econ\u00f3mico o clase social<\/strong>.<\/p>\n<p style=\"text-align: justify;\">\n","protected":false},"excerpt":{"rendered":"<p>Es un d\u00eda para subrayar que todos los ni\u00f1os necesitan tener acceso a un diagn\u00f3stico y un tratamiento preciso y a tiempo y, tambi\u00e9n, que todo ni\u00f1o con c\u00e1ncer merece la mejor atenci\u00f3n m\u00e9dica y psicol\u00f3gica, independientemente de su pa\u00eds de origen, raza, estatus econ\u00f3mico o clase social.<\/p>\n","protected":false},"author":1,"featured_media":9495,"comment_status":"closed","ping_status":"open","sticky":false,"template":"","format":"standard","meta":{"_acf_changed":false,"inline_featured_image":false,"footnotes":""},"categories":[84,3,86,68],"tags":[],"class_list":["post-14427","post","type-post","status-publish","format-standard","has-post-thumbnail","hentry","category-actualidad","category-actualitat","category-destacadas","category-destaquem"],"acf":[],"yoast_head":"<!-- This site is optimized with the Yoast SEO plugin v27.3 - https:\/\/yoast.com\/product\/yoast-seo-wordpress\/ -->\n<title>15 de febrero: D\u00eda Internacional del Ni\u00f1o con C\u00e1ncer - Junts contra el c\u00e0ncer - FECEC<\/title>\n<meta name=\"robots\" content=\"index, follow, max-snippet:-1, max-image-preview:large, max-video-preview:-1\" \/>\n<link rel=\"canonical\" href=\"https:\/\/juntscontraelcancer.cat\/es\/15-de-febrero-dia-internacional-del-nino-con-cancer\/\" \/>\n<meta property=\"og:locale\" content=\"es_ES\" \/>\n<meta property=\"og:type\" content=\"article\" \/>\n<meta property=\"og:title\" content=\"15 de febrero: D\u00eda Internacional del Ni\u00f1o con C\u00e1ncer - Junts contra el c\u00e0ncer - FECEC\" \/>\n<meta property=\"og:description\" content=\"Es un d\u00eda para subrayar que todos los ni\u00f1os necesitan tener acceso a un diagn\u00f3stico y un tratamiento preciso y a tiempo y, tambi\u00e9n, que todo ni\u00f1o con c\u00e1ncer merece la mejor atenci\u00f3n m\u00e9dica y psicol\u00f3gica, independientemente de su pa\u00eds de origen, raza, estatus econ\u00f3mico o clase social.\" \/>\n<meta property=\"og:url\" content=\"https:\/\/juntscontraelcancer.cat\/es\/15-de-febrero-dia-internacional-del-nino-con-cancer\/\" \/>\n<meta property=\"og:site_name\" content=\"Junts contra el c\u00e0ncer - FECEC\" \/>\n<meta property=\"article:publisher\" content=\"https:\/\/www.facebook.com\/fecec.federacio\/\" \/>\n<meta property=\"article:published_time\" content=\"2018-02-14T22:00:00+00:00\" \/>\n<meta property=\"article:modified_time\" content=\"2023-06-08T08:47:16+00:00\" \/>\n<meta property=\"og:image\" content=\"https:\/\/juntscontraelcancer.cat\/wp-content\/uploads\/2023\/04\/1.-cancer-infantil-1.jpg\" \/>\n\t<meta property=\"og:image:width\" content=\"664\" \/>\n\t<meta property=\"og:image:height\" content=\"374\" \/>\n\t<meta property=\"og:image:type\" content=\"image\/jpeg\" \/>\n<meta name=\"author\" content=\"Pukkas\" \/>\n<meta name=\"twitter:card\" content=\"summary_large_image\" \/>\n<meta name=\"twitter:creator\" content=\"@FececFederacio\" \/>\n<meta name=\"twitter:site\" content=\"@FececFederacio\" \/>\n<meta name=\"twitter:label1\" content=\"Escrito por\" \/>\n\t<meta name=\"twitter:data1\" content=\"Pukkas\" \/>\n\t<meta name=\"twitter:label2\" content=\"Tiempo de lectura\" \/>\n\t<meta name=\"twitter:data2\" content=\"3 minutos\" \/>\n<script type=\"application\/ld+json\" class=\"yoast-schema-graph\">{\"@context\":\"https:\\\/\\\/schema.org\",\"@graph\":[{\"@type\":\"Article\",\"@id\":\"https:\\\/\\\/juntscontraelcancer.cat\\\/es\\\/15-de-febrero-dia-internacional-del-nino-con-cancer\\\/#article\",\"isPartOf\":{\"@id\":\"https:\\\/\\\/juntscontraelcancer.cat\\\/es\\\/15-de-febrero-dia-internacional-del-nino-con-cancer\\\/\"},\"author\":{\"name\":\"Pukkas\",\"@id\":\"https:\\\/\\\/juntscontraelcancer.cat\\\/es\\\/#\\\/schema\\\/person\\\/14c85cb9b3aeddea8f9087bea375813f\"},\"headline\":\"15 de febrero: D\u00eda Internacional del Ni\u00f1o con C\u00e1ncer\",\"datePublished\":\"2018-02-14T22:00:00+00:00\",\"dateModified\":\"2023-06-08T08:47:16+00:00\",\"mainEntityOfPage\":{\"@id\":\"https:\\\/\\\/juntscontraelcancer.cat\\\/es\\\/15-de-febrero-dia-internacional-del-nino-con-cancer\\\/\"},\"wordCount\":549,\"publisher\":{\"@id\":\"https:\\\/\\\/juntscontraelcancer.cat\\\/es\\\/#organization\"},\"image\":{\"@id\":\"https:\\\/\\\/juntscontraelcancer.cat\\\/es\\\/15-de-febrero-dia-internacional-del-nino-con-cancer\\\/#primaryimage\"},\"thumbnailUrl\":\"https:\\\/\\\/juntscontraelcancer.cat\\\/wp-content\\\/uploads\\\/2023\\\/04\\\/1.-cancer-infantil-1.jpg\",\"articleSection\":[\"Actualidad\",\"Actualitat\",\"Destacadas\",\"Destacats\"],\"inLanguage\":\"es\"},{\"@type\":\"WebPage\",\"@id\":\"https:\\\/\\\/juntscontraelcancer.cat\\\/es\\\/15-de-febrero-dia-internacional-del-nino-con-cancer\\\/\",\"url\":\"https:\\\/\\\/juntscontraelcancer.cat\\\/es\\\/15-de-febrero-dia-internacional-del-nino-con-cancer\\\/\",\"name\":\"15 de febrero: D\u00eda Internacional del Ni\u00f1o con C\u00e1ncer - Junts contra el c\u00e0ncer - FECEC\",\"isPartOf\":{\"@id\":\"https:\\\/\\\/juntscontraelcancer.cat\\\/es\\\/#website\"},\"primaryImageOfPage\":{\"@id\":\"https:\\\/\\\/juntscontraelcancer.cat\\\/es\\\/15-de-febrero-dia-internacional-del-nino-con-cancer\\\/#primaryimage\"},\"image\":{\"@id\":\"https:\\\/\\\/juntscontraelcancer.cat\\\/es\\\/15-de-febrero-dia-internacional-del-nino-con-cancer\\\/#primaryimage\"},\"thumbnailUrl\":\"https:\\\/\\\/juntscontraelcancer.cat\\\/wp-content\\\/uploads\\\/2023\\\/04\\\/1.-cancer-infantil-1.jpg\",\"datePublished\":\"2018-02-14T22:00:00+00:00\",\"dateModified\":\"2023-06-08T08:47:16+00:00\",\"breadcrumb\":{\"@id\":\"https:\\\/\\\/juntscontraelcancer.cat\\\/es\\\/15-de-febrero-dia-internacional-del-nino-con-cancer\\\/#breadcrumb\"},\"inLanguage\":\"es\",\"potentialAction\":[{\"@type\":\"ReadAction\",\"target\":[\"https:\\\/\\\/juntscontraelcancer.cat\\\/es\\\/15-de-febrero-dia-internacional-del-nino-con-cancer\\\/\"]}]},{\"@type\":\"ImageObject\",\"inLanguage\":\"es\",\"@id\":\"https:\\\/\\\/juntscontraelcancer.cat\\\/es\\\/15-de-febrero-dia-internacional-del-nino-con-cancer\\\/#primaryimage\",\"url\":\"https:\\\/\\\/juntscontraelcancer.cat\\\/wp-content\\\/uploads\\\/2023\\\/04\\\/1.-cancer-infantil-1.jpg\",\"contentUrl\":\"https:\\\/\\\/juntscontraelcancer.cat\\\/wp-content\\\/uploads\\\/2023\\\/04\\\/1.-cancer-infantil-1.jpg\",\"width\":664,\"height\":374},{\"@type\":\"BreadcrumbList\",\"@id\":\"https:\\\/\\\/juntscontraelcancer.cat\\\/es\\\/15-de-febrero-dia-internacional-del-nino-con-cancer\\\/#breadcrumb\",\"itemListElement\":[{\"@type\":\"ListItem\",\"position\":1,\"name\":\"Inicio\",\"item\":\"https:\\\/\\\/juntscontraelcancer.cat\\\/es\\\/\"},{\"@type\":\"ListItem\",\"position\":2,\"name\":\"15 de febrero: D\u00eda Internacional del Ni\u00f1o con C\u00e1ncer\"}]},{\"@type\":\"WebSite\",\"@id\":\"https:\\\/\\\/juntscontraelcancer.cat\\\/es\\\/#website\",\"url\":\"https:\\\/\\\/juntscontraelcancer.cat\\\/es\\\/\",\"name\":\"Junts contra el c\u00e0ncer - FECEC\",\"description\":\"\",\"publisher\":{\"@id\":\"https:\\\/\\\/juntscontraelcancer.cat\\\/es\\\/#organization\"},\"potentialAction\":[{\"@type\":\"SearchAction\",\"target\":{\"@type\":\"EntryPoint\",\"urlTemplate\":\"https:\\\/\\\/juntscontraelcancer.cat\\\/es\\\/?s={search_term_string}\"},\"query-input\":{\"@type\":\"PropertyValueSpecification\",\"valueRequired\":true,\"valueName\":\"search_term_string\"}}],\"inLanguage\":\"es\"},{\"@type\":\"Organization\",\"@id\":\"https:\\\/\\\/juntscontraelcancer.cat\\\/es\\\/#organization\",\"name\":\"Junts contra el c\u00e0ncer - FECEC\",\"url\":\"https:\\\/\\\/juntscontraelcancer.cat\\\/es\\\/\",\"logo\":{\"@type\":\"ImageObject\",\"inLanguage\":\"es\",\"@id\":\"https:\\\/\\\/juntscontraelcancer.cat\\\/es\\\/#\\\/schema\\\/logo\\\/image\\\/\",\"url\":\"https:\\\/\\\/juntscontraelcancer.cat\\\/wp-content\\\/uploads\\\/2023\\\/01\\\/logo-fecec-header.png\",\"contentUrl\":\"https:\\\/\\\/juntscontraelcancer.cat\\\/wp-content\\\/uploads\\\/2023\\\/01\\\/logo-fecec-header.png\",\"width\":126,\"height\":74,\"caption\":\"Junts contra el c\u00e0ncer - FECEC\"},\"image\":{\"@id\":\"https:\\\/\\\/juntscontraelcancer.cat\\\/es\\\/#\\\/schema\\\/logo\\\/image\\\/\"},\"sameAs\":[\"https:\\\/\\\/www.facebook.com\\\/fecec.federacio\\\/\",\"https:\\\/\\\/x.com\\\/FececFederacio\",\"https:\\\/\\\/www.instagram.com\\\/fececfederacio\\\/?hl=es\",\"https:\\\/\\\/www.youtube.com\\\/channel\\\/UCgAC_6c6hmHwMQhSCQyYBdA\"]},{\"@type\":\"Person\",\"@id\":\"https:\\\/\\\/juntscontraelcancer.cat\\\/es\\\/#\\\/schema\\\/person\\\/14c85cb9b3aeddea8f9087bea375813f\",\"name\":\"Pukkas\",\"image\":{\"@type\":\"ImageObject\",\"inLanguage\":\"es\",\"@id\":\"https:\\\/\\\/secure.gravatar.com\\\/avatar\\\/7433209641beafe57dbfd32b83f1c28fb7da2f23c98b47d02c7623ce350a0e9f?s=96&d=mm&r=g\",\"url\":\"https:\\\/\\\/secure.gravatar.com\\\/avatar\\\/7433209641beafe57dbfd32b83f1c28fb7da2f23c98b47d02c7623ce350a0e9f?s=96&d=mm&r=g\",\"contentUrl\":\"https:\\\/\\\/secure.gravatar.com\\\/avatar\\\/7433209641beafe57dbfd32b83f1c28fb7da2f23c98b47d02c7623ce350a0e9f?s=96&d=mm&r=g\",\"caption\":\"Pukkas\"},\"sameAs\":[\"https:\\\/\\\/juntscontraelcancer.cat\"]}]}<\/script>\n<!-- \/ Yoast SEO plugin. -->","yoast_head_json":{"title":"15 de febrero: D\u00eda Internacional del Ni\u00f1o con C\u00e1ncer - Junts contra el c\u00e0ncer - FECEC","robots":{"index":"index","follow":"follow","max-snippet":"max-snippet:-1","max-image-preview":"max-image-preview:large","max-video-preview":"max-video-preview:-1"},"canonical":"https:\/\/juntscontraelcancer.cat\/es\/15-de-febrero-dia-internacional-del-nino-con-cancer\/","og_locale":"es_ES","og_type":"article","og_title":"15 de febrero: D\u00eda Internacional del Ni\u00f1o con C\u00e1ncer - Junts contra el c\u00e0ncer - FECEC","og_description":"Es un d\u00eda para subrayar que todos los ni\u00f1os necesitan tener acceso a un diagn\u00f3stico y un tratamiento preciso y a tiempo y, tambi\u00e9n, que todo ni\u00f1o con c\u00e1ncer merece la mejor atenci\u00f3n m\u00e9dica y psicol\u00f3gica, independientemente de su pa\u00eds de origen, raza, estatus econ\u00f3mico o clase social.","og_url":"https:\/\/juntscontraelcancer.cat\/es\/15-de-febrero-dia-internacional-del-nino-con-cancer\/","og_site_name":"Junts contra el c\u00e0ncer - FECEC","article_publisher":"https:\/\/www.facebook.com\/fecec.federacio\/","article_published_time":"2018-02-14T22:00:00+00:00","article_modified_time":"2023-06-08T08:47:16+00:00","og_image":[{"width":664,"height":374,"url":"https:\/\/juntscontraelcancer.cat\/wp-content\/uploads\/2023\/04\/1.-cancer-infantil-1.jpg","type":"image\/jpeg"}],"author":"Pukkas","twitter_card":"summary_large_image","twitter_creator":"@FececFederacio","twitter_site":"@FececFederacio","twitter_misc":{"Escrito por":"Pukkas","Tiempo de lectura":"3 minutos"},"schema":{"@context":"https:\/\/schema.org","@graph":[{"@type":"Article","@id":"https:\/\/juntscontraelcancer.cat\/es\/15-de-febrero-dia-internacional-del-nino-con-cancer\/#article","isPartOf":{"@id":"https:\/\/juntscontraelcancer.cat\/es\/15-de-febrero-dia-internacional-del-nino-con-cancer\/"},"author":{"name":"Pukkas","@id":"https:\/\/juntscontraelcancer.cat\/es\/#\/schema\/person\/14c85cb9b3aeddea8f9087bea375813f"},"headline":"15 de febrero: D\u00eda Internacional del Ni\u00f1o con C\u00e1ncer","datePublished":"2018-02-14T22:00:00+00:00","dateModified":"2023-06-08T08:47:16+00:00","mainEntityOfPage":{"@id":"https:\/\/juntscontraelcancer.cat\/es\/15-de-febrero-dia-internacional-del-nino-con-cancer\/"},"wordCount":549,"publisher":{"@id":"https:\/\/juntscontraelcancer.cat\/es\/#organization"},"image":{"@id":"https:\/\/juntscontraelcancer.cat\/es\/15-de-febrero-dia-internacional-del-nino-con-cancer\/#primaryimage"},"thumbnailUrl":"https:\/\/juntscontraelcancer.cat\/wp-content\/uploads\/2023\/04\/1.-cancer-infantil-1.jpg","articleSection":["Actualidad","Actualitat","Destacadas","Destacats"],"inLanguage":"es"},{"@type":"WebPage","@id":"https:\/\/juntscontraelcancer.cat\/es\/15-de-febrero-dia-internacional-del-nino-con-cancer\/","url":"https:\/\/juntscontraelcancer.cat\/es\/15-de-febrero-dia-internacional-del-nino-con-cancer\/","name":"15 de febrero: D\u00eda Internacional del Ni\u00f1o con C\u00e1ncer - Junts contra el c\u00e0ncer - FECEC","isPartOf":{"@id":"https:\/\/juntscontraelcancer.cat\/es\/#website"},"primaryImageOfPage":{"@id":"https:\/\/juntscontraelcancer.cat\/es\/15-de-febrero-dia-internacional-del-nino-con-cancer\/#primaryimage"},"image":{"@id":"https:\/\/juntscontraelcancer.cat\/es\/15-de-febrero-dia-internacional-del-nino-con-cancer\/#primaryimage"},"thumbnailUrl":"https:\/\/juntscontraelcancer.cat\/wp-content\/uploads\/2023\/04\/1.-cancer-infantil-1.jpg","datePublished":"2018-02-14T22:00:00+00:00","dateModified":"2023-06-08T08:47:16+00:00","breadcrumb":{"@id":"https:\/\/juntscontraelcancer.cat\/es\/15-de-febrero-dia-internacional-del-nino-con-cancer\/#breadcrumb"},"inLanguage":"es","potentialAction":[{"@type":"ReadAction","target":["https:\/\/juntscontraelcancer.cat\/es\/15-de-febrero-dia-internacional-del-nino-con-cancer\/"]}]},{"@type":"ImageObject","inLanguage":"es","@id":"https:\/\/juntscontraelcancer.cat\/es\/15-de-febrero-dia-internacional-del-nino-con-cancer\/#primaryimage","url":"https:\/\/juntscontraelcancer.cat\/wp-content\/uploads\/2023\/04\/1.-cancer-infantil-1.jpg","contentUrl":"https:\/\/juntscontraelcancer.cat\/wp-content\/uploads\/2023\/04\/1.-cancer-infantil-1.jpg","width":664,"height":374},{"@type":"BreadcrumbList","@id":"https:\/\/juntscontraelcancer.cat\/es\/15-de-febrero-dia-internacional-del-nino-con-cancer\/#breadcrumb","itemListElement":[{"@type":"ListItem","position":1,"name":"Inicio","item":"https:\/\/juntscontraelcancer.cat\/es\/"},{"@type":"ListItem","position":2,"name":"15 de febrero: D\u00eda Internacional del Ni\u00f1o con C\u00e1ncer"}]},{"@type":"WebSite","@id":"https:\/\/juntscontraelcancer.cat\/es\/#website","url":"https:\/\/juntscontraelcancer.cat\/es\/","name":"Junts contra el c\u00e0ncer - FECEC","description":"","publisher":{"@id":"https:\/\/juntscontraelcancer.cat\/es\/#organization"},"potentialAction":[{"@type":"SearchAction","target":{"@type":"EntryPoint","urlTemplate":"https:\/\/juntscontraelcancer.cat\/es\/?s={search_term_string}"},"query-input":{"@type":"PropertyValueSpecification","valueRequired":true,"valueName":"search_term_string"}}],"inLanguage":"es"},{"@type":"Organization","@id":"https:\/\/juntscontraelcancer.cat\/es\/#organization","name":"Junts contra el c\u00e0ncer - FECEC","url":"https:\/\/juntscontraelcancer.cat\/es\/","logo":{"@type":"ImageObject","inLanguage":"es","@id":"https:\/\/juntscontraelcancer.cat\/es\/#\/schema\/logo\/image\/","url":"https:\/\/juntscontraelcancer.cat\/wp-content\/uploads\/2023\/01\/logo-fecec-header.png","contentUrl":"https:\/\/juntscontraelcancer.cat\/wp-content\/uploads\/2023\/01\/logo-fecec-header.png","width":126,"height":74,"caption":"Junts contra el c\u00e0ncer - FECEC"},"image":{"@id":"https:\/\/juntscontraelcancer.cat\/es\/#\/schema\/logo\/image\/"},"sameAs":["https:\/\/www.facebook.com\/fecec.federacio\/","https:\/\/x.com\/FececFederacio","https:\/\/www.instagram.com\/fececfederacio\/?hl=es","https:\/\/www.youtube.com\/channel\/UCgAC_6c6hmHwMQhSCQyYBdA"]},{"@type":"Person","@id":"https:\/\/juntscontraelcancer.cat\/es\/#\/schema\/person\/14c85cb9b3aeddea8f9087bea375813f","name":"Pukkas","image":{"@type":"ImageObject","inLanguage":"es","@id":"https:\/\/secure.gravatar.com\/avatar\/7433209641beafe57dbfd32b83f1c28fb7da2f23c98b47d02c7623ce350a0e9f?s=96&d=mm&r=g","url":"https:\/\/secure.gravatar.com\/avatar\/7433209641beafe57dbfd32b83f1c28fb7da2f23c98b47d02c7623ce350a0e9f?s=96&d=mm&r=g","contentUrl":"https:\/\/secure.gravatar.com\/avatar\/7433209641beafe57dbfd32b83f1c28fb7da2f23c98b47d02c7623ce350a0e9f?s=96&d=mm&r=g","caption":"Pukkas"},"sameAs":["https:\/\/juntscontraelcancer.cat"]}]}},"_links":{"self":[{"href":"https:\/\/juntscontraelcancer.cat\/es\/wp-json\/wp\/v2\/posts\/14427","targetHints":{"allow":["GET"]}}],"collection":[{"href":"https:\/\/juntscontraelcancer.cat\/es\/wp-json\/wp\/v2\/posts"}],"about":[{"href":"https:\/\/juntscontraelcancer.cat\/es\/wp-json\/wp\/v2\/types\/post"}],"author":[{"embeddable":true,"href":"https:\/\/juntscontraelcancer.cat\/es\/wp-json\/wp\/v2\/users\/1"}],"replies":[{"embeddable":true,"href":"https:\/\/juntscontraelcancer.cat\/es\/wp-json\/wp\/v2\/comments?post=14427"}],"version-history":[{"count":1,"href":"https:\/\/juntscontraelcancer.cat\/es\/wp-json\/wp\/v2\/posts\/14427\/revisions"}],"predecessor-version":[{"id":14428,"href":"https:\/\/juntscontraelcancer.cat\/es\/wp-json\/wp\/v2\/posts\/14427\/revisions\/14428"}],"wp:featuredmedia":[{"embeddable":true,"href":"https:\/\/juntscontraelcancer.cat\/es\/wp-json\/wp\/v2\/media\/9495"}],"wp:attachment":[{"href":"https:\/\/juntscontraelcancer.cat\/es\/wp-json\/wp\/v2\/media?parent=14427"}],"wp:term":[{"taxonomy":"category","embeddable":true,"href":"https:\/\/juntscontraelcancer.cat\/es\/wp-json\/wp\/v2\/categories?post=14427"},{"taxonomy":"post_tag","embeddable":true,"href":"https:\/\/juntscontraelcancer.cat\/es\/wp-json\/wp\/v2\/tags?post=14427"}],"curies":[{"name":"wp","href":"https:\/\/api.w.org\/{rel}","templated":true}]}}