{"id":14419,"date":"2018-01-25T00:00:00","date_gmt":"2018-01-24T22:00:00","guid":{"rendered":"https:\/\/junts.enproceso.es\/sumat-el-2-y-3-de-febrero-a-la-campana-pebrotscancer-y-compra-pimientos-solidarios-a-los-establecimientos-condis\/"},"modified":"2023-06-08T10:47:17","modified_gmt":"2023-06-08T08:47:17","slug":"sumat-el-2-y-3-de-febrero-a-la-campana-pebrotscancer-y-compra-pimientos-solidarios-a-los-establecimientos-condis","status":"publish","type":"post","link":"https:\/\/juntscontraelcancer.cat\/es\/sumat-el-2-y-3-de-febrero-a-la-campana-pebrotscancer-y-compra-pimientos-solidarios-a-los-establecimientos-condis\/","title":{"rendered":"#sumaT el 2 y 3 de febrero a la campa\u00f1a #pebrotscancer y compra pimientos solidarios a los establecimientos Condis"},"content":{"rendered":"<p>Hoy se ha presentado la IV edici\u00f3n de la campa\u00f1a solidaria \u00abPosem-li pebrots al c\u00e0ncer\u00bb, impulsada por las entidades de la FECEC &#8211; y Condis Supermercados, que contar\u00e1 con la colaboraci\u00f3n de m\u00e1s de 500 voluntarios de toda Catalu\u00f1a. La iniciativa se desarrollar\u00e1 el viernes 2 y s\u00e1bado 3 de febrero en 469 de los establecimientos que Condis tiene en Catalu\u00f1a, coincidiendo con el D\u00eda Mundial contra el C\u00e1ncer (4 de febrero).<\/p>\n<p style=\"text-align: justify;\"><img loading=\"lazy\" decoding=\"async\" class=\"wp-image-32512 size-large\" src=\"https:\/\/juntscontraelcancer.cat\/wp-content\/uploads\/2023\/04\/IMG_20180125_122727-scaled.jpg\" alt=\"pebrots cancer 2018\" width=\"625\" height=\"352\" \/><\/p>\n<p style=\"text-align: justify;\">Una de las claves de \u00e9xito de la campa\u00f1a es la participaci\u00f3n de los m\u00e1s de 500 voluntarios que ofrecer\u00e1n una bolsa con dos pimientos, uno verde y uno rojo -aportados por la compa\u00f1\u00eda Agroponiente- a cambio de un precio simb\u00f3lico de 1,5 euros.<\/p>\n<p style=\"text-align: justify;\">El objetivo de esta campa\u00f1a es fomentar la solidaridad con las personas que sufren la enfermedad y difundir la labor de acompa\u00f1amiento que realizan las entidades de la FECEC. Las aportaciones recogidas se destinar\u00e1n \u00edntegramente a programas de apoyo y atenci\u00f3n a los enfermos oncol\u00f3gicos y sus familias.<\/p>\n<p style=\"text-align: justify;\">Mira el spot de la campa\u00f1a:<\/p>\n<p style=\"text-align: justify;\"><iframe loading=\"lazy\" src=\"https:\/\/www.youtube.com\/embed\/5t92_57G5IE\" width=\"560\" height=\"315\" frameborder=\"0\" allowfullscreen=\"allowfullscreen\"><\/iframe><\/p>\n<p style=\"text-align: justify;\">La campa\u00f1a de este a\u00f1o ha sido apadrinada por la periodista Xantal Llavina, el actor y presentador Quim Masferrer, el investigador Manel Esteller, director del programa de Epigen\u00e9tica y Biolog\u00eda del C\u00e1ncer del Instituto de Investigaciones Biom\u00e9dicas de Bellvitge (IDIBELL ), el Dr. Germ\u00e0 Lluch, Director de Conocimiento e Investigaci\u00f3n del Instituto Catal\u00e1n de Oncolog\u00eda, los actores Francesc Orella, Candela Anton y Pau Poch, protagonistas de la serie \u00abMerl\u00edn\u00bb, el tambi\u00e9n actor Abel Folk y por el chef Sergi C\u00f3cera.<\/p>\n<p style=\"text-align: justify;\">Al acto de presentaci\u00f3n tambi\u00e9n ha participado N\u00faria Casald\u00e0liga, vocal de la Junta directiva de la FECEC y directora de Oncolliga, y la vicepresidenta ejecutiva de Condis, Carmen Condal.<\/p>\n<p style=\"text-align: justify;\">El voluntariado que colabora en la iniciativa proviene de las propias entidades, as\u00ed como de una importante llamada a la que se han a\u00f1adido diferentes, instituciones y empresas: La Caja, Kern Pharma, SAGE, Universidad de Barcelona, entre otros. En paralelo, hay que a\u00f1adir que Condis tambi\u00e9n fomenta la solidaridad entre su personal y colaboradores, que participan desde los punto de venta y desde la plataforma central.<\/p>\n<p style=\"text-align: justify;\">Para que la campa\u00f1a llegue a los m\u00e1s de 300 supermercados que Condis tiene distribuidos por Catalu\u00f1a, la FECEC hace un llamamiento al voluntariado. Se trata de que las personas voluntarias ayuden a vender las bolsas de pimientos e informen a los clientes sobre los objetivos de la campa\u00f1a.<\/p>\n<p style=\"text-align: justify;\">Quien quiera puede apuntar-se como voluntario en cualquier franja horaria del 2 y 3 de febrero a trav\u00e9s\u00a0<a href=\"https:\/\/docs.google.com\/forms\/d\/e\/1FAIpQLSfIRPd5XnZ9nxxxBsOt5fJErEWCbDBGBcIRO4S-L_WR4g4J0A\/viewform\">de este formulario\u00a0<\/a>donde\u00a0tambi\u00e9n debe escoger el supermercado donde quiere colaborar con la campa\u00f1a. <a href=\"http:\/\/www.juntscontraelcancer.cat\/wp-content\/uploads\/2018\/01\/Llistat-establiments-web.pdf\">Aqu\u00ed ten\u00e9is el listado de establecimientos Condis\u00a0<\/a>donde se vender\u00e1n las bolsas de pimientos.<\/p>\n<p style=\"text-align: justify;\"><strong>Condisline.com tambi\u00e9n ofrecer\u00e1 pimientos solidarios<br \/>\n<\/strong><\/p>\n<p style=\"text-align: justify;\">Los usuarios del s\u00faper online \u00abCondisline.com\u00bb podr\u00e1n adquirir su bolsa de pimientos solidarios durante los d\u00edas 2 y 3 de febrero. Como anteriores ediciones, est\u00e1 previsto que la campa\u00f1a tenga una importante difusi\u00f3n en las redes sociales. De esta forma, los ciudadanos est\u00e1n invitados a subir sus fotograf\u00edas con la bolsa de pimientos tanto en el <a href=\"https:\/\/es-es.facebook.com\/fecec.federacio\">Facebook<\/a> com en el <a href=\"https:\/\/twitter.com\/FececFederacio\">Twitter<\/a> de la FECEC i de Condis (@condislife), con los hasthtags #pebrotscancer i <strong>#sumaT,<\/strong> as\u00ed como tambi\u00e9n en el Instagram de Condislife y de la FECEC.<\/p>\n","protected":false},"excerpt":{"rendered":"<p>La campa\u00f1a de este a\u00f1o ha sido apadrinada por la periodista Xantal Llavina, el actor y presentador Quim Masferrer, el investigador Manel Esteller, director del programa de Epigen\u00e9tica y Biolog\u00eda del C\u00e1ncer del Instituto de Investigaciones Biom\u00e9dicas de Bellvitge (IDIBELL ), el Dr. Germ\u00e0 Lluch, Director de Conocimiento e Investigaci\u00f3n del Instituto Catal\u00e1n de Oncolog\u00eda, los actores Francesc Orella, Candela Anton y Pau Poch, protagonistas de la serie \u00abMerl\u00edn\u00bb, el tambi\u00e9n actor Abel Folk y por el chef Sergi C\u00f3cera.<\/p>\n","protected":false},"author":1,"featured_media":9424,"comment_status":"closed","ping_status":"open","sticky":false,"template":"","format":"standard","meta":{"_acf_changed":false,"inline_featured_image":false,"footnotes":""},"categories":[84,3,86,68],"tags":[],"class_list":["post-14419","post","type-post","status-publish","format-standard","has-post-thumbnail","hentry","category-actualidad","category-actualitat","category-destacadas","category-destaquem"],"acf":[],"yoast_head":"<!-- This site is optimized with the Yoast SEO plugin v27.3 - https:\/\/yoast.com\/product\/yoast-seo-wordpress\/ -->\n<title>#sumaT el 2 y 3 de febrero a la campa\u00f1a #pebrotscancer y compra pimientos solidarios a los establecimientos Condis - Junts contra el c\u00e0ncer - FECEC<\/title>\n<meta name=\"robots\" content=\"index, follow, max-snippet:-1, max-image-preview:large, max-video-preview:-1\" \/>\n<link rel=\"canonical\" href=\"https:\/\/juntscontraelcancer.cat\/es\/sumat-el-2-y-3-de-febrero-a-la-campana-pebrotscancer-y-compra-pimientos-solidarios-a-los-establecimientos-condis\/\" \/>\n<meta property=\"og:locale\" content=\"es_ES\" \/>\n<meta property=\"og:type\" content=\"article\" \/>\n<meta property=\"og:title\" content=\"#sumaT el 2 y 3 de febrero a la campa\u00f1a #pebrotscancer y compra pimientos solidarios a los establecimientos Condis - Junts contra el c\u00e0ncer - FECEC\" \/>\n<meta property=\"og:description\" content=\"La campa\u00f1a de este a\u00f1o ha sido apadrinada por la periodista Xantal Llavina, el actor y presentador Quim Masferrer, el investigador Manel Esteller, director del programa de Epigen\u00e9tica y Biolog\u00eda del C\u00e1ncer del Instituto de Investigaciones Biom\u00e9dicas de Bellvitge (IDIBELL ), el Dr. Germ\u00e0 Lluch, Director de Conocimiento e Investigaci\u00f3n del Instituto Catal\u00e1n de Oncolog\u00eda, los actores Francesc Orella, Candela Anton y Pau Poch, protagonistas de la serie &quot;Merl\u00edn&quot;, el tambi\u00e9n actor Abel Folk y por el chef Sergi C\u00f3cera.\" \/>\n<meta property=\"og:url\" content=\"https:\/\/juntscontraelcancer.cat\/es\/sumat-el-2-y-3-de-febrero-a-la-campana-pebrotscancer-y-compra-pimientos-solidarios-a-los-establecimientos-condis\/\" \/>\n<meta property=\"og:site_name\" content=\"Junts contra el c\u00e0ncer - FECEC\" \/>\n<meta property=\"article:publisher\" content=\"https:\/\/www.facebook.com\/fecec.federacio\/\" \/>\n<meta property=\"article:published_time\" content=\"2018-01-24T22:00:00+00:00\" \/>\n<meta property=\"article:modified_time\" content=\"2023-06-08T08:47:17+00:00\" \/>\n<meta property=\"og:image\" content=\"https:\/\/juntscontraelcancer.cat\/wp-content\/uploads\/2023\/04\/1.-destacat-pebrots-2018.jpg\" \/>\n\t<meta property=\"og:image:width\" content=\"354\" \/>\n\t<meta property=\"og:image:height\" content=\"145\" \/>\n\t<meta property=\"og:image:type\" content=\"image\/jpeg\" \/>\n<meta name=\"author\" content=\"Pukkas\" \/>\n<meta name=\"twitter:card\" content=\"summary_large_image\" \/>\n<meta name=\"twitter:creator\" content=\"@FececFederacio\" \/>\n<meta name=\"twitter:site\" content=\"@FececFederacio\" \/>\n<meta name=\"twitter:label1\" content=\"Escrito por\" \/>\n\t<meta name=\"twitter:data1\" content=\"Pukkas\" \/>\n\t<meta name=\"twitter:label2\" content=\"Tiempo de lectura\" \/>\n\t<meta name=\"twitter:data2\" content=\"3 minutos\" \/>\n<script type=\"application\/ld+json\" class=\"yoast-schema-graph\">{\"@context\":\"https:\\\/\\\/schema.org\",\"@graph\":[{\"@type\":\"Article\",\"@id\":\"https:\\\/\\\/juntscontraelcancer.cat\\\/es\\\/sumat-el-2-y-3-de-febrero-a-la-campana-pebrotscancer-y-compra-pimientos-solidarios-a-los-establecimientos-condis\\\/#article\",\"isPartOf\":{\"@id\":\"https:\\\/\\\/juntscontraelcancer.cat\\\/es\\\/sumat-el-2-y-3-de-febrero-a-la-campana-pebrotscancer-y-compra-pimientos-solidarios-a-los-establecimientos-condis\\\/\"},\"author\":{\"name\":\"Pukkas\",\"@id\":\"https:\\\/\\\/juntscontraelcancer.cat\\\/es\\\/#\\\/schema\\\/person\\\/14c85cb9b3aeddea8f9087bea375813f\"},\"headline\":\"#sumaT el 2 y 3 de febrero a la campa\u00f1a #pebrotscancer y compra pimientos solidarios a los establecimientos Condis\",\"datePublished\":\"2018-01-24T22:00:00+00:00\",\"dateModified\":\"2023-06-08T08:47:17+00:00\",\"mainEntityOfPage\":{\"@id\":\"https:\\\/\\\/juntscontraelcancer.cat\\\/es\\\/sumat-el-2-y-3-de-febrero-a-la-campana-pebrotscancer-y-compra-pimientos-solidarios-a-los-establecimientos-condis\\\/\"},\"wordCount\":598,\"publisher\":{\"@id\":\"https:\\\/\\\/juntscontraelcancer.cat\\\/es\\\/#organization\"},\"image\":{\"@id\":\"https:\\\/\\\/juntscontraelcancer.cat\\\/es\\\/sumat-el-2-y-3-de-febrero-a-la-campana-pebrotscancer-y-compra-pimientos-solidarios-a-los-establecimientos-condis\\\/#primaryimage\"},\"thumbnailUrl\":\"https:\\\/\\\/juntscontraelcancer.cat\\\/wp-content\\\/uploads\\\/2023\\\/04\\\/1.-destacat-pebrots-2018.jpg\",\"articleSection\":[\"Actualidad\",\"Actualitat\",\"Destacadas\",\"Destacats\"],\"inLanguage\":\"es\"},{\"@type\":\"WebPage\",\"@id\":\"https:\\\/\\\/juntscontraelcancer.cat\\\/es\\\/sumat-el-2-y-3-de-febrero-a-la-campana-pebrotscancer-y-compra-pimientos-solidarios-a-los-establecimientos-condis\\\/\",\"url\":\"https:\\\/\\\/juntscontraelcancer.cat\\\/es\\\/sumat-el-2-y-3-de-febrero-a-la-campana-pebrotscancer-y-compra-pimientos-solidarios-a-los-establecimientos-condis\\\/\",\"name\":\"#sumaT el 2 y 3 de febrero a la campa\u00f1a #pebrotscancer y compra pimientos solidarios a los establecimientos Condis - Junts contra el c\u00e0ncer - FECEC\",\"isPartOf\":{\"@id\":\"https:\\\/\\\/juntscontraelcancer.cat\\\/es\\\/#website\"},\"primaryImageOfPage\":{\"@id\":\"https:\\\/\\\/juntscontraelcancer.cat\\\/es\\\/sumat-el-2-y-3-de-febrero-a-la-campana-pebrotscancer-y-compra-pimientos-solidarios-a-los-establecimientos-condis\\\/#primaryimage\"},\"image\":{\"@id\":\"https:\\\/\\\/juntscontraelcancer.cat\\\/es\\\/sumat-el-2-y-3-de-febrero-a-la-campana-pebrotscancer-y-compra-pimientos-solidarios-a-los-establecimientos-condis\\\/#primaryimage\"},\"thumbnailUrl\":\"https:\\\/\\\/juntscontraelcancer.cat\\\/wp-content\\\/uploads\\\/2023\\\/04\\\/1.-destacat-pebrots-2018.jpg\",\"datePublished\":\"2018-01-24T22:00:00+00:00\",\"dateModified\":\"2023-06-08T08:47:17+00:00\",\"breadcrumb\":{\"@id\":\"https:\\\/\\\/juntscontraelcancer.cat\\\/es\\\/sumat-el-2-y-3-de-febrero-a-la-campana-pebrotscancer-y-compra-pimientos-solidarios-a-los-establecimientos-condis\\\/#breadcrumb\"},\"inLanguage\":\"es\",\"potentialAction\":[{\"@type\":\"ReadAction\",\"target\":[\"https:\\\/\\\/juntscontraelcancer.cat\\\/es\\\/sumat-el-2-y-3-de-febrero-a-la-campana-pebrotscancer-y-compra-pimientos-solidarios-a-los-establecimientos-condis\\\/\"]}]},{\"@type\":\"ImageObject\",\"inLanguage\":\"es\",\"@id\":\"https:\\\/\\\/juntscontraelcancer.cat\\\/es\\\/sumat-el-2-y-3-de-febrero-a-la-campana-pebrotscancer-y-compra-pimientos-solidarios-a-los-establecimientos-condis\\\/#primaryimage\",\"url\":\"https:\\\/\\\/juntscontraelcancer.cat\\\/wp-content\\\/uploads\\\/2023\\\/04\\\/1.-destacat-pebrots-2018.jpg\",\"contentUrl\":\"https:\\\/\\\/juntscontraelcancer.cat\\\/wp-content\\\/uploads\\\/2023\\\/04\\\/1.-destacat-pebrots-2018.jpg\",\"width\":354,\"height\":145},{\"@type\":\"BreadcrumbList\",\"@id\":\"https:\\\/\\\/juntscontraelcancer.cat\\\/es\\\/sumat-el-2-y-3-de-febrero-a-la-campana-pebrotscancer-y-compra-pimientos-solidarios-a-los-establecimientos-condis\\\/#breadcrumb\",\"itemListElement\":[{\"@type\":\"ListItem\",\"position\":1,\"name\":\"Inicio\",\"item\":\"https:\\\/\\\/juntscontraelcancer.cat\\\/es\\\/\"},{\"@type\":\"ListItem\",\"position\":2,\"name\":\"#sumaT el 2 y 3 de febrero a la campa\u00f1a #pebrotscancer y compra pimientos solidarios a los establecimientos Condis\"}]},{\"@type\":\"WebSite\",\"@id\":\"https:\\\/\\\/juntscontraelcancer.cat\\\/es\\\/#website\",\"url\":\"https:\\\/\\\/juntscontraelcancer.cat\\\/es\\\/\",\"name\":\"Junts contra el c\u00e0ncer - FECEC\",\"description\":\"\",\"publisher\":{\"@id\":\"https:\\\/\\\/juntscontraelcancer.cat\\\/es\\\/#organization\"},\"potentialAction\":[{\"@type\":\"SearchAction\",\"target\":{\"@type\":\"EntryPoint\",\"urlTemplate\":\"https:\\\/\\\/juntscontraelcancer.cat\\\/es\\\/?s={search_term_string}\"},\"query-input\":{\"@type\":\"PropertyValueSpecification\",\"valueRequired\":true,\"valueName\":\"search_term_string\"}}],\"inLanguage\":\"es\"},{\"@type\":\"Organization\",\"@id\":\"https:\\\/\\\/juntscontraelcancer.cat\\\/es\\\/#organization\",\"name\":\"Junts contra el c\u00e0ncer - FECEC\",\"url\":\"https:\\\/\\\/juntscontraelcancer.cat\\\/es\\\/\",\"logo\":{\"@type\":\"ImageObject\",\"inLanguage\":\"es\",\"@id\":\"https:\\\/\\\/juntscontraelcancer.cat\\\/es\\\/#\\\/schema\\\/logo\\\/image\\\/\",\"url\":\"https:\\\/\\\/juntscontraelcancer.cat\\\/wp-content\\\/uploads\\\/2023\\\/01\\\/logo-fecec-header.png\",\"contentUrl\":\"https:\\\/\\\/juntscontraelcancer.cat\\\/wp-content\\\/uploads\\\/2023\\\/01\\\/logo-fecec-header.png\",\"width\":126,\"height\":74,\"caption\":\"Junts contra el c\u00e0ncer - FECEC\"},\"image\":{\"@id\":\"https:\\\/\\\/juntscontraelcancer.cat\\\/es\\\/#\\\/schema\\\/logo\\\/image\\\/\"},\"sameAs\":[\"https:\\\/\\\/www.facebook.com\\\/fecec.federacio\\\/\",\"https:\\\/\\\/x.com\\\/FececFederacio\",\"https:\\\/\\\/www.instagram.com\\\/fececfederacio\\\/?hl=es\",\"https:\\\/\\\/www.youtube.com\\\/channel\\\/UCgAC_6c6hmHwMQhSCQyYBdA\"]},{\"@type\":\"Person\",\"@id\":\"https:\\\/\\\/juntscontraelcancer.cat\\\/es\\\/#\\\/schema\\\/person\\\/14c85cb9b3aeddea8f9087bea375813f\",\"name\":\"Pukkas\",\"image\":{\"@type\":\"ImageObject\",\"inLanguage\":\"es\",\"@id\":\"https:\\\/\\\/secure.gravatar.com\\\/avatar\\\/7433209641beafe57dbfd32b83f1c28fb7da2f23c98b47d02c7623ce350a0e9f?s=96&d=mm&r=g\",\"url\":\"https:\\\/\\\/secure.gravatar.com\\\/avatar\\\/7433209641beafe57dbfd32b83f1c28fb7da2f23c98b47d02c7623ce350a0e9f?s=96&d=mm&r=g\",\"contentUrl\":\"https:\\\/\\\/secure.gravatar.com\\\/avatar\\\/7433209641beafe57dbfd32b83f1c28fb7da2f23c98b47d02c7623ce350a0e9f?s=96&d=mm&r=g\",\"caption\":\"Pukkas\"},\"sameAs\":[\"https:\\\/\\\/juntscontraelcancer.cat\"]}]}<\/script>\n<!-- \/ Yoast SEO plugin. -->","yoast_head_json":{"title":"#sumaT el 2 y 3 de febrero a la campa\u00f1a #pebrotscancer y compra pimientos solidarios a los establecimientos Condis - Junts contra el c\u00e0ncer - FECEC","robots":{"index":"index","follow":"follow","max-snippet":"max-snippet:-1","max-image-preview":"max-image-preview:large","max-video-preview":"max-video-preview:-1"},"canonical":"https:\/\/juntscontraelcancer.cat\/es\/sumat-el-2-y-3-de-febrero-a-la-campana-pebrotscancer-y-compra-pimientos-solidarios-a-los-establecimientos-condis\/","og_locale":"es_ES","og_type":"article","og_title":"#sumaT el 2 y 3 de febrero a la campa\u00f1a #pebrotscancer y compra pimientos solidarios a los establecimientos Condis - Junts contra el c\u00e0ncer - FECEC","og_description":"La campa\u00f1a de este a\u00f1o ha sido apadrinada por la periodista Xantal Llavina, el actor y presentador Quim Masferrer, el investigador Manel Esteller, director del programa de Epigen\u00e9tica y Biolog\u00eda del C\u00e1ncer del Instituto de Investigaciones Biom\u00e9dicas de Bellvitge (IDIBELL ), el Dr. Germ\u00e0 Lluch, Director de Conocimiento e Investigaci\u00f3n del Instituto Catal\u00e1n de Oncolog\u00eda, los actores Francesc Orella, Candela Anton y Pau Poch, protagonistas de la serie \"Merl\u00edn\", el tambi\u00e9n actor Abel Folk y por el chef Sergi C\u00f3cera.","og_url":"https:\/\/juntscontraelcancer.cat\/es\/sumat-el-2-y-3-de-febrero-a-la-campana-pebrotscancer-y-compra-pimientos-solidarios-a-los-establecimientos-condis\/","og_site_name":"Junts contra el c\u00e0ncer - FECEC","article_publisher":"https:\/\/www.facebook.com\/fecec.federacio\/","article_published_time":"2018-01-24T22:00:00+00:00","article_modified_time":"2023-06-08T08:47:17+00:00","og_image":[{"width":354,"height":145,"url":"https:\/\/juntscontraelcancer.cat\/wp-content\/uploads\/2023\/04\/1.-destacat-pebrots-2018.jpg","type":"image\/jpeg"}],"author":"Pukkas","twitter_card":"summary_large_image","twitter_creator":"@FececFederacio","twitter_site":"@FececFederacio","twitter_misc":{"Escrito por":"Pukkas","Tiempo de lectura":"3 minutos"},"schema":{"@context":"https:\/\/schema.org","@graph":[{"@type":"Article","@id":"https:\/\/juntscontraelcancer.cat\/es\/sumat-el-2-y-3-de-febrero-a-la-campana-pebrotscancer-y-compra-pimientos-solidarios-a-los-establecimientos-condis\/#article","isPartOf":{"@id":"https:\/\/juntscontraelcancer.cat\/es\/sumat-el-2-y-3-de-febrero-a-la-campana-pebrotscancer-y-compra-pimientos-solidarios-a-los-establecimientos-condis\/"},"author":{"name":"Pukkas","@id":"https:\/\/juntscontraelcancer.cat\/es\/#\/schema\/person\/14c85cb9b3aeddea8f9087bea375813f"},"headline":"#sumaT el 2 y 3 de febrero a la campa\u00f1a #pebrotscancer y compra pimientos solidarios a los establecimientos Condis","datePublished":"2018-01-24T22:00:00+00:00","dateModified":"2023-06-08T08:47:17+00:00","mainEntityOfPage":{"@id":"https:\/\/juntscontraelcancer.cat\/es\/sumat-el-2-y-3-de-febrero-a-la-campana-pebrotscancer-y-compra-pimientos-solidarios-a-los-establecimientos-condis\/"},"wordCount":598,"publisher":{"@id":"https:\/\/juntscontraelcancer.cat\/es\/#organization"},"image":{"@id":"https:\/\/juntscontraelcancer.cat\/es\/sumat-el-2-y-3-de-febrero-a-la-campana-pebrotscancer-y-compra-pimientos-solidarios-a-los-establecimientos-condis\/#primaryimage"},"thumbnailUrl":"https:\/\/juntscontraelcancer.cat\/wp-content\/uploads\/2023\/04\/1.-destacat-pebrots-2018.jpg","articleSection":["Actualidad","Actualitat","Destacadas","Destacats"],"inLanguage":"es"},{"@type":"WebPage","@id":"https:\/\/juntscontraelcancer.cat\/es\/sumat-el-2-y-3-de-febrero-a-la-campana-pebrotscancer-y-compra-pimientos-solidarios-a-los-establecimientos-condis\/","url":"https:\/\/juntscontraelcancer.cat\/es\/sumat-el-2-y-3-de-febrero-a-la-campana-pebrotscancer-y-compra-pimientos-solidarios-a-los-establecimientos-condis\/","name":"#sumaT el 2 y 3 de febrero a la campa\u00f1a #pebrotscancer y compra pimientos solidarios a los establecimientos Condis - Junts contra el c\u00e0ncer - FECEC","isPartOf":{"@id":"https:\/\/juntscontraelcancer.cat\/es\/#website"},"primaryImageOfPage":{"@id":"https:\/\/juntscontraelcancer.cat\/es\/sumat-el-2-y-3-de-febrero-a-la-campana-pebrotscancer-y-compra-pimientos-solidarios-a-los-establecimientos-condis\/#primaryimage"},"image":{"@id":"https:\/\/juntscontraelcancer.cat\/es\/sumat-el-2-y-3-de-febrero-a-la-campana-pebrotscancer-y-compra-pimientos-solidarios-a-los-establecimientos-condis\/#primaryimage"},"thumbnailUrl":"https:\/\/juntscontraelcancer.cat\/wp-content\/uploads\/2023\/04\/1.-destacat-pebrots-2018.jpg","datePublished":"2018-01-24T22:00:00+00:00","dateModified":"2023-06-08T08:47:17+00:00","breadcrumb":{"@id":"https:\/\/juntscontraelcancer.cat\/es\/sumat-el-2-y-3-de-febrero-a-la-campana-pebrotscancer-y-compra-pimientos-solidarios-a-los-establecimientos-condis\/#breadcrumb"},"inLanguage":"es","potentialAction":[{"@type":"ReadAction","target":["https:\/\/juntscontraelcancer.cat\/es\/sumat-el-2-y-3-de-febrero-a-la-campana-pebrotscancer-y-compra-pimientos-solidarios-a-los-establecimientos-condis\/"]}]},{"@type":"ImageObject","inLanguage":"es","@id":"https:\/\/juntscontraelcancer.cat\/es\/sumat-el-2-y-3-de-febrero-a-la-campana-pebrotscancer-y-compra-pimientos-solidarios-a-los-establecimientos-condis\/#primaryimage","url":"https:\/\/juntscontraelcancer.cat\/wp-content\/uploads\/2023\/04\/1.-destacat-pebrots-2018.jpg","contentUrl":"https:\/\/juntscontraelcancer.cat\/wp-content\/uploads\/2023\/04\/1.-destacat-pebrots-2018.jpg","width":354,"height":145},{"@type":"BreadcrumbList","@id":"https:\/\/juntscontraelcancer.cat\/es\/sumat-el-2-y-3-de-febrero-a-la-campana-pebrotscancer-y-compra-pimientos-solidarios-a-los-establecimientos-condis\/#breadcrumb","itemListElement":[{"@type":"ListItem","position":1,"name":"Inicio","item":"https:\/\/juntscontraelcancer.cat\/es\/"},{"@type":"ListItem","position":2,"name":"#sumaT el 2 y 3 de febrero a la campa\u00f1a #pebrotscancer y compra pimientos solidarios a los establecimientos Condis"}]},{"@type":"WebSite","@id":"https:\/\/juntscontraelcancer.cat\/es\/#website","url":"https:\/\/juntscontraelcancer.cat\/es\/","name":"Junts contra el c\u00e0ncer - FECEC","description":"","publisher":{"@id":"https:\/\/juntscontraelcancer.cat\/es\/#organization"},"potentialAction":[{"@type":"SearchAction","target":{"@type":"EntryPoint","urlTemplate":"https:\/\/juntscontraelcancer.cat\/es\/?s={search_term_string}"},"query-input":{"@type":"PropertyValueSpecification","valueRequired":true,"valueName":"search_term_string"}}],"inLanguage":"es"},{"@type":"Organization","@id":"https:\/\/juntscontraelcancer.cat\/es\/#organization","name":"Junts contra el c\u00e0ncer - FECEC","url":"https:\/\/juntscontraelcancer.cat\/es\/","logo":{"@type":"ImageObject","inLanguage":"es","@id":"https:\/\/juntscontraelcancer.cat\/es\/#\/schema\/logo\/image\/","url":"https:\/\/juntscontraelcancer.cat\/wp-content\/uploads\/2023\/01\/logo-fecec-header.png","contentUrl":"https:\/\/juntscontraelcancer.cat\/wp-content\/uploads\/2023\/01\/logo-fecec-header.png","width":126,"height":74,"caption":"Junts contra el c\u00e0ncer - FECEC"},"image":{"@id":"https:\/\/juntscontraelcancer.cat\/es\/#\/schema\/logo\/image\/"},"sameAs":["https:\/\/www.facebook.com\/fecec.federacio\/","https:\/\/x.com\/FececFederacio","https:\/\/www.instagram.com\/fececfederacio\/?hl=es","https:\/\/www.youtube.com\/channel\/UCgAC_6c6hmHwMQhSCQyYBdA"]},{"@type":"Person","@id":"https:\/\/juntscontraelcancer.cat\/es\/#\/schema\/person\/14c85cb9b3aeddea8f9087bea375813f","name":"Pukkas","image":{"@type":"ImageObject","inLanguage":"es","@id":"https:\/\/secure.gravatar.com\/avatar\/7433209641beafe57dbfd32b83f1c28fb7da2f23c98b47d02c7623ce350a0e9f?s=96&d=mm&r=g","url":"https:\/\/secure.gravatar.com\/avatar\/7433209641beafe57dbfd32b83f1c28fb7da2f23c98b47d02c7623ce350a0e9f?s=96&d=mm&r=g","contentUrl":"https:\/\/secure.gravatar.com\/avatar\/7433209641beafe57dbfd32b83f1c28fb7da2f23c98b47d02c7623ce350a0e9f?s=96&d=mm&r=g","caption":"Pukkas"},"sameAs":["https:\/\/juntscontraelcancer.cat"]}]}},"_links":{"self":[{"href":"https:\/\/juntscontraelcancer.cat\/es\/wp-json\/wp\/v2\/posts\/14419","targetHints":{"allow":["GET"]}}],"collection":[{"href":"https:\/\/juntscontraelcancer.cat\/es\/wp-json\/wp\/v2\/posts"}],"about":[{"href":"https:\/\/juntscontraelcancer.cat\/es\/wp-json\/wp\/v2\/types\/post"}],"author":[{"embeddable":true,"href":"https:\/\/juntscontraelcancer.cat\/es\/wp-json\/wp\/v2\/users\/1"}],"replies":[{"embeddable":true,"href":"https:\/\/juntscontraelcancer.cat\/es\/wp-json\/wp\/v2\/comments?post=14419"}],"version-history":[{"count":1,"href":"https:\/\/juntscontraelcancer.cat\/es\/wp-json\/wp\/v2\/posts\/14419\/revisions"}],"predecessor-version":[{"id":14420,"href":"https:\/\/juntscontraelcancer.cat\/es\/wp-json\/wp\/v2\/posts\/14419\/revisions\/14420"}],"wp:featuredmedia":[{"embeddable":true,"href":"https:\/\/juntscontraelcancer.cat\/es\/wp-json\/wp\/v2\/media\/9424"}],"wp:attachment":[{"href":"https:\/\/juntscontraelcancer.cat\/es\/wp-json\/wp\/v2\/media?parent=14419"}],"wp:term":[{"taxonomy":"category","embeddable":true,"href":"https:\/\/juntscontraelcancer.cat\/es\/wp-json\/wp\/v2\/categories?post=14419"},{"taxonomy":"post_tag","embeddable":true,"href":"https:\/\/juntscontraelcancer.cat\/es\/wp-json\/wp\/v2\/tags?post=14419"}],"curies":[{"name":"wp","href":"https:\/\/api.w.org\/{rel}","templated":true}]}}