{"id":14416,"date":"2018-01-22T00:00:00","date_gmt":"2018-01-21T22:00:00","guid":{"rendered":"https:\/\/junts.enproceso.es\/dia-mundial-contra-el-cancer-2018-nosotros-podemos-yo-puedo\/"},"modified":"2023-06-08T10:47:17","modified_gmt":"2023-06-08T08:47:17","slug":"dia-mundial-contra-el-cancer-2018-nosotros-podemos-yo-puedo","status":"publish","type":"post","link":"https:\/\/juntscontraelcancer.cat\/es\/dia-mundial-contra-el-cancer-2018-nosotros-podemos-yo-puedo\/","title":{"rendered":"Dia Mundial contra el c\u00e1ncer 2018: &#8216;Nosotros podemos, yo puedo&#8217;"},"content":{"rendered":"<p>Cada a\u00f1o, la FECEC apoya la Uni\u00f3n Internacional contra el C\u00e1ncer con el objetivo de concienciar e informar a la poblaci\u00f3n sobre la necesidad de prevenir las enfermedades oncol\u00f3gicas.<\/p>\n<p><img loading=\"lazy\" decoding=\"async\" class=\"size-full wp-image-32497 aligncenter\" src=\"https:\/\/juntscontraelcancer.cat\/wp-content\/uploads\/2023\/04\/1.-dia-mundial-cancer.jpg\" alt=\"1. dia mundial cancer\" width=\"457\" height=\"551\" \/><\/p>\n<p>Este a\u00f1o, el D\u00eda Mundial contra el c\u00e1ncer 2018, se celebra bajo el lema \u00abNosotros podemos, yo puedo &#8216;con la idea de poner \u00e9nfasis en la necesidad de emprender acciones y poner en marcha todo lo que ya sabemos para impulsar la lucha global contra esta enfermedad.<\/p>\n<p>El D\u00eda Mundial contra el c\u00e1ncer se celebra todos los a\u00f1os el d\u00eda 4 de febrero y une el mundo bajo un \u00fanico lema para poner de relieve la lucha conra el c\u00e1ncer.<\/p>\n<p>El objetivo de la jornada es reducir el n\u00famero de muertes evitables cada a\u00f1o. Por ello se pretende aumentar la concienciaci\u00f3n sobre el c\u00e1ncer entre la poblaci\u00f3n en general y presionar a los gobiernos para que adopten medidas contra esta enfermedad.<\/p>\n<p><strong>Cada pa\u00eds se puede focalizar en una de las recomendaciones de su inter\u00e9s:<\/strong><\/p>\n<p>Estilos de vida saludables<br \/>\ndetecci\u00f3n precoz<br \/>\nTratamiento para todos<br \/>\nCalidad de vida<br \/>\nPor otro lado, los hashtags de la campa\u00f1a del D\u00eda Mundial contra el c\u00e1ncer son # DiaMundialcontraelC\u00e0ncer y #NosaltresPodemJoPuc.<\/p>\n<p>\u00bfPor qu\u00e9 es importante el D\u00eda Mundial contra el c\u00e1ncer?<br \/>\nTal y como destaca la UICC, porque la epidemia mundial de c\u00e1ncer es de enormes dimensiones, y se prev\u00e9 que vaya en aumento. Actualmente, 8,2 millones de personas en el mundo mueren de c\u00e1ncer, cifra que incluye 4 millones de muertes prematuras (personas en edades comprendidas entre los 30 y los 69 a\u00f1os).<\/p>\n<p>Adem\u00e1s, las desigualdades entre personas de diferentes entornos van en aumento, especialmente en lo referente a la prevenci\u00f3n, el tratamiento y los cuidados paliativos.<\/p>\n<p>Es por este motivo que hay que tomar acciones urgentes para aumentar la concienciaci\u00f3n de la enfermedad. Este D\u00eda Mundial contra el C\u00e1ncer 2018 s\u00f3lo es una.<\/p>\n","protected":false},"excerpt":{"rendered":"<p>El Dia Mundial contra el c\u00e0ncer se celebra tots els anys el dia 4 de febrer i uneix el m\u00f3n sota un \u00fanic lema per tal de posar en relleu la lluita conra el c\u00e0ncer. L\u2019objectiu de la jornada \u00e9s reduir el nombre de morts evitables cada any. Per aix\u00f2 es pret\u00e9n augmentar la conscienciaci\u00f3 sobre el c\u00e0ncer entre la poblaci\u00f3 en general i pressionar els governs per tal que adoptin mesures contra aquesta malaltia.<\/p>\n","protected":false},"author":1,"featured_media":9418,"comment_status":"closed","ping_status":"open","sticky":false,"template":"","format":"standard","meta":{"_acf_changed":false,"inline_featured_image":false,"footnotes":""},"categories":[84,3,86,68],"tags":[],"class_list":["post-14416","post","type-post","status-publish","format-standard","has-post-thumbnail","hentry","category-actualidad","category-actualitat","category-destacadas","category-destaquem"],"acf":[],"yoast_head":"<!-- This site is optimized with the Yoast SEO plugin v27.3 - https:\/\/yoast.com\/product\/yoast-seo-wordpress\/ -->\n<title>Dia Mundial contra el c\u00e1ncer 2018: &#039;Nosotros podemos, yo puedo&#039; - Junts contra el c\u00e0ncer - FECEC<\/title>\n<meta name=\"robots\" content=\"index, follow, max-snippet:-1, max-image-preview:large, max-video-preview:-1\" \/>\n<link rel=\"canonical\" href=\"https:\/\/juntscontraelcancer.cat\/es\/dia-mundial-contra-el-cancer-2018-nosotros-podemos-yo-puedo\/\" \/>\n<meta property=\"og:locale\" content=\"es_ES\" \/>\n<meta property=\"og:type\" content=\"article\" \/>\n<meta property=\"og:title\" content=\"Dia Mundial contra el c\u00e1ncer 2018: &#039;Nosotros podemos, yo puedo&#039; - Junts contra el c\u00e0ncer - FECEC\" \/>\n<meta property=\"og:description\" content=\"El Dia Mundial contra el c\u00e0ncer se celebra tots els anys el dia 4 de febrer i uneix el m\u00f3n sota un \u00fanic lema per tal de posar en relleu la lluita conra el c\u00e0ncer. L\u2019objectiu de la jornada \u00e9s reduir el nombre de morts evitables cada any. Per aix\u00f2 es pret\u00e9n augmentar la conscienciaci\u00f3 sobre el c\u00e0ncer entre la poblaci\u00f3 en general i pressionar els governs per tal que adoptin mesures contra aquesta malaltia.\" \/>\n<meta property=\"og:url\" content=\"https:\/\/juntscontraelcancer.cat\/es\/dia-mundial-contra-el-cancer-2018-nosotros-podemos-yo-puedo\/\" \/>\n<meta property=\"og:site_name\" content=\"Junts contra el c\u00e0ncer - FECEC\" \/>\n<meta property=\"article:publisher\" content=\"https:\/\/www.facebook.com\/fecec.federacio\/\" \/>\n<meta property=\"article:published_time\" content=\"2018-01-21T22:00:00+00:00\" \/>\n<meta property=\"article:modified_time\" content=\"2023-06-08T08:47:17+00:00\" \/>\n<meta property=\"og:image\" content=\"https:\/\/juntscontraelcancer.cat\/wp-content\/uploads\/2023\/04\/1.-destacat-dia-mundial-cancer.jpg\" \/>\n\t<meta property=\"og:image:width\" content=\"354\" \/>\n\t<meta property=\"og:image:height\" content=\"145\" \/>\n\t<meta property=\"og:image:type\" content=\"image\/jpeg\" \/>\n<meta name=\"author\" content=\"Pukkas\" \/>\n<meta name=\"twitter:card\" content=\"summary_large_image\" \/>\n<meta name=\"twitter:creator\" content=\"@FececFederacio\" \/>\n<meta name=\"twitter:site\" content=\"@FececFederacio\" \/>\n<meta name=\"twitter:label1\" content=\"Escrito por\" \/>\n\t<meta name=\"twitter:data1\" content=\"Pukkas\" \/>\n\t<meta name=\"twitter:label2\" content=\"Tiempo de lectura\" \/>\n\t<meta name=\"twitter:data2\" content=\"2 minutos\" \/>\n<script type=\"application\/ld+json\" class=\"yoast-schema-graph\">{\"@context\":\"https:\\\/\\\/schema.org\",\"@graph\":[{\"@type\":\"Article\",\"@id\":\"https:\\\/\\\/juntscontraelcancer.cat\\\/es\\\/dia-mundial-contra-el-cancer-2018-nosotros-podemos-yo-puedo\\\/#article\",\"isPartOf\":{\"@id\":\"https:\\\/\\\/juntscontraelcancer.cat\\\/es\\\/dia-mundial-contra-el-cancer-2018-nosotros-podemos-yo-puedo\\\/\"},\"author\":{\"name\":\"Pukkas\",\"@id\":\"https:\\\/\\\/juntscontraelcancer.cat\\\/es\\\/#\\\/schema\\\/person\\\/14c85cb9b3aeddea8f9087bea375813f\"},\"headline\":\"Dia Mundial contra el c\u00e1ncer 2018: &#8216;Nosotros podemos, yo puedo&#8217;\",\"datePublished\":\"2018-01-21T22:00:00+00:00\",\"dateModified\":\"2023-06-08T08:47:17+00:00\",\"mainEntityOfPage\":{\"@id\":\"https:\\\/\\\/juntscontraelcancer.cat\\\/es\\\/dia-mundial-contra-el-cancer-2018-nosotros-podemos-yo-puedo\\\/\"},\"wordCount\":346,\"publisher\":{\"@id\":\"https:\\\/\\\/juntscontraelcancer.cat\\\/es\\\/#organization\"},\"image\":{\"@id\":\"https:\\\/\\\/juntscontraelcancer.cat\\\/es\\\/dia-mundial-contra-el-cancer-2018-nosotros-podemos-yo-puedo\\\/#primaryimage\"},\"thumbnailUrl\":\"https:\\\/\\\/juntscontraelcancer.cat\\\/wp-content\\\/uploads\\\/2023\\\/04\\\/1.-destacat-dia-mundial-cancer.jpg\",\"articleSection\":[\"Actualidad\",\"Actualitat\",\"Destacadas\",\"Destacats\"],\"inLanguage\":\"es\"},{\"@type\":\"WebPage\",\"@id\":\"https:\\\/\\\/juntscontraelcancer.cat\\\/es\\\/dia-mundial-contra-el-cancer-2018-nosotros-podemos-yo-puedo\\\/\",\"url\":\"https:\\\/\\\/juntscontraelcancer.cat\\\/es\\\/dia-mundial-contra-el-cancer-2018-nosotros-podemos-yo-puedo\\\/\",\"name\":\"Dia Mundial contra el c\u00e1ncer 2018: 'Nosotros podemos, yo puedo' - Junts contra el c\u00e0ncer - FECEC\",\"isPartOf\":{\"@id\":\"https:\\\/\\\/juntscontraelcancer.cat\\\/es\\\/#website\"},\"primaryImageOfPage\":{\"@id\":\"https:\\\/\\\/juntscontraelcancer.cat\\\/es\\\/dia-mundial-contra-el-cancer-2018-nosotros-podemos-yo-puedo\\\/#primaryimage\"},\"image\":{\"@id\":\"https:\\\/\\\/juntscontraelcancer.cat\\\/es\\\/dia-mundial-contra-el-cancer-2018-nosotros-podemos-yo-puedo\\\/#primaryimage\"},\"thumbnailUrl\":\"https:\\\/\\\/juntscontraelcancer.cat\\\/wp-content\\\/uploads\\\/2023\\\/04\\\/1.-destacat-dia-mundial-cancer.jpg\",\"datePublished\":\"2018-01-21T22:00:00+00:00\",\"dateModified\":\"2023-06-08T08:47:17+00:00\",\"breadcrumb\":{\"@id\":\"https:\\\/\\\/juntscontraelcancer.cat\\\/es\\\/dia-mundial-contra-el-cancer-2018-nosotros-podemos-yo-puedo\\\/#breadcrumb\"},\"inLanguage\":\"es\",\"potentialAction\":[{\"@type\":\"ReadAction\",\"target\":[\"https:\\\/\\\/juntscontraelcancer.cat\\\/es\\\/dia-mundial-contra-el-cancer-2018-nosotros-podemos-yo-puedo\\\/\"]}]},{\"@type\":\"ImageObject\",\"inLanguage\":\"es\",\"@id\":\"https:\\\/\\\/juntscontraelcancer.cat\\\/es\\\/dia-mundial-contra-el-cancer-2018-nosotros-podemos-yo-puedo\\\/#primaryimage\",\"url\":\"https:\\\/\\\/juntscontraelcancer.cat\\\/wp-content\\\/uploads\\\/2023\\\/04\\\/1.-destacat-dia-mundial-cancer.jpg\",\"contentUrl\":\"https:\\\/\\\/juntscontraelcancer.cat\\\/wp-content\\\/uploads\\\/2023\\\/04\\\/1.-destacat-dia-mundial-cancer.jpg\",\"width\":354,\"height\":145},{\"@type\":\"BreadcrumbList\",\"@id\":\"https:\\\/\\\/juntscontraelcancer.cat\\\/es\\\/dia-mundial-contra-el-cancer-2018-nosotros-podemos-yo-puedo\\\/#breadcrumb\",\"itemListElement\":[{\"@type\":\"ListItem\",\"position\":1,\"name\":\"Inicio\",\"item\":\"https:\\\/\\\/juntscontraelcancer.cat\\\/es\\\/\"},{\"@type\":\"ListItem\",\"position\":2,\"name\":\"Dia Mundial contra el c\u00e1ncer 2018: &#8216;Nosotros podemos, yo puedo&#8217;\"}]},{\"@type\":\"WebSite\",\"@id\":\"https:\\\/\\\/juntscontraelcancer.cat\\\/es\\\/#website\",\"url\":\"https:\\\/\\\/juntscontraelcancer.cat\\\/es\\\/\",\"name\":\"Junts contra el c\u00e0ncer - FECEC\",\"description\":\"\",\"publisher\":{\"@id\":\"https:\\\/\\\/juntscontraelcancer.cat\\\/es\\\/#organization\"},\"potentialAction\":[{\"@type\":\"SearchAction\",\"target\":{\"@type\":\"EntryPoint\",\"urlTemplate\":\"https:\\\/\\\/juntscontraelcancer.cat\\\/es\\\/?s={search_term_string}\"},\"query-input\":{\"@type\":\"PropertyValueSpecification\",\"valueRequired\":true,\"valueName\":\"search_term_string\"}}],\"inLanguage\":\"es\"},{\"@type\":\"Organization\",\"@id\":\"https:\\\/\\\/juntscontraelcancer.cat\\\/es\\\/#organization\",\"name\":\"Junts contra el c\u00e0ncer - FECEC\",\"url\":\"https:\\\/\\\/juntscontraelcancer.cat\\\/es\\\/\",\"logo\":{\"@type\":\"ImageObject\",\"inLanguage\":\"es\",\"@id\":\"https:\\\/\\\/juntscontraelcancer.cat\\\/es\\\/#\\\/schema\\\/logo\\\/image\\\/\",\"url\":\"https:\\\/\\\/juntscontraelcancer.cat\\\/wp-content\\\/uploads\\\/2023\\\/01\\\/logo-fecec-header.png\",\"contentUrl\":\"https:\\\/\\\/juntscontraelcancer.cat\\\/wp-content\\\/uploads\\\/2023\\\/01\\\/logo-fecec-header.png\",\"width\":126,\"height\":74,\"caption\":\"Junts contra el c\u00e0ncer - FECEC\"},\"image\":{\"@id\":\"https:\\\/\\\/juntscontraelcancer.cat\\\/es\\\/#\\\/schema\\\/logo\\\/image\\\/\"},\"sameAs\":[\"https:\\\/\\\/www.facebook.com\\\/fecec.federacio\\\/\",\"https:\\\/\\\/x.com\\\/FececFederacio\",\"https:\\\/\\\/www.instagram.com\\\/fececfederacio\\\/?hl=es\",\"https:\\\/\\\/www.youtube.com\\\/channel\\\/UCgAC_6c6hmHwMQhSCQyYBdA\"]},{\"@type\":\"Person\",\"@id\":\"https:\\\/\\\/juntscontraelcancer.cat\\\/es\\\/#\\\/schema\\\/person\\\/14c85cb9b3aeddea8f9087bea375813f\",\"name\":\"Pukkas\",\"image\":{\"@type\":\"ImageObject\",\"inLanguage\":\"es\",\"@id\":\"https:\\\/\\\/secure.gravatar.com\\\/avatar\\\/7433209641beafe57dbfd32b83f1c28fb7da2f23c98b47d02c7623ce350a0e9f?s=96&d=mm&r=g\",\"url\":\"https:\\\/\\\/secure.gravatar.com\\\/avatar\\\/7433209641beafe57dbfd32b83f1c28fb7da2f23c98b47d02c7623ce350a0e9f?s=96&d=mm&r=g\",\"contentUrl\":\"https:\\\/\\\/secure.gravatar.com\\\/avatar\\\/7433209641beafe57dbfd32b83f1c28fb7da2f23c98b47d02c7623ce350a0e9f?s=96&d=mm&r=g\",\"caption\":\"Pukkas\"},\"sameAs\":[\"https:\\\/\\\/juntscontraelcancer.cat\"]}]}<\/script>\n<!-- \/ Yoast SEO plugin. -->","yoast_head_json":{"title":"Dia Mundial contra el c\u00e1ncer 2018: 'Nosotros podemos, yo puedo' - Junts contra el c\u00e0ncer - FECEC","robots":{"index":"index","follow":"follow","max-snippet":"max-snippet:-1","max-image-preview":"max-image-preview:large","max-video-preview":"max-video-preview:-1"},"canonical":"https:\/\/juntscontraelcancer.cat\/es\/dia-mundial-contra-el-cancer-2018-nosotros-podemos-yo-puedo\/","og_locale":"es_ES","og_type":"article","og_title":"Dia Mundial contra el c\u00e1ncer 2018: 'Nosotros podemos, yo puedo' - Junts contra el c\u00e0ncer - FECEC","og_description":"El Dia Mundial contra el c\u00e0ncer se celebra tots els anys el dia 4 de febrer i uneix el m\u00f3n sota un \u00fanic lema per tal de posar en relleu la lluita conra el c\u00e0ncer. L\u2019objectiu de la jornada \u00e9s reduir el nombre de morts evitables cada any. Per aix\u00f2 es pret\u00e9n augmentar la conscienciaci\u00f3 sobre el c\u00e0ncer entre la poblaci\u00f3 en general i pressionar els governs per tal que adoptin mesures contra aquesta malaltia.","og_url":"https:\/\/juntscontraelcancer.cat\/es\/dia-mundial-contra-el-cancer-2018-nosotros-podemos-yo-puedo\/","og_site_name":"Junts contra el c\u00e0ncer - FECEC","article_publisher":"https:\/\/www.facebook.com\/fecec.federacio\/","article_published_time":"2018-01-21T22:00:00+00:00","article_modified_time":"2023-06-08T08:47:17+00:00","og_image":[{"width":354,"height":145,"url":"https:\/\/juntscontraelcancer.cat\/wp-content\/uploads\/2023\/04\/1.-destacat-dia-mundial-cancer.jpg","type":"image\/jpeg"}],"author":"Pukkas","twitter_card":"summary_large_image","twitter_creator":"@FececFederacio","twitter_site":"@FececFederacio","twitter_misc":{"Escrito por":"Pukkas","Tiempo de lectura":"2 minutos"},"schema":{"@context":"https:\/\/schema.org","@graph":[{"@type":"Article","@id":"https:\/\/juntscontraelcancer.cat\/es\/dia-mundial-contra-el-cancer-2018-nosotros-podemos-yo-puedo\/#article","isPartOf":{"@id":"https:\/\/juntscontraelcancer.cat\/es\/dia-mundial-contra-el-cancer-2018-nosotros-podemos-yo-puedo\/"},"author":{"name":"Pukkas","@id":"https:\/\/juntscontraelcancer.cat\/es\/#\/schema\/person\/14c85cb9b3aeddea8f9087bea375813f"},"headline":"Dia Mundial contra el c\u00e1ncer 2018: &#8216;Nosotros podemos, yo puedo&#8217;","datePublished":"2018-01-21T22:00:00+00:00","dateModified":"2023-06-08T08:47:17+00:00","mainEntityOfPage":{"@id":"https:\/\/juntscontraelcancer.cat\/es\/dia-mundial-contra-el-cancer-2018-nosotros-podemos-yo-puedo\/"},"wordCount":346,"publisher":{"@id":"https:\/\/juntscontraelcancer.cat\/es\/#organization"},"image":{"@id":"https:\/\/juntscontraelcancer.cat\/es\/dia-mundial-contra-el-cancer-2018-nosotros-podemos-yo-puedo\/#primaryimage"},"thumbnailUrl":"https:\/\/juntscontraelcancer.cat\/wp-content\/uploads\/2023\/04\/1.-destacat-dia-mundial-cancer.jpg","articleSection":["Actualidad","Actualitat","Destacadas","Destacats"],"inLanguage":"es"},{"@type":"WebPage","@id":"https:\/\/juntscontraelcancer.cat\/es\/dia-mundial-contra-el-cancer-2018-nosotros-podemos-yo-puedo\/","url":"https:\/\/juntscontraelcancer.cat\/es\/dia-mundial-contra-el-cancer-2018-nosotros-podemos-yo-puedo\/","name":"Dia Mundial contra el c\u00e1ncer 2018: 'Nosotros podemos, yo puedo' - Junts contra el c\u00e0ncer - FECEC","isPartOf":{"@id":"https:\/\/juntscontraelcancer.cat\/es\/#website"},"primaryImageOfPage":{"@id":"https:\/\/juntscontraelcancer.cat\/es\/dia-mundial-contra-el-cancer-2018-nosotros-podemos-yo-puedo\/#primaryimage"},"image":{"@id":"https:\/\/juntscontraelcancer.cat\/es\/dia-mundial-contra-el-cancer-2018-nosotros-podemos-yo-puedo\/#primaryimage"},"thumbnailUrl":"https:\/\/juntscontraelcancer.cat\/wp-content\/uploads\/2023\/04\/1.-destacat-dia-mundial-cancer.jpg","datePublished":"2018-01-21T22:00:00+00:00","dateModified":"2023-06-08T08:47:17+00:00","breadcrumb":{"@id":"https:\/\/juntscontraelcancer.cat\/es\/dia-mundial-contra-el-cancer-2018-nosotros-podemos-yo-puedo\/#breadcrumb"},"inLanguage":"es","potentialAction":[{"@type":"ReadAction","target":["https:\/\/juntscontraelcancer.cat\/es\/dia-mundial-contra-el-cancer-2018-nosotros-podemos-yo-puedo\/"]}]},{"@type":"ImageObject","inLanguage":"es","@id":"https:\/\/juntscontraelcancer.cat\/es\/dia-mundial-contra-el-cancer-2018-nosotros-podemos-yo-puedo\/#primaryimage","url":"https:\/\/juntscontraelcancer.cat\/wp-content\/uploads\/2023\/04\/1.-destacat-dia-mundial-cancer.jpg","contentUrl":"https:\/\/juntscontraelcancer.cat\/wp-content\/uploads\/2023\/04\/1.-destacat-dia-mundial-cancer.jpg","width":354,"height":145},{"@type":"BreadcrumbList","@id":"https:\/\/juntscontraelcancer.cat\/es\/dia-mundial-contra-el-cancer-2018-nosotros-podemos-yo-puedo\/#breadcrumb","itemListElement":[{"@type":"ListItem","position":1,"name":"Inicio","item":"https:\/\/juntscontraelcancer.cat\/es\/"},{"@type":"ListItem","position":2,"name":"Dia Mundial contra el c\u00e1ncer 2018: &#8216;Nosotros podemos, yo puedo&#8217;"}]},{"@type":"WebSite","@id":"https:\/\/juntscontraelcancer.cat\/es\/#website","url":"https:\/\/juntscontraelcancer.cat\/es\/","name":"Junts contra el c\u00e0ncer - FECEC","description":"","publisher":{"@id":"https:\/\/juntscontraelcancer.cat\/es\/#organization"},"potentialAction":[{"@type":"SearchAction","target":{"@type":"EntryPoint","urlTemplate":"https:\/\/juntscontraelcancer.cat\/es\/?s={search_term_string}"},"query-input":{"@type":"PropertyValueSpecification","valueRequired":true,"valueName":"search_term_string"}}],"inLanguage":"es"},{"@type":"Organization","@id":"https:\/\/juntscontraelcancer.cat\/es\/#organization","name":"Junts contra el c\u00e0ncer - FECEC","url":"https:\/\/juntscontraelcancer.cat\/es\/","logo":{"@type":"ImageObject","inLanguage":"es","@id":"https:\/\/juntscontraelcancer.cat\/es\/#\/schema\/logo\/image\/","url":"https:\/\/juntscontraelcancer.cat\/wp-content\/uploads\/2023\/01\/logo-fecec-header.png","contentUrl":"https:\/\/juntscontraelcancer.cat\/wp-content\/uploads\/2023\/01\/logo-fecec-header.png","width":126,"height":74,"caption":"Junts contra el c\u00e0ncer - FECEC"},"image":{"@id":"https:\/\/juntscontraelcancer.cat\/es\/#\/schema\/logo\/image\/"},"sameAs":["https:\/\/www.facebook.com\/fecec.federacio\/","https:\/\/x.com\/FececFederacio","https:\/\/www.instagram.com\/fececfederacio\/?hl=es","https:\/\/www.youtube.com\/channel\/UCgAC_6c6hmHwMQhSCQyYBdA"]},{"@type":"Person","@id":"https:\/\/juntscontraelcancer.cat\/es\/#\/schema\/person\/14c85cb9b3aeddea8f9087bea375813f","name":"Pukkas","image":{"@type":"ImageObject","inLanguage":"es","@id":"https:\/\/secure.gravatar.com\/avatar\/7433209641beafe57dbfd32b83f1c28fb7da2f23c98b47d02c7623ce350a0e9f?s=96&d=mm&r=g","url":"https:\/\/secure.gravatar.com\/avatar\/7433209641beafe57dbfd32b83f1c28fb7da2f23c98b47d02c7623ce350a0e9f?s=96&d=mm&r=g","contentUrl":"https:\/\/secure.gravatar.com\/avatar\/7433209641beafe57dbfd32b83f1c28fb7da2f23c98b47d02c7623ce350a0e9f?s=96&d=mm&r=g","caption":"Pukkas"},"sameAs":["https:\/\/juntscontraelcancer.cat"]}]}},"_links":{"self":[{"href":"https:\/\/juntscontraelcancer.cat\/es\/wp-json\/wp\/v2\/posts\/14416","targetHints":{"allow":["GET"]}}],"collection":[{"href":"https:\/\/juntscontraelcancer.cat\/es\/wp-json\/wp\/v2\/posts"}],"about":[{"href":"https:\/\/juntscontraelcancer.cat\/es\/wp-json\/wp\/v2\/types\/post"}],"author":[{"embeddable":true,"href":"https:\/\/juntscontraelcancer.cat\/es\/wp-json\/wp\/v2\/users\/1"}],"replies":[{"embeddable":true,"href":"https:\/\/juntscontraelcancer.cat\/es\/wp-json\/wp\/v2\/comments?post=14416"}],"version-history":[{"count":1,"href":"https:\/\/juntscontraelcancer.cat\/es\/wp-json\/wp\/v2\/posts\/14416\/revisions"}],"predecessor-version":[{"id":14417,"href":"https:\/\/juntscontraelcancer.cat\/es\/wp-json\/wp\/v2\/posts\/14416\/revisions\/14417"}],"wp:featuredmedia":[{"embeddable":true,"href":"https:\/\/juntscontraelcancer.cat\/es\/wp-json\/wp\/v2\/media\/9418"}],"wp:attachment":[{"href":"https:\/\/juntscontraelcancer.cat\/es\/wp-json\/wp\/v2\/media?parent=14416"}],"wp:term":[{"taxonomy":"category","embeddable":true,"href":"https:\/\/juntscontraelcancer.cat\/es\/wp-json\/wp\/v2\/categories?post=14416"},{"taxonomy":"post_tag","embeddable":true,"href":"https:\/\/juntscontraelcancer.cat\/es\/wp-json\/wp\/v2\/tags?post=14416"}],"curies":[{"name":"wp","href":"https:\/\/api.w.org\/{rel}","templated":true}]}}