{"id":14362,"date":"2017-05-30T00:00:00","date_gmt":"2017-05-29T22:00:00","guid":{"rendered":"https:\/\/junts.enproceso.es\/4-200-alumnes-deso-han-participat-aquest-curs-en-el-programa-no-et-fumis-la-salut-doncolliga-girona\/"},"modified":"2023-06-06T22:57:39","modified_gmt":"2023-06-06T20:57:39","slug":"4-200-alumnes-deso-han-participat-aquest-curs-en-el-programa-no-et-fumis-la-salut-doncolliga-girona","status":"publish","type":"post","link":"https:\/\/juntscontraelcancer.cat\/es\/4-200-alumnes-deso-han-participat-aquest-curs-en-el-programa-no-et-fumis-la-salut-doncolliga-girona\/","title":{"rendered":"4.200 alumnes d&#8217;ESO han participat aquest curs en el programa &#8216;No et fumis la Salut&#8217; d&#8217;Oncolliga Girona"},"content":{"rendered":"<p style=\"text-align: justify;\">La Fundaci\u00f3 Oncolliga Girona va reunit ahir 430 d&#8217;alumnes de Ir d&#8217;ESO a la Sala Simf\u00f2nica de l&#8217;Auditori de Girona per celebrar la cloenda del programa educatiu No et fumis la salut, que pret\u00e9n alertar els joves sobre els riscos que el consum de tabac comporta per a la salut i que aquest curs ha arribat a 4.200 estudiants.<\/p>\n<p style=\"text-align: justify;\"><img loading=\"lazy\" decoding=\"async\" class=\"size-full wp-image-31689 aligncenter\" src=\"https:\/\/juntscontraelcancer.cat\/wp-content\/uploads\/2023\/04\/image003-5.jpg\" alt=\"image003\" width=\"529\" height=\"397\" \/><\/p>\n<p style=\"text-align: justify;\">L&#8217;acte de cloenda se celebra cada any en dates pr\u00f2ximes a la commemoraci\u00f3 del Dia Mundial Sense Tabac (31 de maig) i es converteix en una festa en la qual es posen en com\u00fa les campanyes antitabac dissenyades pels propis alumnes i es fa el lliurement de certificats als guanyadors.<\/p>\n<p style=\"text-align: justify;\">Aquest any han assistit a l&#8217;acte alumnes provinents dels INS Maristes, Bell\u2022lloc i Vedruna de Girona; Salvador Espriu, Vilagran i Pompeu Fabra de Salt. Durant l&#8217;acte, condu\u00eft per Mart\u00ed Peraferrer, s&#8217;han pogut veure els espectacles de dansa preparats per alumnes del Bell\u2022lloc i Maristes de Girona i el grup Fama Girona, integrat per alumnes de diversos centres p\u00fablics.<\/p>\n<p style=\"text-align: justify;\">L&#8217;acte ha comptat tamb\u00e9 amb les intervencions del director dels Serveis Territorials d&#8217;Ensenyament, Josep Polanco; la coordinador territorial de Joventuta Girona, Agn\u00e0s F\u00e0bregas, i la regidora de Salut de l&#8217;Ajuntament de Girona, Eva Palau.<\/p>\n<p style=\"text-align: justify;\">El tabac \u00e9s, juntament amb l&#8217;alcohol, la droga m\u00e9s consumida pels joves del nostre pa\u00eds. Una dada alarmant \u00e9s que l&#8217;edat d&#8217;inici al consum de tabac cada cop \u00e9s m\u00e9s pri-merenca. Alguns estudis assenyalen l&#8217;entrada als instituts, com un dels factors de risc per iniciar el contacte amb drogues. \u00c9s per aquesta ra\u00f3 que el programa de prevenci\u00f3 de 1&#8217;0ncolliga es dirigeix als nois i noies de 1 r d&#8217;ESO.<\/p>\n<p style=\"text-align: justify;\">FUNDACI\u00d3 ONCOLLIGA GIRONA<\/p>\n<p style=\"text-align: justify;\">Lliga catalana d&#8217;ajuda al malalt de c\u00e0ncer<\/p>\n<p style=\"text-align: justify;\">El programa No et fumis Ia salut es va posar en marxa l&#8217;any 1999 i des d&#8217;aleshores s&#8217;ha anat introduint en bona part dels centres d&#8217;educaci\u00f3 secund\u00e0ria de Ia demarcaci\u00f3 de Girona. La directora del programa, Eul\u00e0lia Romera, valora molt positivament Ia implantaci\u00f3 d&#8217;aquesta proposta educativa, que en aquest curs 2016-2017 ha estat seguida per un total de 4.200 alumnes de 51 centres gironins.<\/p>\n<p style=\"text-align: justify;\">El programa inclou sessions informatives a l&#8217;aula sobre els riscos del tabac. \u00abEls adolescents se senten fortament motivats a experimentar alguns h\u00e0bits reservats als adults, i \u00e9s una etapa en Ia qual el grup d&#8217;amistats influeix molt en els patrons de conducta\u00bb, explica Romera, que afegeix que amb el programa No et fumis Ia salut el que \u00e9s pret\u00e9n \u00e9s precisament \u00abdonar-los eines perqu\u00ea se sentin capa\u00e7os de rebutjar el tabac, i aix\u00ed descobrir Ia seva autonomia i autoestima, que siguin conscients de Ia seva respon-sabilitat en Ia presa de decisions i que s\u00e0piguen relacionar-se amb els altres sense deixar-se influir per Ia pressi\u00f3 del grup o Ia publicitat\u00bb.<\/p>\n<p style=\"text-align: justify;\">Sota el lema \u00abFem Ia nostra campanya\u00bb es convida tamb\u00e9 als joves que han assistit a les xerrades a que elaborin una campanya contra el consum de tabac. Aquesta activitat consisteix en Ia creaci\u00f3 de cartells, postals comercials, vinyetes c\u00e0miques, auques, etc, aix\u00ed com en Ia redacci\u00f3 de cartes, SMS, poemes, contes i Iletres de can\u00e7\u00f3, dirigides a persones fumadores suggerint-los que abandonin l&#8217;h\u00e0bit de fumar.<\/p>\n<p style=\"text-align: justify;\">La finalitat de Ia campanya \u00e9s proporcionar un moment m\u00e9s de reflexi\u00f3. Els joves tenen l&#8217;oportunitat de transmetre Ia seva opini\u00f3 sobre l&#8217;h\u00e0bit de fumar, incidint directament en el centre docent, en Ia fam\u00edlia i en Ia poblaci\u00f3 en general.<\/p>\n","protected":false},"excerpt":{"rendered":"<p>La Fundaci\u00f3 Oncolliga Girona va reunit ahir 430 d&#8217;alumnes de Ir d&#8217;ESO a la Sala Simf\u00f2nica de l&#8217;Auditori de Girona per celebrar la cloenda del programa educatiu No et fumis la salut, que pret\u00e9n alertar els joves sobre els riscos que el consum de tabac comporta per a la salut i que aquest curs ha [&#8230;]\n","protected":false},"author":1,"featured_media":14365,"comment_status":"closed","ping_status":"open","sticky":false,"template":"","format":"standard","meta":{"_acf_changed":false,"inline_featured_image":false,"footnotes":""},"categories":[3],"tags":[],"class_list":["post-14362","post","type-post","status-publish","format-standard","has-post-thumbnail","hentry","category-actualitat"],"acf":[],"yoast_head":"<!-- This site is optimized with the Yoast SEO plugin v27.3 - https:\/\/yoast.com\/product\/yoast-seo-wordpress\/ -->\n<title>4.200 alumnes d&#039;ESO han participat aquest curs en el programa &#039;No et fumis la Salut&#039; d&#039;Oncolliga Girona - Junts contra el c\u00e0ncer - FECEC<\/title>\n<meta name=\"robots\" content=\"index, follow, max-snippet:-1, max-image-preview:large, max-video-preview:-1\" \/>\n<link rel=\"canonical\" href=\"https:\/\/juntscontraelcancer.cat\/es\/4-200-alumnes-deso-han-participat-aquest-curs-en-el-programa-no-et-fumis-la-salut-doncolliga-girona\/\" \/>\n<meta property=\"og:locale\" content=\"es_ES\" \/>\n<meta property=\"og:type\" content=\"article\" \/>\n<meta property=\"og:title\" content=\"4.200 alumnes d&#039;ESO han participat aquest curs en el programa &#039;No et fumis la Salut&#039; d&#039;Oncolliga Girona - Junts contra el c\u00e0ncer - FECEC\" \/>\n<meta property=\"og:description\" content=\"La Fundaci\u00f3 Oncolliga Girona va reunit ahir 430 d&#8217;alumnes de Ir d&#8217;ESO a la Sala Simf\u00f2nica de l&#8217;Auditori de Girona per celebrar la cloenda del programa educatiu No et fumis la salut, que pret\u00e9n alertar els joves sobre els riscos que el consum de tabac comporta per a la salut i que aquest curs ha [...]\" \/>\n<meta property=\"og:url\" content=\"https:\/\/juntscontraelcancer.cat\/es\/4-200-alumnes-deso-han-participat-aquest-curs-en-el-programa-no-et-fumis-la-salut-doncolliga-girona\/\" \/>\n<meta property=\"og:site_name\" content=\"Junts contra el c\u00e0ncer - FECEC\" \/>\n<meta property=\"article:publisher\" content=\"https:\/\/www.facebook.com\/fecec.federacio\/\" \/>\n<meta property=\"article:published_time\" content=\"2017-05-29T22:00:00+00:00\" \/>\n<meta property=\"article:modified_time\" content=\"2023-06-06T20:57:39+00:00\" \/>\n<meta property=\"og:image\" content=\"https:\/\/juntscontraelcancer.cat\/wp-content\/uploads\/2023\/04\/image003-6.jpg\" \/>\n\t<meta property=\"og:image:width\" content=\"529\" \/>\n\t<meta property=\"og:image:height\" content=\"397\" \/>\n\t<meta property=\"og:image:type\" content=\"image\/jpeg\" \/>\n<meta name=\"author\" content=\"Pukkas\" \/>\n<meta name=\"twitter:card\" content=\"summary_large_image\" \/>\n<meta name=\"twitter:creator\" content=\"@FececFederacio\" \/>\n<meta name=\"twitter:site\" content=\"@FececFederacio\" \/>\n<meta name=\"twitter:label1\" content=\"Escrito por\" \/>\n\t<meta name=\"twitter:data1\" content=\"Pukkas\" \/>\n\t<meta name=\"twitter:label2\" content=\"Tiempo de lectura\" \/>\n\t<meta name=\"twitter:data2\" content=\"3 minutos\" \/>\n<script type=\"application\/ld+json\" class=\"yoast-schema-graph\">{\"@context\":\"https:\\\/\\\/schema.org\",\"@graph\":[{\"@type\":\"Article\",\"@id\":\"https:\\\/\\\/juntscontraelcancer.cat\\\/es\\\/4-200-alumnes-deso-han-participat-aquest-curs-en-el-programa-no-et-fumis-la-salut-doncolliga-girona\\\/#article\",\"isPartOf\":{\"@id\":\"https:\\\/\\\/juntscontraelcancer.cat\\\/es\\\/4-200-alumnes-deso-han-participat-aquest-curs-en-el-programa-no-et-fumis-la-salut-doncolliga-girona\\\/\"},\"author\":{\"name\":\"Pukkas\",\"@id\":\"https:\\\/\\\/juntscontraelcancer.cat\\\/es\\\/#\\\/schema\\\/person\\\/14c85cb9b3aeddea8f9087bea375813f\"},\"headline\":\"4.200 alumnes d&#8217;ESO han participat aquest curs en el programa &#8216;No et fumis la Salut&#8217; d&#8217;Oncolliga Girona\",\"datePublished\":\"2017-05-29T22:00:00+00:00\",\"dateModified\":\"2023-06-06T20:57:39+00:00\",\"mainEntityOfPage\":{\"@id\":\"https:\\\/\\\/juntscontraelcancer.cat\\\/es\\\/4-200-alumnes-deso-han-participat-aquest-curs-en-el-programa-no-et-fumis-la-salut-doncolliga-girona\\\/\"},\"wordCount\":621,\"publisher\":{\"@id\":\"https:\\\/\\\/juntscontraelcancer.cat\\\/es\\\/#organization\"},\"image\":{\"@id\":\"https:\\\/\\\/juntscontraelcancer.cat\\\/es\\\/4-200-alumnes-deso-han-participat-aquest-curs-en-el-programa-no-et-fumis-la-salut-doncolliga-girona\\\/#primaryimage\"},\"thumbnailUrl\":\"https:\\\/\\\/juntscontraelcancer.cat\\\/wp-content\\\/uploads\\\/2023\\\/04\\\/image003-6.jpg\",\"articleSection\":[\"Actualitat\"],\"inLanguage\":\"es\"},{\"@type\":\"WebPage\",\"@id\":\"https:\\\/\\\/juntscontraelcancer.cat\\\/es\\\/4-200-alumnes-deso-han-participat-aquest-curs-en-el-programa-no-et-fumis-la-salut-doncolliga-girona\\\/\",\"url\":\"https:\\\/\\\/juntscontraelcancer.cat\\\/es\\\/4-200-alumnes-deso-han-participat-aquest-curs-en-el-programa-no-et-fumis-la-salut-doncolliga-girona\\\/\",\"name\":\"4.200 alumnes d'ESO han participat aquest curs en el programa 'No et fumis la Salut' d'Oncolliga Girona - Junts contra el c\u00e0ncer - FECEC\",\"isPartOf\":{\"@id\":\"https:\\\/\\\/juntscontraelcancer.cat\\\/es\\\/#website\"},\"primaryImageOfPage\":{\"@id\":\"https:\\\/\\\/juntscontraelcancer.cat\\\/es\\\/4-200-alumnes-deso-han-participat-aquest-curs-en-el-programa-no-et-fumis-la-salut-doncolliga-girona\\\/#primaryimage\"},\"image\":{\"@id\":\"https:\\\/\\\/juntscontraelcancer.cat\\\/es\\\/4-200-alumnes-deso-han-participat-aquest-curs-en-el-programa-no-et-fumis-la-salut-doncolliga-girona\\\/#primaryimage\"},\"thumbnailUrl\":\"https:\\\/\\\/juntscontraelcancer.cat\\\/wp-content\\\/uploads\\\/2023\\\/04\\\/image003-6.jpg\",\"datePublished\":\"2017-05-29T22:00:00+00:00\",\"dateModified\":\"2023-06-06T20:57:39+00:00\",\"breadcrumb\":{\"@id\":\"https:\\\/\\\/juntscontraelcancer.cat\\\/es\\\/4-200-alumnes-deso-han-participat-aquest-curs-en-el-programa-no-et-fumis-la-salut-doncolliga-girona\\\/#breadcrumb\"},\"inLanguage\":\"es\",\"potentialAction\":[{\"@type\":\"ReadAction\",\"target\":[\"https:\\\/\\\/juntscontraelcancer.cat\\\/es\\\/4-200-alumnes-deso-han-participat-aquest-curs-en-el-programa-no-et-fumis-la-salut-doncolliga-girona\\\/\"]}]},{\"@type\":\"ImageObject\",\"inLanguage\":\"es\",\"@id\":\"https:\\\/\\\/juntscontraelcancer.cat\\\/es\\\/4-200-alumnes-deso-han-participat-aquest-curs-en-el-programa-no-et-fumis-la-salut-doncolliga-girona\\\/#primaryimage\",\"url\":\"https:\\\/\\\/juntscontraelcancer.cat\\\/wp-content\\\/uploads\\\/2023\\\/04\\\/image003-6.jpg\",\"contentUrl\":\"https:\\\/\\\/juntscontraelcancer.cat\\\/wp-content\\\/uploads\\\/2023\\\/04\\\/image003-6.jpg\",\"width\":529,\"height\":397},{\"@type\":\"BreadcrumbList\",\"@id\":\"https:\\\/\\\/juntscontraelcancer.cat\\\/es\\\/4-200-alumnes-deso-han-participat-aquest-curs-en-el-programa-no-et-fumis-la-salut-doncolliga-girona\\\/#breadcrumb\",\"itemListElement\":[{\"@type\":\"ListItem\",\"position\":1,\"name\":\"Inicio\",\"item\":\"https:\\\/\\\/juntscontraelcancer.cat\\\/es\\\/\"},{\"@type\":\"ListItem\",\"position\":2,\"name\":\"4.200 alumnes d&#8217;ESO han participat aquest curs en el programa &#8216;No et fumis la Salut&#8217; d&#8217;Oncolliga Girona\"}]},{\"@type\":\"WebSite\",\"@id\":\"https:\\\/\\\/juntscontraelcancer.cat\\\/es\\\/#website\",\"url\":\"https:\\\/\\\/juntscontraelcancer.cat\\\/es\\\/\",\"name\":\"Junts contra el c\u00e0ncer - FECEC\",\"description\":\"\",\"publisher\":{\"@id\":\"https:\\\/\\\/juntscontraelcancer.cat\\\/es\\\/#organization\"},\"potentialAction\":[{\"@type\":\"SearchAction\",\"target\":{\"@type\":\"EntryPoint\",\"urlTemplate\":\"https:\\\/\\\/juntscontraelcancer.cat\\\/es\\\/?s={search_term_string}\"},\"query-input\":{\"@type\":\"PropertyValueSpecification\",\"valueRequired\":true,\"valueName\":\"search_term_string\"}}],\"inLanguage\":\"es\"},{\"@type\":\"Organization\",\"@id\":\"https:\\\/\\\/juntscontraelcancer.cat\\\/es\\\/#organization\",\"name\":\"Junts contra el c\u00e0ncer - FECEC\",\"url\":\"https:\\\/\\\/juntscontraelcancer.cat\\\/es\\\/\",\"logo\":{\"@type\":\"ImageObject\",\"inLanguage\":\"es\",\"@id\":\"https:\\\/\\\/juntscontraelcancer.cat\\\/es\\\/#\\\/schema\\\/logo\\\/image\\\/\",\"url\":\"https:\\\/\\\/juntscontraelcancer.cat\\\/wp-content\\\/uploads\\\/2023\\\/01\\\/logo-fecec-header.png\",\"contentUrl\":\"https:\\\/\\\/juntscontraelcancer.cat\\\/wp-content\\\/uploads\\\/2023\\\/01\\\/logo-fecec-header.png\",\"width\":126,\"height\":74,\"caption\":\"Junts contra el c\u00e0ncer - FECEC\"},\"image\":{\"@id\":\"https:\\\/\\\/juntscontraelcancer.cat\\\/es\\\/#\\\/schema\\\/logo\\\/image\\\/\"},\"sameAs\":[\"https:\\\/\\\/www.facebook.com\\\/fecec.federacio\\\/\",\"https:\\\/\\\/x.com\\\/FececFederacio\",\"https:\\\/\\\/www.instagram.com\\\/fececfederacio\\\/?hl=es\",\"https:\\\/\\\/www.youtube.com\\\/channel\\\/UCgAC_6c6hmHwMQhSCQyYBdA\"]},{\"@type\":\"Person\",\"@id\":\"https:\\\/\\\/juntscontraelcancer.cat\\\/es\\\/#\\\/schema\\\/person\\\/14c85cb9b3aeddea8f9087bea375813f\",\"name\":\"Pukkas\",\"image\":{\"@type\":\"ImageObject\",\"inLanguage\":\"es\",\"@id\":\"https:\\\/\\\/secure.gravatar.com\\\/avatar\\\/7433209641beafe57dbfd32b83f1c28fb7da2f23c98b47d02c7623ce350a0e9f?s=96&d=mm&r=g\",\"url\":\"https:\\\/\\\/secure.gravatar.com\\\/avatar\\\/7433209641beafe57dbfd32b83f1c28fb7da2f23c98b47d02c7623ce350a0e9f?s=96&d=mm&r=g\",\"contentUrl\":\"https:\\\/\\\/secure.gravatar.com\\\/avatar\\\/7433209641beafe57dbfd32b83f1c28fb7da2f23c98b47d02c7623ce350a0e9f?s=96&d=mm&r=g\",\"caption\":\"Pukkas\"},\"sameAs\":[\"https:\\\/\\\/juntscontraelcancer.cat\"]}]}<\/script>\n<!-- \/ Yoast SEO plugin. -->","yoast_head_json":{"title":"4.200 alumnes d'ESO han participat aquest curs en el programa 'No et fumis la Salut' d'Oncolliga Girona - Junts contra el c\u00e0ncer - FECEC","robots":{"index":"index","follow":"follow","max-snippet":"max-snippet:-1","max-image-preview":"max-image-preview:large","max-video-preview":"max-video-preview:-1"},"canonical":"https:\/\/juntscontraelcancer.cat\/es\/4-200-alumnes-deso-han-participat-aquest-curs-en-el-programa-no-et-fumis-la-salut-doncolliga-girona\/","og_locale":"es_ES","og_type":"article","og_title":"4.200 alumnes d'ESO han participat aquest curs en el programa 'No et fumis la Salut' d'Oncolliga Girona - Junts contra el c\u00e0ncer - FECEC","og_description":"La Fundaci\u00f3 Oncolliga Girona va reunit ahir 430 d&#8217;alumnes de Ir d&#8217;ESO a la Sala Simf\u00f2nica de l&#8217;Auditori de Girona per celebrar la cloenda del programa educatiu No et fumis la salut, que pret\u00e9n alertar els joves sobre els riscos que el consum de tabac comporta per a la salut i que aquest curs ha [...]","og_url":"https:\/\/juntscontraelcancer.cat\/es\/4-200-alumnes-deso-han-participat-aquest-curs-en-el-programa-no-et-fumis-la-salut-doncolliga-girona\/","og_site_name":"Junts contra el c\u00e0ncer - FECEC","article_publisher":"https:\/\/www.facebook.com\/fecec.federacio\/","article_published_time":"2017-05-29T22:00:00+00:00","article_modified_time":"2023-06-06T20:57:39+00:00","og_image":[{"width":529,"height":397,"url":"https:\/\/juntscontraelcancer.cat\/wp-content\/uploads\/2023\/04\/image003-6.jpg","type":"image\/jpeg"}],"author":"Pukkas","twitter_card":"summary_large_image","twitter_creator":"@FececFederacio","twitter_site":"@FececFederacio","twitter_misc":{"Escrito por":"Pukkas","Tiempo de lectura":"3 minutos"},"schema":{"@context":"https:\/\/schema.org","@graph":[{"@type":"Article","@id":"https:\/\/juntscontraelcancer.cat\/es\/4-200-alumnes-deso-han-participat-aquest-curs-en-el-programa-no-et-fumis-la-salut-doncolliga-girona\/#article","isPartOf":{"@id":"https:\/\/juntscontraelcancer.cat\/es\/4-200-alumnes-deso-han-participat-aquest-curs-en-el-programa-no-et-fumis-la-salut-doncolliga-girona\/"},"author":{"name":"Pukkas","@id":"https:\/\/juntscontraelcancer.cat\/es\/#\/schema\/person\/14c85cb9b3aeddea8f9087bea375813f"},"headline":"4.200 alumnes d&#8217;ESO han participat aquest curs en el programa &#8216;No et fumis la Salut&#8217; d&#8217;Oncolliga Girona","datePublished":"2017-05-29T22:00:00+00:00","dateModified":"2023-06-06T20:57:39+00:00","mainEntityOfPage":{"@id":"https:\/\/juntscontraelcancer.cat\/es\/4-200-alumnes-deso-han-participat-aquest-curs-en-el-programa-no-et-fumis-la-salut-doncolliga-girona\/"},"wordCount":621,"publisher":{"@id":"https:\/\/juntscontraelcancer.cat\/es\/#organization"},"image":{"@id":"https:\/\/juntscontraelcancer.cat\/es\/4-200-alumnes-deso-han-participat-aquest-curs-en-el-programa-no-et-fumis-la-salut-doncolliga-girona\/#primaryimage"},"thumbnailUrl":"https:\/\/juntscontraelcancer.cat\/wp-content\/uploads\/2023\/04\/image003-6.jpg","articleSection":["Actualitat"],"inLanguage":"es"},{"@type":"WebPage","@id":"https:\/\/juntscontraelcancer.cat\/es\/4-200-alumnes-deso-han-participat-aquest-curs-en-el-programa-no-et-fumis-la-salut-doncolliga-girona\/","url":"https:\/\/juntscontraelcancer.cat\/es\/4-200-alumnes-deso-han-participat-aquest-curs-en-el-programa-no-et-fumis-la-salut-doncolliga-girona\/","name":"4.200 alumnes d'ESO han participat aquest curs en el programa 'No et fumis la Salut' d'Oncolliga Girona - Junts contra el c\u00e0ncer - FECEC","isPartOf":{"@id":"https:\/\/juntscontraelcancer.cat\/es\/#website"},"primaryImageOfPage":{"@id":"https:\/\/juntscontraelcancer.cat\/es\/4-200-alumnes-deso-han-participat-aquest-curs-en-el-programa-no-et-fumis-la-salut-doncolliga-girona\/#primaryimage"},"image":{"@id":"https:\/\/juntscontraelcancer.cat\/es\/4-200-alumnes-deso-han-participat-aquest-curs-en-el-programa-no-et-fumis-la-salut-doncolliga-girona\/#primaryimage"},"thumbnailUrl":"https:\/\/juntscontraelcancer.cat\/wp-content\/uploads\/2023\/04\/image003-6.jpg","datePublished":"2017-05-29T22:00:00+00:00","dateModified":"2023-06-06T20:57:39+00:00","breadcrumb":{"@id":"https:\/\/juntscontraelcancer.cat\/es\/4-200-alumnes-deso-han-participat-aquest-curs-en-el-programa-no-et-fumis-la-salut-doncolliga-girona\/#breadcrumb"},"inLanguage":"es","potentialAction":[{"@type":"ReadAction","target":["https:\/\/juntscontraelcancer.cat\/es\/4-200-alumnes-deso-han-participat-aquest-curs-en-el-programa-no-et-fumis-la-salut-doncolliga-girona\/"]}]},{"@type":"ImageObject","inLanguage":"es","@id":"https:\/\/juntscontraelcancer.cat\/es\/4-200-alumnes-deso-han-participat-aquest-curs-en-el-programa-no-et-fumis-la-salut-doncolliga-girona\/#primaryimage","url":"https:\/\/juntscontraelcancer.cat\/wp-content\/uploads\/2023\/04\/image003-6.jpg","contentUrl":"https:\/\/juntscontraelcancer.cat\/wp-content\/uploads\/2023\/04\/image003-6.jpg","width":529,"height":397},{"@type":"BreadcrumbList","@id":"https:\/\/juntscontraelcancer.cat\/es\/4-200-alumnes-deso-han-participat-aquest-curs-en-el-programa-no-et-fumis-la-salut-doncolliga-girona\/#breadcrumb","itemListElement":[{"@type":"ListItem","position":1,"name":"Inicio","item":"https:\/\/juntscontraelcancer.cat\/es\/"},{"@type":"ListItem","position":2,"name":"4.200 alumnes d&#8217;ESO han participat aquest curs en el programa &#8216;No et fumis la Salut&#8217; d&#8217;Oncolliga Girona"}]},{"@type":"WebSite","@id":"https:\/\/juntscontraelcancer.cat\/es\/#website","url":"https:\/\/juntscontraelcancer.cat\/es\/","name":"Junts contra el c\u00e0ncer - FECEC","description":"","publisher":{"@id":"https:\/\/juntscontraelcancer.cat\/es\/#organization"},"potentialAction":[{"@type":"SearchAction","target":{"@type":"EntryPoint","urlTemplate":"https:\/\/juntscontraelcancer.cat\/es\/?s={search_term_string}"},"query-input":{"@type":"PropertyValueSpecification","valueRequired":true,"valueName":"search_term_string"}}],"inLanguage":"es"},{"@type":"Organization","@id":"https:\/\/juntscontraelcancer.cat\/es\/#organization","name":"Junts contra el c\u00e0ncer - FECEC","url":"https:\/\/juntscontraelcancer.cat\/es\/","logo":{"@type":"ImageObject","inLanguage":"es","@id":"https:\/\/juntscontraelcancer.cat\/es\/#\/schema\/logo\/image\/","url":"https:\/\/juntscontraelcancer.cat\/wp-content\/uploads\/2023\/01\/logo-fecec-header.png","contentUrl":"https:\/\/juntscontraelcancer.cat\/wp-content\/uploads\/2023\/01\/logo-fecec-header.png","width":126,"height":74,"caption":"Junts contra el c\u00e0ncer - FECEC"},"image":{"@id":"https:\/\/juntscontraelcancer.cat\/es\/#\/schema\/logo\/image\/"},"sameAs":["https:\/\/www.facebook.com\/fecec.federacio\/","https:\/\/x.com\/FececFederacio","https:\/\/www.instagram.com\/fececfederacio\/?hl=es","https:\/\/www.youtube.com\/channel\/UCgAC_6c6hmHwMQhSCQyYBdA"]},{"@type":"Person","@id":"https:\/\/juntscontraelcancer.cat\/es\/#\/schema\/person\/14c85cb9b3aeddea8f9087bea375813f","name":"Pukkas","image":{"@type":"ImageObject","inLanguage":"es","@id":"https:\/\/secure.gravatar.com\/avatar\/7433209641beafe57dbfd32b83f1c28fb7da2f23c98b47d02c7623ce350a0e9f?s=96&d=mm&r=g","url":"https:\/\/secure.gravatar.com\/avatar\/7433209641beafe57dbfd32b83f1c28fb7da2f23c98b47d02c7623ce350a0e9f?s=96&d=mm&r=g","contentUrl":"https:\/\/secure.gravatar.com\/avatar\/7433209641beafe57dbfd32b83f1c28fb7da2f23c98b47d02c7623ce350a0e9f?s=96&d=mm&r=g","caption":"Pukkas"},"sameAs":["https:\/\/juntscontraelcancer.cat"]}]}},"_links":{"self":[{"href":"https:\/\/juntscontraelcancer.cat\/es\/wp-json\/wp\/v2\/posts\/14362","targetHints":{"allow":["GET"]}}],"collection":[{"href":"https:\/\/juntscontraelcancer.cat\/es\/wp-json\/wp\/v2\/posts"}],"about":[{"href":"https:\/\/juntscontraelcancer.cat\/es\/wp-json\/wp\/v2\/types\/post"}],"author":[{"embeddable":true,"href":"https:\/\/juntscontraelcancer.cat\/es\/wp-json\/wp\/v2\/users\/1"}],"replies":[{"embeddable":true,"href":"https:\/\/juntscontraelcancer.cat\/es\/wp-json\/wp\/v2\/comments?post=14362"}],"version-history":[{"count":1,"href":"https:\/\/juntscontraelcancer.cat\/es\/wp-json\/wp\/v2\/posts\/14362\/revisions"}],"predecessor-version":[{"id":14364,"href":"https:\/\/juntscontraelcancer.cat\/es\/wp-json\/wp\/v2\/posts\/14362\/revisions\/14364"}],"wp:featuredmedia":[{"embeddable":true,"href":"https:\/\/juntscontraelcancer.cat\/es\/wp-json\/wp\/v2\/media\/14365"}],"wp:attachment":[{"href":"https:\/\/juntscontraelcancer.cat\/es\/wp-json\/wp\/v2\/media?parent=14362"}],"wp:term":[{"taxonomy":"category","embeddable":true,"href":"https:\/\/juntscontraelcancer.cat\/es\/wp-json\/wp\/v2\/categories?post=14362"},{"taxonomy":"post_tag","embeddable":true,"href":"https:\/\/juntscontraelcancer.cat\/es\/wp-json\/wp\/v2\/tags?post=14362"}],"curies":[{"name":"wp","href":"https:\/\/api.w.org\/{rel}","templated":true}]}}